{"id":2441,"date":"2014-04-10T10:01:00","date_gmt":"2014-04-10T08:01:00","guid":{"rendered":"https:\/\/www.luxor.cz\/blog\/nezarazene\/digitalne-neviditelny-alif\/"},"modified":"2023-01-06T16:16:23","modified_gmt":"2023-01-06T15:16:23","slug":"digitalne-neviditelny-alif-474","status":"publish","type":"post","link":"https:\/\/www.luxor.cz\/blog\/recenze\/digitalne-neviditelny-alif-474\/","title":{"rendered":"Digit\u00e1ln\u011b neviditeln\u00fd Alif"},"content":{"rendered":"<\/p>\n<p><span style=\"line-height: 1.45em:\"><\/span><\/p>\n<\/p>\n<p><span style=\"line-height: 1.45em:\">Alif \u2013 t\u0159iadvacetilet\u00fd hacker, \u017eij\u00edc\u00ed v\u00a0chud\u00e9 \u010dvrti  M\u011bsta, kdesi v\u00a0Persk\u00e9m z\u00e1livu, m\u00e1 norm\u00e1ln\u00ed p<\/span><span style=\"line-height: 1.45em:\">robl\u00e9my s\u00a0holkou, kter\u00e9 \u0159e\u0161\u00ed nenorm\u00e1ln\u00edm zp\u016fsobem. Zhrzen  (pon\u011bvad\u017e dostal kopa\u010dky), vymysl\u00ed nov\u00fd program, kter\u00fd ho m\u00e1 n<\/span><span style=\"line-height: 1.45em:\">av\u017edy u\u010dinit neviditeln\u00fdm v\u00a0digit\u00e1ln\u00edm sv\u011bt\u011b, pokud by  se ho jeho bejvalka n\u00e1hodou pokusila kontaktovat.<\/span><\/p>\n<p>Program funguje, ale neboh\u00fd Alif netu\u0161\u00ed, jak pracuje, nav\u00edc s<span style=\"line-height: 1.45em:\">e programu zmocn\u00ed \u0161\u00e9f digit\u00e1ln\u00edch slo\u017eek st\u00e1tn\u00ed bezpe\u010dnosti  zvan\u00fd Bo\u017e\u00ed pa\u0159\u00e1t a pou\u017eije ho proti n\u011bmu a v\u0161em, kter\u00fdm Alif pom\u00e1hal se  skr\u00fdvat. Na \u00fat\u011bku p\u0159ed st\u00e1tn\u00ed bezpe\u010dnost\u00ed v\u00a0zoufalstv\u00ed vyhled\u00e1 p<\/span><span style=\"line-height: 1.45em:\">omoc jist\u00e9ho Vikrama, z\u00a0n\u011bho\u017e se vyklube d\u017ein. Alif nav\u00edc sebou po\u0159\u00e1d vl\u00e1\u010d\u00ed starobylou knihu,  jej\u00ed\u017e v\u00fdznam mi st\u00e1le unik\u00e1, a po kter\u00e9 tou\u017e\u00ed i druh\u00e1 strana.<\/span><\/p>\n<p>Ani on, a v\u0161ichni  d\u017einov\u00e9 (teda ti hodn\u00ed) nedok\u00e1\u017eou Alifa ochr\u00e1nit p\u0159ed Pa\u0159\u00e1tem nav\u017edy a v\u0161e tak s<span style=\"line-height: 1.45em:\">p\u011bje nejen k\u00a0fin\u00e1ln\u00edmu st\u0159etu mezi nimi (nejprve digit\u00e1ln\u00edmu a pot\u00e9 i  fyzick\u00e9mu), ale i cel\u00e9 spole\u010dnosti.<\/span><\/p>\n<p><span style=\"line-height: 1.45em:\">N\u00e1m\u011bt skv\u011bl\u00fd, o tom \u017e\u00e1dn\u00e1, ale p\u0159ijde mi, \u017ee z\u00a0toho \u0161lo  vyt\u011b\u017eit je\u0161t\u011b v\u00edce. Mo\u017en\u00e1 tro\u0161ku p\u0159itvrdit nap\u0159. v p<\/span><span style=\"line-height: 1.45em:\">as\u00e1\u017e\u00edch o obl\u00e9h\u00e1n\u00ed me\u0161ity, Alifov\u011b v\u011bzn\u011bn\u00ed a nakonec velice  amat\u00e9rsk\u00e9m \u00fat\u011bku, p\u0159i kter\u00e9m m\u00edsto abych n<\/span><span style=\"line-height: 1.45em:\">ap\u011bt\u00edm ned\u00fdchal, tak jsem se musel sm\u00e1t. Tak\u00e9 souboj mezi  d\u017einy a jejich druhy p\u0159ikl\u00e1n\u011bj\u00edc\u00edmi se k t<\/span><span style=\"line-height: 1.45em:\">emn\u00e9 stran\u011b mohl a m\u011bl b\u00fdt monument\u00e1ln\u011bj\u0161\u00ed, ale autorka ho sfoukla p\u00e1r z\u00e1blesky a \u0161mouhami na n<\/span><span style=\"line-height: 1.45em:\">ebi. Naopak, a\u010d jsem po\u010d\u00edta\u010dov\u00fd analfabet, tak  program\u00e1torsk\u00fd souboj, p\u0159i kter\u00e9m Alif roztav\u00ed po\u010d\u00edta\u010d jak hrudku m\u00e1sla, jsem si  u\u017eil. Autorka tak\u00e9 obstojn\u011b nast\u00ednila  spole\u010dnost na pokraji revoluce, v<\/span><span style=\"line-height: 1.45em:\">e kter\u00e9 to v\u0159e a sta\u010d\u00ed posledn\u00ed kapka (v tomto p\u0159\u00edpad\u011b  zamezen\u00ed p\u0159\u00edstupu k Facebooku) a lid vyraz\u00ed do ulic. P\u0159i \u010dten\u00ed si nem\u016f\u017eete  nevzpomenout na v\u0161echny ty revoluce, kter\u00e9 se odehr\u00e1li a nebo odehr\u00e1vaj\u00ed n<\/span><span style=\"line-height: 1.45em:\">ejen v\u00a0arabsk\u00e9m sv\u011bt\u011b.<\/span><\/p>\n<p>Celkov\u011b m\u011b kniha \u00fapln\u011b nezvedla ze \u017eidle a netu\u0161\u00edm, co na n\u00ed tak zaujalo  Neila Gaimana.\u00a0<span style=\"line-height: 1.45em:\">Pokud jste v\u0161ak ve sv\u011bt\u011b nul a jedni\u010dek jako doma a arabsk\u00fd  sv\u011bt je v\u00e1m bl\u00edzk\u00fd, bude v\u00e1s bavit mnohem v\u00edc.<\/span><\/p>\n<h2><span style=\"line-height: 1.45em:\">Hodnocen\u00ed: 70 %<\/span><\/h2>\n<p><span style=\"line-height: 1.45em:\">Autor: Luk\u00e1\u0161 Ko\u0159\u00e1n<\/span><\/p>\n","protected":false},"excerpt":{"rendered":"<p>V nejmenovan\u00e9 diktatu\u0159e na Bl\u00edzk\u00e9m v\u00fdchod\u011b chr\u00e1n\u00ed mlad\u00fd arabsko-indick\u00fd hacker sv\u00e9 klienty &#8211; disidenty, islamisty a dal\u0161\u00ed psance &#8211; p\u0159ed zv\u00eddav\u00fdmi zraky policejn\u00edch \u0161mejdil\u016f. Ve sv\u00e9 digit\u00e1ln\u00ed identit\u011b se podepisuje jm\u00e9nem Alif, prvn\u00edm p\u00edsmenem arabsk\u00e9 abecedy.<\/p>\n","protected":false},"author":2,"featured_media":0,"comment_status":"open","ping_status":"open","sticky":false,"template":"","format":"standard","meta":{"_acf_changed":false,"_monsterinsights_skip_tracking":false,"_monsterinsights_sitenote_active":false,"_monsterinsights_sitenote_note":"","_monsterinsights_sitenote_category":0,"_EventAllDay":false,"_EventTimezone":"","_EventStartDate":"","_EventEndDate":"","_EventStartDateUTC":"","_EventEndDateUTC":"","_EventShowMap":false,"_EventShowMapLink":false,"_EventURL":"","_EventCost":"","_EventCostDescription":"","_EventCurrencySymbol":"","_EventCurrencyCode":"","_EventCurrencyPosition":"","_EventDateTimeSeparator":"","_EventTimeRangeSeparator":"","_EventOrganizerID":[],"_EventVenueID":[],"_OrganizerEmail":"","_OrganizerPhone":"","_OrganizerWebsite":"","_VenueAddress":"","_VenueCity":"","_VenueCountry":"","_VenueProvince":"","_VenueState":"","_VenueZip":"","_VenuePhone":"","_VenueURL":"","_VenueStateProvince":"","_VenueLat":"","_VenueLng":"","_VenueShowMap":false,"_VenueShowMapLink":false,"twitterCardType":"","cardImageID":0,"cardImage":"","cardTitle":"","cardDesc":"","cardImageAlt":"","cardPlayer":"","cardPlayerWidth":0,"cardPlayerHeight":0,"cardPlayerStream":"","cardPlayerCodec":"","footnotes":""},"categories":[7],"tags":[],"class_list":["post-2441","post","type-post","status-publish","format-standard","hentry","category-recenze"],"acf":{"related_products":null},"_links":{"self":[{"href":"https:\/\/www.luxor.cz\/blog\/wp-json\/wp\/v2\/posts\/2441","targetHints":{"allow":["GET"]}}],"collection":[{"href":"https:\/\/www.luxor.cz\/blog\/wp-json\/wp\/v2\/posts"}],"about":[{"href":"https:\/\/www.luxor.cz\/blog\/wp-json\/wp\/v2\/types\/post"}],"author":[{"embeddable":true,"href":"https:\/\/www.luxor.cz\/blog\/wp-json\/wp\/v2\/users\/2"}],"replies":[{"embeddable":true,"href":"https:\/\/www.luxor.cz\/blog\/wp-json\/wp\/v2\/comments?post=2441"}],"version-history":[{"count":0,"href":"https:\/\/www.luxor.cz\/blog\/wp-json\/wp\/v2\/posts\/2441\/revisions"}],"wp:attachment":[{"href":"https:\/\/www.luxor.cz\/blog\/wp-json\/wp\/v2\/media?parent=2441"}],"wp:term":[{"taxonomy":"category","embeddable":true,"href":"https:\/\/www.luxor.cz\/blog\/wp-json\/wp\/v2\/categories?post=2441"},{"taxonomy":"post_tag","embeddable":true,"href":"https:\/\/www.luxor.cz\/blog\/wp-json\/wp\/v2\/tags?post=2441"}],"curies":[{"name":"wp","href":"https:\/\/api.w.org\/{rel}","templated":true}]}}