{"id":2398,"date":"2014-03-13T09:23:00","date_gmt":"2014-03-13T08:23:00","guid":{"rendered":"https:\/\/www.luxor.cz\/blog\/nezarazene\/bella-a-sebastian\/"},"modified":"2023-01-06T16:16:32","modified_gmt":"2023-01-06T15:16:32","slug":"bella-a-sebastian-431","status":"publish","type":"post","link":"https:\/\/www.luxor.cz\/blog\/nezarazene\/bella-a-sebastian-431\/","title":{"rendered":"Bella a Sebasti\u00e1n + sout\u011b\u017e o l\u00edstky do kina"},"content":{"rendered":"<\/p>\n<h2><span><\/p>\n<p><\/span><\/h2>\n<h2><span>Kniha<\/span><\/h2>\n<p><span>V hor\u00e1ch pobl\u00ed\u017e francouzsko-italsk\u00e9 hranice vyr\u016fst\u00e1 mal\u00fd Sebasti\u00e1n. Jednoho dne na proch\u00e1zce najde horsk\u00e9ho psa, Bellu, o kter\u00e9 v\u0161ichni tvrd\u00ed, \u017ee je bestie. Chlapec se se psem velmi rychle sp\u0159\u00e1tel\u00ed a spole\u010dn\u011b tr\u00e1v\u00ed sv\u016fj \u010das do doby, ne\u017e do domu jeho adoptivn\u00edho d\u011bde\u010dka doraz\u00ed nezn\u00e1m\u00fd cizinec. Ten m\u00e1 v \u00famyslu propa\u0161ovat p\u0159es hranice z\u00e1silku a Bella mu m\u00e1 poslou\u017eit k tomu, aby ji nepozorovan\u011b p\u0159enesla. Mu\u017e za\u010dne psa tr\u00e9novat, aby byl schopn\u00fd proj\u00edt nebezpe\u010dnou Velkou sout\u011bskou, jenom\u017ee celn\u00edci objev\u00ed stopy pa\u0161er\u00e1k\u016f a za\u010dne se schylovat k velk\u00e9mu nebezpe\u010d\u00ed. <\/span><span style=\"line-height: 1.45em:\"><\/span><\/p>\n<h2>Film<\/h2>\n<p>Film se nat\u00e1\u010del v Savojsk\u00fdch Alp\u00e1ch, a aby re\u017eis\u00e9r co mo\u017en\u00e1 nejv\u00edce dodr\u017eel autenticitu p\u0159\u00edb\u011bhu, nat\u00e1\u010del film chronologicky v pr\u016fb\u011bhu t\u0159\u00ed ro\u010dn\u00edch obdob\u00ed. Krom\u011b d\u016fkladn\u00e9 pr\u00e1ce s exteri\u00e9rem se re\u017eis\u00e9r Nicolas Vanier tak\u00e9 vrhl do nov\u00e9 z\u00e1pletky. Vyu\u017eil divok\u00e9ho prost\u0159ed\u00ed hor a d\u011bj filmu p\u0159enesl do obdob\u00ed 2. sv\u011btov\u00e9 v\u00e1lky. Do tohoto prost\u0159ed\u00ed zasadil nov\u00fd motiv p\u0159\u00edb\u011bhu, ve kter\u00e9m Bella a Sebasti\u00e1n pom\u00e1haj\u00ed \u017did\u016fm prchaj\u00edc\u00edm p\u0159es hory p\u0159ed nacisty do \u0160v\u00fdcarska.<\/p>\n<p>Hlavn\u00ed roli ve filmu hraje F\u00e9lix Bosssuet, kter\u00fd za sebou nem\u00e1 \u017e\u00e1dn\u00e9 filmov\u00e9 zku\u0161enosti, p\u0159esto pro\u0161el castingem, kter\u00e9ho se \u00fa\u010dastnilo okolo 2400 chlapc\u016f. Z tohoto po\u010dtu uchaze\u010d\u016f bylo vybr\u00e1no 200 podle fotografi\u00ed a ti se dostali na kamerov\u00e9 zkou\u0161ky. Pot\u00e9 12 nejvhodn\u011bj\u0161\u00edch kandid\u00e1t\u016f na roli Sebasti\u00e1na vzal re\u017eis\u00e9r na svoji chatu ve Vercors, kde pozoroval d\u011bti, jak vych\u00e1zej\u00ed s jeho ta\u017en\u00fdmi psi, kter\u00e9 chov\u00e1.<\/p>\n<p>Ve filmu se tak\u00e9 objev\u00ed syn spisovatelky C\u00e9cile Aubry, kter\u00e1 napsala kni\u017en\u00ed p\u0159edlohu. Jej\u00ed syn hr\u00e1l hlavn\u00ed roli Sebasti\u00e1na ve stejnojmenn\u00e9m francouzsk\u00e9m televizn\u00edm seri\u00e1lu a do filmov\u00e9ho zpracov\u00e1n\u00ed se vr\u00e1til v roli horala.<\/p>\n<h3>Seri\u00e1lov\u00e1 p\u00edsni\u010dka + fotky ze seri\u00e1lu:<\/h3>\n<p><\/p>\n<p>Re\u017eis\u00e9r a z\u00e1rove\u0148 i filmov\u00fd sc\u00e9narista Nicolas Vanier m\u00e1 zat\u00edm na sv\u00e9m kont\u011b \u00fasp\u011b\u0161n\u00fd film s n\u00e1zvem <i>Vlk<\/i>. Vypr\u00e1v\u00ed p\u0159\u00edb\u011bh o sme\u010dce vlk\u016f, kter\u00e9 se ujal mlad\u00fd Sergej z kmene sibi\u0159sk\u00fdch pastevc\u016f. Brzy zjist\u00ed, \u017ee bude muset vynalo\u017eit nemal\u00e9 \u00fasil\u00ed, aby je ochr\u00e1nil p\u0159ed ostatn\u00edmi lidmi.<\/p>\n<h3>Trailer filmu Bella a Sebasti\u00e1n:<\/h3>\n<p><\/p>\n<p>Zdroj: Bontonfilm<\/p>\n<h2>Sout\u011b\u017e<\/h2>\n<p>Poj\u010fte s n\u00e1mi do kina na film Bella a Sebasti\u00e1n. Zapojte se do na\u0161\u00ed sout\u011b\u017ee a vyhrajte 2 vstupy na exkluzivn\u00ed projekci pro fanou\u0161ky Neoluxoru. Prom\u00edt\u00e1me 18. b\u0159ezna od 19:00 v Cinema City na Flo\u0159e v Praze. Sout\u011b\u017e kon\u010d\u00ed 16. b\u0159ezna, dal\u0161\u00ed den vybereme v\u00fdherce.<\/p>\n","protected":false},"excerpt":{"rendered":"<p>Filmy, ve kter\u00fdch hraj\u00ed hlavn\u00ed roli d\u011bti, maj\u00ed mezi div\u00e1ky \u00fasp\u011bch, pokud je\u0161t\u011b p\u0159id\u00e1te zv\u00ed\u0159e, kasovn\u00ed trh\u00e1k je zaru\u010den. P\u0159\u00edb\u011bh Belly a Sebasti\u00e1na je na tom ale jinak. Tento p\u0159\u00edb\u011bh si z\u00edskal srdce ji\u017e \u010dty\u0159 generac\u00ed a teprve nyn\u00ed se do\u010dkal sv\u00e9ho celove\u010dern\u00edho zpracov\u00e1n\u00ed.<\/p>\n","protected":false},"author":2,"featured_media":0,"comment_status":"open","ping_status":"open","sticky":false,"template":"","format":"standard","meta":{"_acf_changed":false,"_monsterinsights_skip_tracking":false,"_monsterinsights_sitenote_active":false,"_monsterinsights_sitenote_note":"","_monsterinsights_sitenote_category":0,"_EventAllDay":false,"_EventTimezone":"","_EventStartDate":"","_EventEndDate":"","_EventStartDateUTC":"","_EventEndDateUTC":"","_EventShowMap":false,"_EventShowMapLink":false,"_EventURL":"","_EventCost":"","_EventCostDescription":"","_EventCurrencySymbol":"","_EventCurrencyCode":"","_EventCurrencyPosition":"","_EventDateTimeSeparator":"","_EventTimeRangeSeparator":"","_EventOrganizerID":[],"_EventVenueID":[],"_OrganizerEmail":"","_OrganizerPhone":"","_OrganizerWebsite":"","_VenueAddress":"","_VenueCity":"","_VenueCountry":"","_VenueProvince":"","_VenueState":"","_VenueZip":"","_VenuePhone":"","_VenueURL":"","_VenueStateProvince":"","_VenueLat":"","_VenueLng":"","_VenueShowMap":false,"_VenueShowMapLink":false,"twitterCardType":"","cardImageID":0,"cardImage":"","cardTitle":"","cardDesc":"","cardImageAlt":"","cardPlayer":"","cardPlayerWidth":0,"cardPlayerHeight":0,"cardPlayerStream":"","cardPlayerCodec":"","footnotes":""},"categories":[1],"tags":[],"class_list":["post-2398","post","type-post","status-publish","format-standard","hentry","category-nezarazene"],"acf":{"related_products":null},"_links":{"self":[{"href":"https:\/\/www.luxor.cz\/blog\/wp-json\/wp\/v2\/posts\/2398","targetHints":{"allow":["GET"]}}],"collection":[{"href":"https:\/\/www.luxor.cz\/blog\/wp-json\/wp\/v2\/posts"}],"about":[{"href":"https:\/\/www.luxor.cz\/blog\/wp-json\/wp\/v2\/types\/post"}],"author":[{"embeddable":true,"href":"https:\/\/www.luxor.cz\/blog\/wp-json\/wp\/v2\/users\/2"}],"replies":[{"embeddable":true,"href":"https:\/\/www.luxor.cz\/blog\/wp-json\/wp\/v2\/comments?post=2398"}],"version-history":[{"count":0,"href":"https:\/\/www.luxor.cz\/blog\/wp-json\/wp\/v2\/posts\/2398\/revisions"}],"wp:attachment":[{"href":"https:\/\/www.luxor.cz\/blog\/wp-json\/wp\/v2\/media?parent=2398"}],"wp:term":[{"taxonomy":"category","embeddable":true,"href":"https:\/\/www.luxor.cz\/blog\/wp-json\/wp\/v2\/categories?post=2398"},{"taxonomy":"post_tag","embeddable":true,"href":"https:\/\/www.luxor.cz\/blog\/wp-json\/wp\/v2\/tags?post=2398"}],"curies":[{"name":"wp","href":"https:\/\/api.w.org\/{rel}","templated":true}]}}