{"id":2377,"date":"2014-01-14T19:37:00","date_gmt":"2014-01-14T18:37:00","guid":{"rendered":"https:\/\/www.luxor.cz\/blog\/nezarazene\/co-kdyz-se-to-vsechno-vazne-stallo\/"},"modified":"2023-01-06T16:16:56","modified_gmt":"2023-01-06T15:16:56","slug":"co-kdyz-se-to-vsechno-vazne-stallo-408","status":"publish","type":"post","link":"https:\/\/www.luxor.cz\/blog\/recenze\/co-kdyz-se-to-vsechno-vazne-stallo-408\/","title":{"rendered":"Co kdy\u017e se to v\u0161echno v\u00e1\u017en\u011b Stal(l)o?!"},"content":{"rendered":"<\/p>\n<\/p>\n<p>T\u00e9mata, kter\u00e1 si auto\u0159i  vyb\u00edraj\u00ed pro sv\u00e9 rom\u00e1ny, nejsou bezedn\u00e1 studna n\u00e1pad\u016f. P\u0159esto se ob\u010das najde  n\u011bkdo, kdo vyt\u00e1hne p\u0159\u00edb\u011bh tak origin\u00e1ln\u00ed (a tak star\u00fd), \u017ee si a\u017e \u0159\u00edk\u00e1te, jakto\u017ee  to je\u0161t\u011b nikoho nenapadlo? Jedn\u00edm takov\u00fdm je i \u0161v\u00e9dsk\u00fd spisovatel Stefan Spjut.  Ten si pro z\u00e1klad sv\u00e9ho vypr\u00e1v\u011bn\u00ed vybral star\u00e9 legendy o trollech a vystav\u011bl na  nich strhuj\u00edc\u00ed p\u0159\u00edb\u011bh o na\u0161ich ko\u0159enech, v\u00ed\u0159e v (nad)p\u0159irozeno, sepjet\u00ed s  p\u0159\u00edrodou i rodi\u010dovsk\u00e9 l\u00e1sce a zodpov\u011bdnosti. <\/p>\n<p>\u017divot Susso Myr\u00e9nov\u00e9 je  ur\u010dov\u00e1n jak\u00fdmsi prazvl\u00e1\u0161tn\u00edm rodinn\u00fdm d\u011bdictv\u00edm, je\u017e ji doprov\u00e1z\u00ed na ka\u017ed\u00e9m  kroku. P\u00e1tr\u00e1n\u00ed po trollech je sp\u00ed\u0161e posedlost ne\u017e podivn\u00e1 z\u00e1liba. Ale co by to  bylo na t\u00e9 d\u011bde\u010dkov\u011b fotografii, kdy\u017e ne troll? Mo\u017en\u00e1 u\u017e brzy bude moct  prok\u00e1zat, \u017ee hon za mystick\u00fdm tvorem nen\u00ed \u010dir\u00e9 bl\u00e1znovstv\u00ed. Kdy\u017e se j\u00ed ozve  star\u00e1 pan\u00ed, jej\u00edho\u017e \u010dty\u0159let\u00e9ho vnuka pozoroval zvl\u00e1\u0161tn\u00ed \u010dlov\u011bk podobn\u00fd  sk\u0159\u00edtkovi, bez rozm\u00fd\u0161len\u00ed se vyd\u00e1v\u00e1 pro d\u016fkazy. Jenom\u017ee pot\u00e9, co mal\u00fd Mattias  zmiz\u00ed, u\u017e to p\u0159est\u00e1v\u00e1 b\u00fdt<span> jen nez\u00e1vazn\u00e9 dobrodru\u017estv\u00ed.  Susso se se svou matkou a b\u00fdval\u00fdm p\u0159\u00edtelem pou\u0161t\u00ed na velice tenk\u00fd led. Ale  nejsp\u00ed\u0161 je to jedin\u00e1 mo\u017enost, jak naj\u00edt ztracen\u00e9ho chlapce i pravdu o trollech\u2026  <\/span><\/p>\n<p><span><br \/><\/span><\/p>\n<p>Spolu s hlavn\u00edmi hrdiny  se vyd\u00e1v\u00e1me na putov\u00e1n\u00ed skrz naskrz mraziv\u00fdm \u0160v\u00e9dskem, od laponsk\u00e9ho severu po  Stockholm, a setk\u00e1v\u00e1me se s v\u00edce \u010di m\u00e9n\u011b podivn\u00fdmi lidmi, kte\u0159\u00ed maj\u00ed co k  ot\u00e1zce sk\u0159\u00edtk\u016f, troll\u016f i zvl\u00e1\u0161tn\u00edch zv\u00ed\u0159at \u0159\u00edci. A \u017ee autor p\u0159ekvapen\u00edm  ne\u0161et\u0159\u00ed! M\u00edsty jsem se opravdu b\u00e1la (a boj\u00edm se i te\u010f p\u0159i psan\u00ed recenze), m\u00edsty  jsem p\u0159\u00edb\u011bh hltala jedn\u00edm dechem, m\u00edsty jsem se nech\u00e1vala poklidn\u011b prov\u00e1zet  \u00fachvatn\u011b popisovanou \u0161v\u00e9dskou p\u0159\u00edrodou, jej\u00edmi hlubok\u00fdmi lesy, tajemn\u00fdmi jezery  i zasn\u011b\u017een\u00fdmi pl\u00e1n\u011bmi. Bez v\u0161udyp\u0159\u00edtomn\u00e9ho umn\u00e9ho popisu prost\u0159ed\u00ed by kniha  ztratila polovinu ze sv\u00e9 p\u0159ita\u017elivosti i tajemnosti.\u00a0 <\/p>\n<p>Ob\u010das mi to v\u0161echno  p\u0159i\u0161lo <span>naprosto absurdn\u00ed, ale vz\u00e1p\u011bt\u00ed jsem se  neodv\u00e1\u017eila p\u0159\u00edtuln\u00e9 veverce \u010di star\u00e9mu sk\u0159\u00edtkovi zasm\u00e1t, co kdyby se n\u00e1hodou  objevili za m\u00fdm oknem?! Fandila jsem hrdin\u016fm v honb\u011b za pravdou, fandila jsem  pomocn\u00edkovi ztracen\u00e9ho chlapce, fandila jsem i vztahu Susso a Torbj\u00f6rna.\u00a0 <\/span><\/p>\n<p>Ta kniha je tak  specifick\u00e1, tak pohlcuj\u00edc\u00ed, tak dobr\u00e1, \u017ee by byla \u0161koda ji minout. J\u00e1 se k n\u00ed  je\u0161t\u011b mus\u00edm vr\u00e1tit, abych si mohla znovu vychutnat pas\u00e1\u017ee, kter\u00e9 jsem jist\u011b v  divok\u00e9m sledu ud\u00e1lost\u00ed zanedbala, abych se mohla <span>op\u011bt  ocitnoutna v\u0161ech t\u011bch m\u00edstech ve \u0160v\u00e9dsku  a v neposledn\u00ed \u0159ad\u011b, abych se znovu mohla pono\u0159it do sv\u011bta, jen\u017e mo\u017en\u00e1 existuje  jen v lidsk\u00e9 fantazii a pov\u00edda\u010dk\u00e1ch, ale mo\u017en\u00e1 taky nejen v nich&#8230;<\/span><\/p>\n<h2>Hodnocen\u00ed: 100 % <\/h2>\n<p>Autorka:\u00a0Gabriela Manov\u00e1<\/p>\n","protected":false},"excerpt":{"rendered":"<p>Nen\u00ed mnoho knih, je\u017e ve \u010dten\u00e1\u0159i rezonuj\u00ed s takovou intenzitou, knih, kter\u00e9 svou originalitou a t\u00e9matem probud\u00ed z\u00e1jem i u milovn\u00edk\u016f zcela odli\u0161n\u00fdch \u017e\u00e1nr\u016f, a knih, co vyvolaj\u00ed pocity zv\u011bdavosti a strachu tak \u017eiv\u011b, a\u017e \u010dten\u00e1\u0159 pochybuje, jestli je to opravdu jenom kniha. Nebo se to v\u0161echno stalo?!<\/p>\n","protected":false},"author":2,"featured_media":0,"comment_status":"open","ping_status":"open","sticky":false,"template":"","format":"standard","meta":{"_acf_changed":false,"_monsterinsights_skip_tracking":false,"_monsterinsights_sitenote_active":false,"_monsterinsights_sitenote_note":"","_monsterinsights_sitenote_category":0,"_EventAllDay":false,"_EventTimezone":"","_EventStartDate":"","_EventEndDate":"","_EventStartDateUTC":"","_EventEndDateUTC":"","_EventShowMap":false,"_EventShowMapLink":false,"_EventURL":"","_EventCost":"","_EventCostDescription":"","_EventCurrencySymbol":"","_EventCurrencyCode":"","_EventCurrencyPosition":"","_EventDateTimeSeparator":"","_EventTimeRangeSeparator":"","_EventOrganizerID":[],"_EventVenueID":[],"_OrganizerEmail":"","_OrganizerPhone":"","_OrganizerWebsite":"","_VenueAddress":"","_VenueCity":"","_VenueCountry":"","_VenueProvince":"","_VenueState":"","_VenueZip":"","_VenuePhone":"","_VenueURL":"","_VenueStateProvince":"","_VenueLat":"","_VenueLng":"","_VenueShowMap":false,"_VenueShowMapLink":false,"twitterCardType":"","cardImageID":0,"cardImage":"","cardTitle":"","cardDesc":"","cardImageAlt":"","cardPlayer":"","cardPlayerWidth":0,"cardPlayerHeight":0,"cardPlayerStream":"","cardPlayerCodec":"","footnotes":""},"categories":[7],"tags":[],"class_list":["post-2377","post","type-post","status-publish","format-standard","hentry","category-recenze"],"acf":{"related_products":null},"_links":{"self":[{"href":"https:\/\/www.luxor.cz\/blog\/wp-json\/wp\/v2\/posts\/2377","targetHints":{"allow":["GET"]}}],"collection":[{"href":"https:\/\/www.luxor.cz\/blog\/wp-json\/wp\/v2\/posts"}],"about":[{"href":"https:\/\/www.luxor.cz\/blog\/wp-json\/wp\/v2\/types\/post"}],"author":[{"embeddable":true,"href":"https:\/\/www.luxor.cz\/blog\/wp-json\/wp\/v2\/users\/2"}],"replies":[{"embeddable":true,"href":"https:\/\/www.luxor.cz\/blog\/wp-json\/wp\/v2\/comments?post=2377"}],"version-history":[{"count":0,"href":"https:\/\/www.luxor.cz\/blog\/wp-json\/wp\/v2\/posts\/2377\/revisions"}],"wp:attachment":[{"href":"https:\/\/www.luxor.cz\/blog\/wp-json\/wp\/v2\/media?parent=2377"}],"wp:term":[{"taxonomy":"category","embeddable":true,"href":"https:\/\/www.luxor.cz\/blog\/wp-json\/wp\/v2\/categories?post=2377"},{"taxonomy":"post_tag","embeddable":true,"href":"https:\/\/www.luxor.cz\/blog\/wp-json\/wp\/v2\/tags?post=2377"}],"curies":[{"name":"wp","href":"https:\/\/api.w.org\/{rel}","templated":true}]}}