{"id":2376,"date":"2014-01-16T18:40:00","date_gmt":"2014-01-16T17:40:00","guid":{"rendered":"https:\/\/www.luxor.cz\/blog\/nezarazene\/mile-deti-dnes-vam-povim-jak-vznikla-vcerejsi-pohadka\/"},"modified":"2023-01-06T16:16:56","modified_gmt":"2023-01-06T15:16:56","slug":"mile-deti-dnes-vam-povim-jak-vznikla-vcerejsi-pohadka-407","status":"publish","type":"post","link":"https:\/\/www.luxor.cz\/blog\/recenze\/mile-deti-dnes-vam-povim-jak-vznikla-vcerejsi-pohadka-407\/","title":{"rendered":"Mil\u00e9 d\u011bti, dnes v\u00e1m pov\u00edm, jak vznikla v\u010derej\u0161\u00ed poh\u00e1dka"},"content":{"rendered":"<\/p>\n<\/p>\n<p>Po <a href=\"http:\/\/neoluxor.cz\/umeni\/dejiny-krasy--18661\/\" target=\"_blank\" rel=\"noopener\">D\u011bjin\u00e1ch kr\u00e1sy<\/a>  a <a href=\"http:\/\/neoluxor.cz\/umeni\/dejiny-osklivosti--18924\/\" target=\"_blank\" rel=\"noopener\">D\u011bjin\u00e1ch o\u0161klivosti<\/a>  vy\u0161el do t\u0159etice text v\u011bnovan\u00fd legend\u00e1rn\u00edm m\u00edst\u016fm. Jde o t\u00e9ma velmi atraktivn\u00ed, v\u017edy\u0165 a\u0165 u\u017e preferujete v\u00fdtvarn\u00e9 um\u011bn\u00ed, literaturu nebo film, m\u00edsta, v nich\u017e se  jednotliv\u00e9 p\u0159\u00edb\u011bhy odehr\u00e1vaj\u00ed, tvo\u0159\u00ed podstatnou \u010d\u00e1st p\u00e1te\u0159e atraktivity d\u011bl.  Mnohdy si ani neuv\u011bdomujeme d\u016fvod. Je to t\u00edm, \u017ee dan\u00e9 m\u00edsto dob\u0159e zn\u00e1me? Nebo  naopak s realitou naprosto nesouvis\u00ed? Eco si bere na pa\u0161k\u00e1l takov\u00e1, o nich\u017e se  nejeden autor zmi\u0148uje, my s nimi &#8222;\u017eijeme&#8220; a dost mo\u017en\u00e1 u\u017e ani nedok\u00e1\u017eeme  p\u0159esn\u011b rozpoznat, zda jejich zplozen\u00ed m\u00e1 na sv\u011bdom\u00ed \u010dir\u00e1 fikce, nebo se vztahuj\u00ed  k existuj\u00edc\u00edm lokalit\u00e1m.<\/p>\n<p>Eco se st\u00e1v\u00e1 pr\u016fvodcem, zv\u00eddav\u00fdm, jak jinak, dokonce se na  jazyk dere p\u0159irovn\u00e1n\u00ed k detektivovi. A vlastn\u011b pro\u010d ne. Jeho <a href=\"http:\/\/neoluxor.cz\/umeni\/dejiny-legendarnich-zemi-a-mist--199881\/\" target=\"_blank\" rel=\"noopener\">D\u011bjiny legend\u00e1rn\u00edch zem\u00ed a m\u00edst<\/a>  z cel\u00e9 \u0159ady aspekt p\u00e1tr\u00e1n\u00ed obsahuj\u00ed nejv\u00edce. Neust\u00e1l\u00e9 ot\u00e1zky, zpochyb\u0148ov\u00e1n\u00ed,  chvilky rozko\u0161e z rozkl\u00ed\u010dov\u00e1n\u00ed, kter\u00e9 v\u0161ak stejn\u011b na sam\u00e9m konci \u00fast\u00ed v pocit, \u017ee  &#8222;co kdyby to bylo jinak\u2026&#8220;. <\/p>\n<p>I kdy\u017e se nutn\u011b nem\u016f\u017ee autor vyhnout opakov\u00e1n\u00ed v\u00fd\u010dtu r\u016fzn\u00fdch  lokac\u00ed, n\u00e1zv\u016f a dat, nijak citeln\u011b to \u010dten\u00ed textu neretarduje. Bezpochyby v\u0161ak  knihu obohacuj\u00ed i doprovodn\u00e9 obr\u00e1zky, mapy, jimi\u017e proch\u00e1z\u00edme, d\u00edla vhodn\u00e1 pro  porovn\u00e1v\u00e1n\u00ed. A ne, Eco se nev\u00e1\u017ee pouze na dalekou a b\u00e1jnou minulost, hled\u00e1  odpov\u011bdi i na p\u016fvod m\u00edst z rom\u00e1n\u016f na\u0161\u00ed doby (nap\u0159. Dana Browna). <\/p>\n<p><a href=\"http:\/\/neoluxor.cz\/umeni\/dejiny-legendarnich-zemi-a-mist--199881\/\" target=\"_blank\" rel=\"noopener\">D\u011bjiny legend\u00e1rn\u00edch zem\u00ed a m\u00edst<\/a>  maj\u00ed, jak u\u017e to u Eca b\u00fdv\u00e1 zvykem, v sob\u011b i dve\u0159e do dal\u0161\u00edho pozn\u00e1v\u00e1n\u00ed. Ka\u017ed\u00e1 z  kapitol toti\u017e uv\u00e1d\u00ed v\u00fd\u010det zdroj\u016f, kter\u00e9 mohou na\u0161e pozn\u00e1n\u00ed prohloubit (nebo z\u00e1v\u011bry  Eca zrelativizovat?). A i kdy\u017e se st\u00e1le v\u00e1\u017e\u00ed k p\u0159\u00edb\u011bh\u016fm, mohou b\u00fdt m\u00e9n\u011b  atraktivn\u00ed pro ty, kter\u00fdm u\u010ditel zem\u011bpisu d\u00e1val v hodin\u00e1ch \u0161patn\u00e9 zn\u00e1mky s  otazn\u00edkem, jestli jsou \u017e\u00e1ci v\u016fbec schopni se po vlastn\u00edch dostat dom\u016f, ani\u017e by  se ztratili (nehrd\u011b se k takov\u00fdm \u017e\u00e1k\u016fm hl\u00e1s\u00edm). Porovn\u00e1n\u00ed nejnov\u011bj\u0161\u00edho svazku s  p\u0159edchoz\u00edmi tak do zna\u010dn\u00e9 m\u00edry odr\u00e1\u017e\u00ed to, jak moc inklinujete k pot\u0159eb\u011b  cestovat, objevovat nebo si listovat atlasem sv\u011bta. Pro m\u011b osobn\u011b byl z\u00e1\u017eitek z  D\u011bjin  kr\u00e1sy\/o\u0161klivostI  p\u0159eci jen intenzivn\u011bj\u0161\u00ed, z\u00e1v\u011bry se daly toti\u017e de facto v\u00edce zobecnit, zat\u00edmco u  <a href=\"http:\/\/neoluxor.cz\/umeni\/dejiny-legendarnich-zemi-a-mist--199881\/\" target=\"_blank\" rel=\"noopener\">D\u011bjin legend\u00e1rn\u00edch zem\u00ed m\u00edst<\/a>  se zam\u011b\u0159ujete spolu s Ecem na konkr\u00e9tn\u00ed vybran\u00e1 m\u00edsta a nemus\u00ed b\u00fdt nemo\u017en\u00e9, \u017ee  se v\u00e1m \u0159ada z nich nezd\u00e1 b\u00fdt dostate\u010dn\u011b zaj\u00edmav\u00e1.<\/p>\n<h2>Hodnocen\u00ed: 80 %<\/h2>\n<p>Autor: Luk\u00e1\u0161 Gregor<\/p>\n","protected":false},"excerpt":{"rendered":"<p>Um\u011bn\u00ed si r\u00e1do tvo\u0159\u00ed sv\u011bty, kter\u00e9 se tu v\u00edce, tu m\u00e9n\u011b (tu v\u016fbec) vztahuj\u00ed k re\u00e1ln\u00fdm m\u00edst\u016fm. Tomu, jak je to s nejzn\u00e1m\u011bj\u0161\u00edmi lokalitami a p\u0159\u00edb\u011bhy, se rozhodl p\u0159ij\u00edt na kloub Umberto Eco.<\/p>\n","protected":false},"author":2,"featured_media":0,"comment_status":"open","ping_status":"open","sticky":false,"template":"","format":"standard","meta":{"_acf_changed":false,"_monsterinsights_skip_tracking":false,"_monsterinsights_sitenote_active":false,"_monsterinsights_sitenote_note":"","_monsterinsights_sitenote_category":0,"_EventAllDay":false,"_EventTimezone":"","_EventStartDate":"","_EventEndDate":"","_EventStartDateUTC":"","_EventEndDateUTC":"","_EventShowMap":false,"_EventShowMapLink":false,"_EventURL":"","_EventCost":"","_EventCostDescription":"","_EventCurrencySymbol":"","_EventCurrencyCode":"","_EventCurrencyPosition":"","_EventDateTimeSeparator":"","_EventTimeRangeSeparator":"","_EventOrganizerID":[],"_EventVenueID":[],"_OrganizerEmail":"","_OrganizerPhone":"","_OrganizerWebsite":"","_VenueAddress":"","_VenueCity":"","_VenueCountry":"","_VenueProvince":"","_VenueState":"","_VenueZip":"","_VenuePhone":"","_VenueURL":"","_VenueStateProvince":"","_VenueLat":"","_VenueLng":"","_VenueShowMap":false,"_VenueShowMapLink":false,"twitterCardType":"","cardImageID":0,"cardImage":"","cardTitle":"","cardDesc":"","cardImageAlt":"","cardPlayer":"","cardPlayerWidth":0,"cardPlayerHeight":0,"cardPlayerStream":"","cardPlayerCodec":"","footnotes":""},"categories":[7],"tags":[],"class_list":["post-2376","post","type-post","status-publish","format-standard","hentry","category-recenze"],"acf":{"related_products":null},"_links":{"self":[{"href":"https:\/\/www.luxor.cz\/blog\/wp-json\/wp\/v2\/posts\/2376","targetHints":{"allow":["GET"]}}],"collection":[{"href":"https:\/\/www.luxor.cz\/blog\/wp-json\/wp\/v2\/posts"}],"about":[{"href":"https:\/\/www.luxor.cz\/blog\/wp-json\/wp\/v2\/types\/post"}],"author":[{"embeddable":true,"href":"https:\/\/www.luxor.cz\/blog\/wp-json\/wp\/v2\/users\/2"}],"replies":[{"embeddable":true,"href":"https:\/\/www.luxor.cz\/blog\/wp-json\/wp\/v2\/comments?post=2376"}],"version-history":[{"count":0,"href":"https:\/\/www.luxor.cz\/blog\/wp-json\/wp\/v2\/posts\/2376\/revisions"}],"wp:attachment":[{"href":"https:\/\/www.luxor.cz\/blog\/wp-json\/wp\/v2\/media?parent=2376"}],"wp:term":[{"taxonomy":"category","embeddable":true,"href":"https:\/\/www.luxor.cz\/blog\/wp-json\/wp\/v2\/categories?post=2376"},{"taxonomy":"post_tag","embeddable":true,"href":"https:\/\/www.luxor.cz\/blog\/wp-json\/wp\/v2\/tags?post=2376"}],"curies":[{"name":"wp","href":"https:\/\/api.w.org\/{rel}","templated":true}]}}