{"id":237261,"date":"2025-12-01T13:17:15","date_gmt":"2025-12-01T12:17:15","guid":{"rendered":"https:\/\/www.luxor.cz\/blog\/?p=237261"},"modified":"2025-12-09T13:04:53","modified_gmt":"2025-12-09T12:04:53","slug":"vyhlaseni-soutezi-magazin-luxor-6-2025-online-souteze","status":"publish","type":"post","link":"https:\/\/www.luxor.cz\/blog\/magazin-luxor\/vyhlaseni-soutezi-magazin-luxor-6-2025-online-souteze\/","title":{"rendered":"Vyhl\u00e1\u0161en\u00ed sout\u011b\u017e\u00ed: Magaz\u00edn LUXOR 11\/2025, online sout\u011b\u017ee"},"content":{"rendered":"\n<p><strong>Sout\u011b\u017eili jste o skv\u011bl\u00e9 \u010dten\u00ed v Magaz\u00ednu LUXOR, na na\u0161em blogu nebo v aplikaci M\u016fj Luxor? V\u00fdherci byli vyhl\u00e1\u0161eni, pod\u00edvejte se, jestli jste jedn\u00edm z nich!<\/strong><\/p>\n\n\n\n<p><\/p>\n\n\n\n<h2 class=\"wp-block-heading\">Magaz\u00edn LUXOR 11\/2025:<\/h2>\n\n\n\n<p><\/p>\n\n\n\n<h3 class=\"wp-block-heading\"><strong>Knihu Patrika Hartla <em><a href=\"https:\/\/www.luxor.cz\/v\/2130101\/manzelstvi\" data-type=\"link\" data-id=\"https:\/\/www.luxor.cz\/v\/2130101\/manzelstvi\" target=\"_blank\" rel=\"noreferrer noopener\">Man\u017eelstv\u00ed<\/a><\/em> vyhr\u00e1vaj\u00ed:<\/strong><\/h3>\n\n\n\n<p><\/p>\n\n\n\n<p>Anna Tepl\u00e1<br>Karol\u00edna \u010cervenkov\u00e1<br>V\u011bra Mal\u00e1<\/p>\n\n\n\n<p><\/p>\n\n\n\n<h2 class=\"wp-block-heading\">Online sout\u011b\u017ee:<\/h2>\n\n\n\n<p><\/p>\n\n\n\n<h3 class=\"wp-block-heading\"><strong>L\u00edstky do Divadla Na Fidlova\u010dce vyhr\u00e1li:<\/strong><\/h3>\n\n\n\n<p><\/p>\n\n\n\n<p>Ji\u0159\u00ed Mil\u00e1\u010dek<br>Jarmila Koblihov\u00e1<\/p>\n\n\n\n<p><\/p>\n\n\n\n<h3 class=\"wp-block-heading\"><strong>Knihu <em><a href=\"https:\/\/www.luxor.cz\/v\/2115940\/svatebcane\" data-type=\"link\" data-id=\"https:\/\/www.luxor.cz\/v\/2115940\/svatebcane\" target=\"_blank\" rel=\"noreferrer noopener\">Svateb\u010dan\u00e9<\/a><\/em> vyhr\u00e1ly:<\/strong><\/h3>\n\n\n\n<p><\/p>\n\n\n\n<p>Ingrid Paterov\u00e1<br>Karol\u00edna Krake\u0161ov\u00e1<br>Iveta Kub\u016f<\/p>\n\n\n\n<p><\/p>\n\n\n\n<h3 class=\"wp-block-heading\"><strong>L\u00edstky na Jatka78 vyhr\u00e1ly:<\/strong><\/h3>\n\n\n\n<p><\/p>\n\n\n\n<p>Barbora Safrtalov\u00e1<br>Nelly Polansk\u00e1<br>Anna Vaverkov\u00e1<\/p>\n\n\n\n<p><\/p>\n\n\n\n<h3 class=\"wp-block-heading\"><strong>Karty Synergie vyhr\u00e1ly:<\/strong><\/h3>\n\n\n\n<p><\/p>\n\n\n\n<p>Miroslava Lakom\u00e1<br>\u0160\u00e1rka Hol\u00e1\u0148ov\u00e1<br>Denisa Halamov\u00e1<\/p>\n\n\n\n<p><\/p>\n\n\n\n<p>Pokud se na v\u00e1s tentokr\u00e1t \u0161t\u011bst\u00ed neusm\u00e1lo, nezoufejte! Sout\u011b\u017ee pro v\u00e1s chyst\u00e1me i v dal\u0161\u00edch \u010d\u00edslech Magaz\u00ednu LUXOR, v aplikaci M\u016fj Luxor i na blogu.<\/p>\n\n\n\n<p>Ofici\u00e1ln\u00ed pravidla aktu\u00e1ln\u00ed sout\u011b\u017ee, prob\u00edhaj\u00edc\u00ed v Magaz\u00ednu LUXOR, jsou k nahl\u00e9dnut\u00ed\u00a0<a href=\"https:\/\/www.luxor.cz\/blog\/wp-content\/uploads\/UPLNA-PRAVIDLA-SOUTEZE-WELEDA.pdf\" data-type=\"link\" data-id=\"https:\/\/www.luxor.cz\/blog\/wp-content\/uploads\/UPLNA-PRAVIDLA-SOUTEZE-WELEDA.pdf\">zde<\/a>.<\/p>\n\n\n\n<p><br><br><\/p>\n\n\n\n<p><br><br><\/p>\n","protected":false},"excerpt":{"rendered":"<p>Sout\u011b\u017eili jste o skv\u011bl\u00e9 \u010dten\u00ed v Magaz\u00ednu LUXOR, na na\u0161em blogu nebo v aplikaci M\u016fj Luxor? V\u00fdherci byli vyhl\u00e1\u0161eni, pod\u00edvejte se, jestli jste jedn\u00edm z nich! Magaz\u00edn LUXOR 11\/2025: Knihu [&hellip;]<\/p>\n","protected":false},"author":9,"featured_media":17300,"comment_status":"open","ping_status":"open","sticky":false,"template":"","format":"standard","meta":{"_acf_changed":false,"_monsterinsights_skip_tracking":false,"_monsterinsights_sitenote_active":false,"_monsterinsights_sitenote_note":"","_monsterinsights_sitenote_category":0,"_EventAllDay":false,"_EventTimezone":"","_EventStartDate":"","_EventEndDate":"","_EventStartDateUTC":"","_EventEndDateUTC":"","_EventShowMap":false,"_EventShowMapLink":false,"_EventURL":"","_EventCost":"","_EventCostDescription":"","_EventCurrencySymbol":"","_EventCurrencyCode":"","_EventCurrencyPosition":"","_EventDateTimeSeparator":"","_EventTimeRangeSeparator":"","_EventOrganizerID":[],"_EventVenueID":[],"_OrganizerEmail":"","_OrganizerPhone":"","_OrganizerWebsite":"","_VenueAddress":"","_VenueCity":"","_VenueCountry":"","_VenueProvince":"","_VenueState":"","_VenueZip":"","_VenuePhone":"","_VenueURL":"","_VenueStateProvince":"","_VenueLat":"","_VenueLng":"","_VenueShowMap":false,"_VenueShowMapLink":false,"twitterCardType":"","cardImageID":0,"cardImage":"","cardTitle":"","cardDesc":"","cardImageAlt":"","cardPlayer":"","cardPlayerWidth":0,"cardPlayerHeight":0,"cardPlayerStream":"","cardPlayerCodec":"","footnotes":""},"categories":[21655,9],"tags":[21802,21557],"class_list":["post-237261","post","type-post","status-publish","format-standard","has-post-thumbnail","hentry","category-magazin-luxor","category-souteze","tag-magazin-luxor","tag-soutez"],"acf":{"related_products":false},"_links":{"self":[{"href":"https:\/\/www.luxor.cz\/blog\/wp-json\/wp\/v2\/posts\/237261","targetHints":{"allow":["GET"]}}],"collection":[{"href":"https:\/\/www.luxor.cz\/blog\/wp-json\/wp\/v2\/posts"}],"about":[{"href":"https:\/\/www.luxor.cz\/blog\/wp-json\/wp\/v2\/types\/post"}],"author":[{"embeddable":true,"href":"https:\/\/www.luxor.cz\/blog\/wp-json\/wp\/v2\/users\/9"}],"replies":[{"embeddable":true,"href":"https:\/\/www.luxor.cz\/blog\/wp-json\/wp\/v2\/comments?post=237261"}],"version-history":[{"count":7,"href":"https:\/\/www.luxor.cz\/blog\/wp-json\/wp\/v2\/posts\/237261\/revisions"}],"predecessor-version":[{"id":326130,"href":"https:\/\/www.luxor.cz\/blog\/wp-json\/wp\/v2\/posts\/237261\/revisions\/326130"}],"wp:featuredmedia":[{"embeddable":true,"href":"https:\/\/www.luxor.cz\/blog\/wp-json\/wp\/v2\/media\/17300"}],"wp:attachment":[{"href":"https:\/\/www.luxor.cz\/blog\/wp-json\/wp\/v2\/media?parent=237261"}],"wp:term":[{"taxonomy":"category","embeddable":true,"href":"https:\/\/www.luxor.cz\/blog\/wp-json\/wp\/v2\/categories?post=237261"},{"taxonomy":"post_tag","embeddable":true,"href":"https:\/\/www.luxor.cz\/blog\/wp-json\/wp\/v2\/tags?post=237261"}],"curies":[{"name":"wp","href":"https:\/\/api.w.org\/{rel}","templated":true}]}}