{"id":237230,"date":"2025-06-25T15:12:55","date_gmt":"2025-06-25T13:12:55","guid":{"rendered":"https:\/\/www.luxor.cz\/blog\/?p=237230"},"modified":"2025-06-25T15:12:57","modified_gmt":"2025-06-25T13:12:57","slug":"herrmannovic-holka-recenze","status":"publish","type":"post","link":"https:\/\/www.luxor.cz\/blog\/recenze\/herrmannovic-holka-recenze\/","title":{"rendered":"O d\u00edt\u011bti, kter\u00e9 poznalo v\u00e1lku: Recenze knihy Herrmannovic holka"},"content":{"rendered":"\n<p><strong>Smutn\u00e1, p\u0159esto siln\u00e1 a pln\u00e1 emoc\u00ed. Tak bych jednou v\u011btou popsala dojemn\u00fd p\u0159\u00edb\u011bh jedn\u00e9 mal\u00e9 hol\u010di\u010dky, do jej\u00edho\u017e \u017eivota zas\u00e1hne v\u00e1lka. <em>Herrmannovic holka <\/em>otev\u00edr\u00e1 ot\u00e1zky doby, ve kter\u00e9 lid\u00e9 \u017eili, ot\u00e1zky n\u00e1bo\u017eenstv\u00ed i to, jak d\u00edt\u011b vn\u00edm\u00e1 v\u00e1lku. Autorka knihy Kl\u00e1ra Dvo\u0159\u00e1kov\u00e1 vypr\u00e1v\u00ed o d\u011btstv\u00ed sv\u00e9 babi\u010dky Evy Herrmannov\u00e9, a to za pomoci fiktivn\u00edho kr\u00e1l\u00ed\u010dka.<\/strong><\/p>\n\n\n\n<p>P\u0159\u00edb\u011bhem n\u00e1s prov\u00e1d\u00ed ply\u0161ov\u00fd kamar\u00e1d, kter\u00e9ho Evi\u010dka dostala od tety ke sv\u00fdm \u010dtvrt\u00fdm narozenin\u00e1m. Je to pr\u00e1v\u011b on, kdo n\u00e1s seznamuje s&nbsp;Evi\u010dkou a jej\u00ed miluj\u00edc\u00ed rodinou, kter\u00e1 \u017eije v&nbsp;p\u0159edv\u00e1le\u010dn\u00e9 Opav\u011b, v&nbsp;kr\u00e1sn\u00e9 dob\u011b prvn\u00ed republiky. Dozv\u00edd\u00e1me se, \u017ee maminka je zp\u011bva\u010dkou a tat\u00ednek chod\u00ed do synagogy. Jej\u00ed bezstarostn\u00e9 d\u011btstv\u00ed v\u0161ak p\u0159eru\u0161\u00ed v\u00e1lka, p\u0159ed kterou se sna\u017e\u00ed s&nbsp;rodinou ukr\u00fdt. Skute\u010dn\u00fd p\u0159\u00edb\u011bh jedn\u00e9 rodiny o\u010dima mal\u00e9ho d\u00edt\u011bte, to je kniha, kter\u00e1 mi nedala sp\u00e1t. A\u010dkoliv se jedn\u00e1 o d\u011btskou knihu, zanechala ve mn\u011b tak siln\u00fd dojem, \u017ee jsem nad n\u00ed neust\u00e1le musela p\u0159em\u00fd\u0161let.<\/p>\n\n\n\n<p>L\u00edb\u00ed se mi, \u017ee ne v\u0161echna t\u00e9mata t\u00fdkaj\u00edc\u00ed se v\u00e1lky byla podrobn\u011b vysv\u011btlena, sp\u00ed\u0161e nazna\u010dena, proto\u017ee ne ka\u017ed\u00e9 d\u00edt\u011b je hned p\u0159ipraveno nebo dost velk\u00e9 na to, aby krutosti v\u00e1lky pochopilo. Moji \u010dty\u0159letou dceru kniha opravdu zaujala. A jak to pozn\u00e1m? M\u011bla plno ot\u00e1zek, jako nap\u0159\u00edklad: <em>\u201eCo je to v\u00e1lka? Co to znamen\u00e1 b\u00fdt \u017did? Pro\u010d se Evi\u010dce spolu\u017e\u00e1k sm\u00e1l, \u017ee d\u011bde\u010dek chod\u00ed do synagogy?\u201c<\/em> Z\u0159ejm\u011b je\u0161t\u011b nech\u00e1pe krutost v\u00e1lky, p\u0159esto v\u00a0n\u00ed kniha zanechala n\u011bjak\u00e9 emoce. <strong>Bylo j\u00ed Evi\u010dky \u010dasto l\u00edto, a tak i m\u00e1 mal\u00e1 pochopila, \u017ee v\u00e1lka nen\u00ed nic kr\u00e1sn\u00e9ho. <\/strong>Kniha ukazuje, \u017ee na\u0161e historie nen\u00ed zalit\u00e1 jenom sluncem, ale m\u00e1 v\u00a0sob\u011b i smutn\u011bj\u0161\u00ed momenty. \u017divot nen\u00ed v\u017edycky spravedliv\u00fd, a pr\u00e1v\u011b proto je d\u016fle\u017eit\u00e9, aby ho i ti nejmen\u0161\u00ed pozn\u00e1vali pomalu, v bezpe\u010d\u00ed a s n\u011bk\u00fdm, kdo jim pom\u016f\u017ee jej pochopit.<\/p>\n\n\n\n<p><\/p>\n\n\n\n<figure class=\"wp-block-image size-large\"><img fetchpriority=\"high\" decoding=\"async\" width=\"1024\" height=\"683\" src=\"https:\/\/www.luxor.cz\/blog\/wp-content\/uploads\/20250502_Luxor-90-1024x683.jpg\" alt=\"\" class=\"wp-image-237234\" title=\"\" srcset=\"https:\/\/www.luxor.cz\/blog\/wp-content\/uploads\/20250502_Luxor-90-1024x683.jpg 1024w, https:\/\/www.luxor.cz\/blog\/wp-content\/uploads\/20250502_Luxor-90-300x200.jpg 300w, https:\/\/www.luxor.cz\/blog\/wp-content\/uploads\/20250502_Luxor-90-768x512.jpg 768w, https:\/\/www.luxor.cz\/blog\/wp-content\/uploads\/20250502_Luxor-90-1536x1024.jpg 1536w, https:\/\/www.luxor.cz\/blog\/wp-content\/uploads\/20250502_Luxor-90-600x400.jpg 600w, https:\/\/www.luxor.cz\/blog\/wp-content\/uploads\/20250502_Luxor-90-1000x667.jpg 1000w, https:\/\/www.luxor.cz\/blog\/wp-content\/uploads\/20250502_Luxor-90-780x520.jpg 780w, https:\/\/www.luxor.cz\/blog\/wp-content\/uploads\/20250502_Luxor-90.jpg 2048w\" sizes=\"(max-width: 1024px) 100vw, 1024px\" \/><\/figure>\n\n\n\n<p><\/p>\n\n\n\n<p>Ilustrace jsou mil\u00e9 a doslova um\u011bleck\u00fdm d\u00edlem. Nen\u00ed se \u010demu divit, kdy\u017e jejich autorkou je <strong>Linda Markov\u00e1,<\/strong> jej\u00ed\u017e tvorbu u\u017e del\u0161\u00ed dobu sleduji. Ilustrovala u\u017e n\u011bkolik knih, Evi\u010dku ale zachytila tak, \u017ee jsem v\u00a0n\u00ed vid\u011bla skute\u010dnou hol\u010di\u010dku, kter\u00e1 se vyd\u00e1v\u00e1 do nezn\u00e1ma a mus\u00ed \u010delit hladu i odlou\u010den\u00ed od sv\u00fdch bl\u00edzk\u00fdch. M\u00e9 dcery zbo\u017e\u0148uj\u00ed knihy, kter\u00e9 jsou pln\u00e9 ilustrac\u00ed, proto\u017ee i d\u00edky nim mohou l\u00e9pe pochopit d\u011bj p\u0159\u00edb\u011bhu. V\u00a0t\u00e9to knize na n\u00e1s <strong>na ka\u017ed\u00e9 str\u00e1nce \u010dekal velk\u00fd obr\u00e1zek pln\u00fd detail\u016f,<\/strong> kter\u00e9 se t\u00fdkaly doby, ve kter\u00e9 hlavn\u00ed hrdinka \u017eila, jako t\u0159eba i to, \u017ee u Herrmann\u016f doma na zdi visel portr\u00e9t prezidenta Masaryka. I samotn\u00e9 obr\u00e1zky vzbuzuj\u00ed v\u00a0d\u011btech zv\u00eddavost. Cht\u011bj\u00ed v\u011bd\u011bt, pro\u010d je Evi\u010dka smutn\u00e1 a co se j\u00ed pr\u00e1v\u011b v\u00a0\u017eivot\u011b d\u011bje.<\/p>\n\n\n\n<p><\/p>\n\n\n\n<figure class=\"wp-block-image size-large\"><img decoding=\"async\" width=\"1024\" height=\"683\" src=\"https:\/\/www.luxor.cz\/blog\/wp-content\/uploads\/20250502_Luxor-87-1024x683.jpg\" alt=\"\" class=\"wp-image-237233\" title=\"\" srcset=\"https:\/\/www.luxor.cz\/blog\/wp-content\/uploads\/20250502_Luxor-87-1024x683.jpg 1024w, https:\/\/www.luxor.cz\/blog\/wp-content\/uploads\/20250502_Luxor-87-300x200.jpg 300w, https:\/\/www.luxor.cz\/blog\/wp-content\/uploads\/20250502_Luxor-87-768x512.jpg 768w, https:\/\/www.luxor.cz\/blog\/wp-content\/uploads\/20250502_Luxor-87-1536x1024.jpg 1536w, https:\/\/www.luxor.cz\/blog\/wp-content\/uploads\/20250502_Luxor-87-600x400.jpg 600w, https:\/\/www.luxor.cz\/blog\/wp-content\/uploads\/20250502_Luxor-87-1000x667.jpg 1000w, https:\/\/www.luxor.cz\/blog\/wp-content\/uploads\/20250502_Luxor-87-780x520.jpg 780w, https:\/\/www.luxor.cz\/blog\/wp-content\/uploads\/20250502_Luxor-87.jpg 2048w\" sizes=\"(max-width: 1024px) 100vw, 1024px\" \/><\/figure>\n\n\n\n<p><\/p>\n\n\n\n<p>M\u00e1m r\u00e1da knihy, kter\u00e9 maj\u00ed nejen poutav\u00fd p\u0159\u00edb\u011bh, ale jsou i p\u0159\u00edjemn\u00e9 do ruky. A takovou <em><a href=\"https:\/\/www.luxor.cz\/v\/2078170\/herrmannovic-holka\" target=\"_blank\" data-type=\"link\" data-id=\"https:\/\/www.luxor.cz\/v\/2078170\/herrmannovic-holka\" rel=\"noreferrer noopener\">Herrmannovic holka<\/a><\/em> je. Na konci knihy je cel\u00fd \u017eivotopis Evy Herrmannov\u00e9, se kter\u00fdm se m\u016f\u017eou sezn\u00e1mit zv\u011bdav\u00ed rodi\u010de, kter\u00e9 p\u0159\u00edb\u011bh mal\u00e9 Evi\u010dky zaujal a cht\u011bli by se dov\u011bd\u011bt v\u00edc, jako t\u0159eba to, \u017ee skute\u010dn\u00e1 Eva si v\u00a0Terez\u00edn\u011b psala den\u00edk.<\/p>\n\n\n\n<h3 class=\"wp-block-heading\"><strong>Kniha je ur\u010den\u00e1 pro d\u011bti od p\u011bti let, my jsme do n\u00ed ale nahl\u00e9dli o malinko d\u0159\u00edv a v\u016fbec to nevadilo. Fand\u00edm knih\u00e1m, kter\u00e9 maj\u00ed n\u011bjak\u00fd p\u0159esah, jsou pou\u010dn\u00e9, ale p\u0159esto d\u011bti bav\u00ed a bud\u00ed v\u00a0nich zv\u00eddavost, a to <em>Herrmannovic holka<\/em> rozhodn\u011b je.<\/strong><\/h3>\n\n\n\n<p><\/p>\n\n\n\n<div class=\"wp-block-buttons is-content-justification-center is-layout-flex wp-container-core-buttons-is-layout-1 wp-block-buttons-is-layout-flex\">\n<div class=\"wp-block-button\"><a class=\"wp-block-button__link has-white-color has-vivid-cyan-blue-background-color has-text-color has-background has-link-color wp-element-button\" href=\"https:\/\/www.luxor.cz\/v\/2078170\/herrmannovic-holka\" target=\"_blank\" rel=\"noreferrer noopener\">Herrmannovic holka<\/a><\/div>\n<\/div>\n\n\n\n<p><\/p>\n","protected":false},"excerpt":{"rendered":"<p>Smutn\u00e1, p\u0159esto siln\u00e1 a pln\u00e1 emoc\u00ed. Tak bych jednou v\u011btou popsala dojemn\u00fd p\u0159\u00edb\u011bh jedn\u00e9 mal\u00e9 hol\u010di\u010dky, do jej\u00edho\u017e \u017eivota zas\u00e1hne v\u00e1lka. Herrmannovic holka otev\u00edr\u00e1 ot\u00e1zky doby, ve kter\u00e9 lid\u00e9 \u017eili, [&hellip;]<\/p>\n","protected":false},"author":9,"featured_media":237232,"comment_status":"open","ping_status":"closed","sticky":false,"template":"","format":"standard","meta":{"_acf_changed":false,"_monsterinsights_skip_tracking":false,"_monsterinsights_sitenote_active":false,"_monsterinsights_sitenote_note":"","_monsterinsights_sitenote_category":0,"_EventAllDay":false,"_EventTimezone":"","_EventStartDate":"","_EventEndDate":"","_EventStartDateUTC":"","_EventEndDateUTC":"","_EventShowMap":false,"_EventShowMapLink":false,"_EventURL":"","_EventCost":"","_EventCostDescription":"","_EventCurrencySymbol":"","_EventCurrencyCode":"","_EventCurrencyPosition":"","_EventDateTimeSeparator":"","_EventTimeRangeSeparator":"","_EventOrganizerID":[],"_EventVenueID":[],"_OrganizerEmail":"","_OrganizerPhone":"","_OrganizerWebsite":"","_VenueAddress":"","_VenueCity":"","_VenueCountry":"","_VenueProvince":"","_VenueState":"","_VenueZip":"","_VenuePhone":"","_VenueURL":"","_VenueStateProvince":"","_VenueLat":"","_VenueLng":"","_VenueShowMap":false,"_VenueShowMapLink":false,"twitterCardType":"","cardImageID":0,"cardImage":"","cardTitle":"","cardDesc":"","cardImageAlt":"","cardPlayer":"","cardPlayerWidth":0,"cardPlayerHeight":0,"cardPlayerStream":"","cardPlayerCodec":"","footnotes":""},"categories":[7],"tags":[21053,18341,20723],"class_list":["post-237230","post","type-post","status-publish","format-standard","has-post-thumbnail","hentry","category-recenze","tag-detska-literatura","tag-recenze","tag-valka"],"acf":{"related_products":null},"_links":{"self":[{"href":"https:\/\/www.luxor.cz\/blog\/wp-json\/wp\/v2\/posts\/237230","targetHints":{"allow":["GET"]}}],"collection":[{"href":"https:\/\/www.luxor.cz\/blog\/wp-json\/wp\/v2\/posts"}],"about":[{"href":"https:\/\/www.luxor.cz\/blog\/wp-json\/wp\/v2\/types\/post"}],"author":[{"embeddable":true,"href":"https:\/\/www.luxor.cz\/blog\/wp-json\/wp\/v2\/users\/9"}],"replies":[{"embeddable":true,"href":"https:\/\/www.luxor.cz\/blog\/wp-json\/wp\/v2\/comments?post=237230"}],"version-history":[{"count":0,"href":"https:\/\/www.luxor.cz\/blog\/wp-json\/wp\/v2\/posts\/237230\/revisions"}],"wp:featuredmedia":[{"embeddable":true,"href":"https:\/\/www.luxor.cz\/blog\/wp-json\/wp\/v2\/media\/237232"}],"wp:attachment":[{"href":"https:\/\/www.luxor.cz\/blog\/wp-json\/wp\/v2\/media?parent=237230"}],"wp:term":[{"taxonomy":"category","embeddable":true,"href":"https:\/\/www.luxor.cz\/blog\/wp-json\/wp\/v2\/categories?post=237230"},{"taxonomy":"post_tag","embeddable":true,"href":"https:\/\/www.luxor.cz\/blog\/wp-json\/wp\/v2\/tags?post=237230"}],"curies":[{"name":"wp","href":"https:\/\/api.w.org\/{rel}","templated":true}]}}