{"id":2370,"date":"2014-01-25T20:11:00","date_gmt":"2014-01-25T19:11:00","guid":{"rendered":"https:\/\/www.luxor.cz\/blog\/nezarazene\/neni-krimi-jako-krimi\/"},"modified":"2023-01-06T16:16:56","modified_gmt":"2023-01-06T15:16:56","slug":"neni-krimi-jako-krimi-401","status":"publish","type":"post","link":"https:\/\/www.luxor.cz\/blog\/recenze\/neni-krimi-jako-krimi-401\/","title":{"rendered":"Nen\u00ed krimi jako krimi"},"content":{"rendered":"<\/p>\n<p><span><\/p>\n<p><\/span><\/p>\n<p><span>Napsat recenzi na sb\u00edrku pov\u00eddek nen\u00ed nejjednodu\u0161\u0161\u00ed. Je\u0161t\u011b t\u011b\u017e\u0161\u00ed je to p\u0159i pohledu na zvu\u010dn\u00e1 jm\u00e9na, kter\u00e1 stoj\u00ed za mnoh\u00fdmi z nich. Na druhou stranu,\u00a0<a href=\"http:\/\/neoluxor.cz\/beletrie\/svetove-krimipovidky--199095\/\" target=\"_blank\" rel=\"noopener\">Sv\u011btov\u00e9 krimipov\u00eddky<\/a> tvo\u0159\u00ed z velk\u00e9 \u010d\u00e1sti i auto\u0159i, kte\u0159\u00ed v na\u0161ich kon\u010din\u00e1ch tolik zn\u00e1m\u00ed nejsou a p\u0159itom je jejich styl jedine\u010dn\u00fd a zapamatovateln\u00fd. Asi t\u011b\u017eko bych hodnotila ka\u017edou pov\u00eddku zvl\u00e1\u0161\u0165. U\u017e jen proto, \u017ee ka\u017ed\u00e1 je jin\u00e1. Ka\u017ed\u00e1 je postaven\u00e1 na jin\u00e9m pil\u00ed\u0159i, n\u011bkter\u00e9 z nich ani nemaj\u00ed rozuzlen\u00ed, nebo tam nen\u00ed ani vra\u017eda. Ale pr\u00e1v\u011b o to v t\u00e9to objemn\u00e9 knize jde. Uk\u00e1zat, \u017ee ne ka\u017ed\u00fd krimi p\u0159\u00edb\u011bh mus\u00ed nutn\u011b b\u00fdt o vra\u017ed\u011b nevinn\u00e9ho.<\/span><\/p>\n<\/p>\n<p>Vedle sebe se zde postavili takov\u00ed auto\u0159i, jako jsou Jo Nesb\u00f8, Ian Rankin nebo Jeffery Deaver. Z m\u00e9ho pohledu je ale mnohem zaj\u00edmav\u011bj\u0161\u00ed tvorba t\u011bch autor\u016f, jejich\u017e jm\u00e9na jsou pro mnoh\u00e9 \u010desk\u00e9 \u010dten\u00e1\u0159e nezn\u00e1m\u00e1. Na prstech jedn\u00e9 ruky by se pravd\u011bpodobn\u011b dal spo\u010d\u00edtat po\u010det japonsk\u00fdch nebo kub\u00e1nsk\u00fdch autor\u016f, kte\u0159\u00ed u n\u00e1s publikuj\u00ed. A p\u0159itom zrovna jejich p\u0159\u00edb\u011bhy pat\u0159\u00ed k t\u011bm nejzaj\u00edmav\u011bj\u0161\u00edm v tomto d\u00edle. Patrn\u00e1 je p\u0159edev\u0161\u00edm kulturn\u00ed odli\u0161nost i zp\u016fsob vypr\u00e1v\u011bn\u00ed.<\/p>\n<p>Dal\u0161\u00edm pozitivem je zastoupen\u00ed spisovatelek. Je jich sice jen \u0161est, ale i tyto d\u00e1my ukazuj\u00ed, d\u00edky \u010demu se jim povedlo prosadit. Jejich p\u0159\u00edb\u011bhy jsou oproti ostatn\u00edm syrov\u011bj\u0161\u00ed, trouf\u00e1m si \u0159\u00edct, \u017ee v mnoha ohledech odv\u00e1\u017en\u011bj\u0161\u00ed a krut\u011bj\u0161\u00ed. Za v\u0161echny lze jmenovat nizozemskou autorku Carlu Vermaat a jej\u00ed pov\u00eddku <i>Jako blesk z \u010dist\u00e9ho nebe<\/i>.<\/p>\n<p>P\u0159ekvapiv\u011b zaj\u00edmav\u00e9 a hlavn\u011b poveden\u00e9 jsou p\u0159\u00edb\u011bhy evropsk\u00fdch autor\u016f. Rusk\u00fd spisovatel Boris Akunin sv\u016fj krimi p\u0159\u00edb\u011bh zasadil do roku 1882 a sp\u0159\u00e1d\u00e1 v n\u011bm velice zapeklitou z\u00e1hadu zmizen\u00ed a vra\u017edy, Ital Giorgio Faletti zpracoval klasick\u00e9 t\u00e9ma pomsty &#8222;oko za oko&#8220;. \u0160v\u00e9dka Camilla L\u00e4ckbergov\u00e1 propojila dva \u017eivotn\u00ed osudy v p\u0159\u00edb\u011bh, kter\u00fd na deseti stran\u00e1ch ukazuje s\u00edlu lidskosti b\u011bhem oby\u010dejn\u00e9ho mizern\u00e9ho dne.<\/p>\n<p><a href=\"http:\/\/neoluxor.cz\/beletrie\/svetove-krimipovidky--199095\/\" target=\"_blank\" rel=\"noopener\">Sv\u011btov\u00e9 krimipov\u00eddky<\/a> dok\u00e1\u017e\u00ed \u010dten\u00e1\u0159i nab\u00eddnout opravdu hodn\u011b a nenechaj\u00ed ho v klidu usnout. Je to ten typ knihy, u kter\u00e9 si \u0159\u00edk\u00e1te, \u017ee si p\u0159e\u010dtete jednu nebo dv\u011b pov\u00eddky, a pak p\u016fjdete sp\u00e1t. A nakonec se p\u0159istihnete u toho, \u017ee nutn\u011b mus\u00edte p\u0159e\u010d\u00edst je\u0161t\u011b tu dal\u0161\u00ed&#8230; Tak to bylo alespo\u0148 v m\u00e9m p\u0159\u00edpad\u011b. Zhodnotit ka\u017ed\u00fd p\u0159\u00edb\u011bh samostatn\u011b by zabralo n\u011bkolik stran, jako celek to nen\u00ed jednodu\u0161\u0161\u00ed, jen krat\u0161\u00ed. Na ka\u017ed\u00e9ho \u010dten\u00e1\u0159e tam \u010dek\u00e1 p\u0159\u00edb\u011bh, kter\u00fd ho nadchne, p\u0159\u00edb\u011bh, kter\u00fd by m\u011bl m\u00edt pokra\u010dov\u00e1n\u00ed i takov\u00fd, kter\u00fd ho nezaujme. Ale tak u\u017e to je. Ne ka\u017ed\u00fd autor n\u00e1m sv\u00fdm stylem sedne. Nicm\u00e9n\u011b je velk\u00e1 \u0161ance, \u017ee objev\u00edte spisovatele, o kter\u00e9m jste nem\u011bli tu\u0161en\u00ed a jeho\u017e tvorba se v\u00e1m opravdu bude zamlouvat.<\/p>\n<p>J\u00e1 m\u016f\u017eu jen v\u0159ele doporu\u010dit v\u0161em, kte\u0159\u00ed se neboj\u00ed experimentovat a cht\u011bj\u00ed objevit nov\u00e9 autory i z\u00e1hady.<\/p>\n<h2>Hodnocen\u00ed: 80 %<\/h2>\n<p>Autorka: Krist\u00fdna Pek\u00e1rkov\u00e1<\/p>\n<p>Zdroj obr\u00e1zku: CC\u00a0stuhillphotography<\/p>\n","protected":false},"excerpt":{"rendered":"<p>T\u0159icet \u0161est pov\u00eddek. T\u0159icet \u0161est r\u016fzn\u00fdch pohled\u016f na smrt, spravedlnost i odplatu. T\u0159icet \u0161est autor\u016f, kte\u0159\u00ed v\u00e1m nedaj\u00ed sp\u00e1t. A mo\u017en\u00e1 objev\u00edte i nov\u00e9ho favorita.<\/p>\n","protected":false},"author":2,"featured_media":0,"comment_status":"open","ping_status":"open","sticky":false,"template":"","format":"standard","meta":{"_acf_changed":false,"_monsterinsights_skip_tracking":false,"_monsterinsights_sitenote_active":false,"_monsterinsights_sitenote_note":"","_monsterinsights_sitenote_category":0,"_EventAllDay":false,"_EventTimezone":"","_EventStartDate":"","_EventEndDate":"","_EventStartDateUTC":"","_EventEndDateUTC":"","_EventShowMap":false,"_EventShowMapLink":false,"_EventURL":"","_EventCost":"","_EventCostDescription":"","_EventCurrencySymbol":"","_EventCurrencyCode":"","_EventCurrencyPosition":"","_EventDateTimeSeparator":"","_EventTimeRangeSeparator":"","_EventOrganizerID":[],"_EventVenueID":[],"_OrganizerEmail":"","_OrganizerPhone":"","_OrganizerWebsite":"","_VenueAddress":"","_VenueCity":"","_VenueCountry":"","_VenueProvince":"","_VenueState":"","_VenueZip":"","_VenuePhone":"","_VenueURL":"","_VenueStateProvince":"","_VenueLat":"","_VenueLng":"","_VenueShowMap":false,"_VenueShowMapLink":false,"twitterCardType":"","cardImageID":0,"cardImage":"","cardTitle":"","cardDesc":"","cardImageAlt":"","cardPlayer":"","cardPlayerWidth":0,"cardPlayerHeight":0,"cardPlayerStream":"","cardPlayerCodec":"","footnotes":""},"categories":[7],"tags":[],"class_list":["post-2370","post","type-post","status-publish","format-standard","hentry","category-recenze"],"acf":{"related_products":null},"_links":{"self":[{"href":"https:\/\/www.luxor.cz\/blog\/wp-json\/wp\/v2\/posts\/2370","targetHints":{"allow":["GET"]}}],"collection":[{"href":"https:\/\/www.luxor.cz\/blog\/wp-json\/wp\/v2\/posts"}],"about":[{"href":"https:\/\/www.luxor.cz\/blog\/wp-json\/wp\/v2\/types\/post"}],"author":[{"embeddable":true,"href":"https:\/\/www.luxor.cz\/blog\/wp-json\/wp\/v2\/users\/2"}],"replies":[{"embeddable":true,"href":"https:\/\/www.luxor.cz\/blog\/wp-json\/wp\/v2\/comments?post=2370"}],"version-history":[{"count":0,"href":"https:\/\/www.luxor.cz\/blog\/wp-json\/wp\/v2\/posts\/2370\/revisions"}],"wp:attachment":[{"href":"https:\/\/www.luxor.cz\/blog\/wp-json\/wp\/v2\/media?parent=2370"}],"wp:term":[{"taxonomy":"category","embeddable":true,"href":"https:\/\/www.luxor.cz\/blog\/wp-json\/wp\/v2\/categories?post=2370"},{"taxonomy":"post_tag","embeddable":true,"href":"https:\/\/www.luxor.cz\/blog\/wp-json\/wp\/v2\/tags?post=2370"}],"curies":[{"name":"wp","href":"https:\/\/api.w.org\/{rel}","templated":true}]}}