{"id":236129,"date":"2024-10-02T16:31:01","date_gmt":"2024-10-02T14:31:01","guid":{"rendered":"https:\/\/www.luxor.cz\/blog\/?p=236129"},"modified":"2024-10-02T16:31:38","modified_gmt":"2024-10-02T14:31:38","slug":"mila-furstova-dernisaz","status":"publish","type":"post","link":"https:\/\/www.luxor.cz\/blog\/aktuality\/mila-furstova-dernisaz\/","title":{"rendered":"Zveme v\u00e1s na setk\u00e1n\u00ed s M\u00edlou F\u00fcrstovou v Hradci Kr\u00e1lov\u00e9"},"content":{"rendered":"\n<p><strong>Srde\u010dn\u011b v\u00e1s zveme na dernis\u00e1\u017e v\u00fdstavy M\u00edly F\u00fcrstov\u00e9 Taj jemnosti aneb N\u00c1VRATY DOM\u016e. Setk\u00e1n\u00ed s autorkou, kter\u00e1 trvale \u017eije v Anglii, se kon\u00e1 v Muzeu v\u00fdchodn\u00edch \u010cech v Hradci Kr\u00e1lov\u00e9 dne 6. \u0159\u00edjna.<\/strong><\/p>\n\n\n\n<p><\/p>\n\n\n\n<figure class=\"wp-block-image size-large\"><img fetchpriority=\"high\" decoding=\"async\" width=\"1024\" height=\"453\" src=\"https:\/\/www.luxor.cz\/blog\/wp-content\/uploads\/Taj_JEMNOSTI_VYSTAVA-1024x453.jpg\" alt=\"\" class=\"wp-image-236130\" title=\"\" srcset=\"https:\/\/www.luxor.cz\/blog\/wp-content\/uploads\/Taj_JEMNOSTI_VYSTAVA-1024x453.jpg 1024w, https:\/\/www.luxor.cz\/blog\/wp-content\/uploads\/Taj_JEMNOSTI_VYSTAVA-300x133.jpg 300w, https:\/\/www.luxor.cz\/blog\/wp-content\/uploads\/Taj_JEMNOSTI_VYSTAVA-768x340.jpg 768w, https:\/\/www.luxor.cz\/blog\/wp-content\/uploads\/Taj_JEMNOSTI_VYSTAVA-600x265.jpg 600w, https:\/\/www.luxor.cz\/blog\/wp-content\/uploads\/Taj_JEMNOSTI_VYSTAVA-1000x442.jpg 1000w, https:\/\/www.luxor.cz\/blog\/wp-content\/uploads\/Taj_JEMNOSTI_VYSTAVA.jpg 1280w\" sizes=\"(max-width: 1024px) 100vw, 1024px\" \/><\/figure>\n\n\n\n<p><\/p>\n\n\n\n<p><strong>V\u00fdstava poskytuje jedine\u010dnou mo\u017enost pozorovat v\u00fdvoj autor\u010diny tvorby, experimentov\u00e1n\u00ed s nov\u00fdmi technikami<\/strong>, jako je tisk na sklo \u010di plexisklo, kter\u00fd d\u00edl\u016fm prop\u016fj\u010duje a\u017e \u00e9terick\u00fd n\u00e1dech zobrazovan\u00e9 skute\u010dnosti, nebo pro\u0159ez\u00e1v\u00e1n\u00ed grafik, vytv\u00e1\u0159en\u00ed hloubky, a t\u00edm i t\u0159et\u00edho rozm\u011bru obrazu. M\u00edla si r\u00e1da hraje s barevn\u00fdmi variacemi obraz\u016f, jimi\u017e stup\u0148uje nebo zv\u00fdraz\u0148uje dan\u00fd motiv.<\/p>\n\n\n\n<div class=\"wp-block-columns is-layout-flex wp-container-core-columns-is-layout-1 wp-block-columns-is-layout-flex\">\n<div class=\"wp-block-column is-layout-flow wp-block-column-is-layout-flow\" style=\"flex-basis:33.33%\">\n<figure class=\"wp-block-image size-large\"><img decoding=\"async\" width=\"1024\" height=\"997\" src=\"https:\/\/www.luxor.cz\/blog\/wp-content\/uploads\/A_KOREKTURA_MilaBlueWingPurplePair-1024x997.jpg\" alt=\"\" class=\"wp-image-236134\" title=\"\" srcset=\"https:\/\/www.luxor.cz\/blog\/wp-content\/uploads\/A_KOREKTURA_MilaBlueWingPurplePair-1024x997.jpg 1024w, https:\/\/www.luxor.cz\/blog\/wp-content\/uploads\/A_KOREKTURA_MilaBlueWingPurplePair-300x292.jpg 300w, https:\/\/www.luxor.cz\/blog\/wp-content\/uploads\/A_KOREKTURA_MilaBlueWingPurplePair-768x748.jpg 768w, https:\/\/www.luxor.cz\/blog\/wp-content\/uploads\/A_KOREKTURA_MilaBlueWingPurplePair-1536x1495.jpg 1536w, https:\/\/www.luxor.cz\/blog\/wp-content\/uploads\/A_KOREKTURA_MilaBlueWingPurplePair-2048x1994.jpg 2048w, https:\/\/www.luxor.cz\/blog\/wp-content\/uploads\/A_KOREKTURA_MilaBlueWingPurplePair-600x584.jpg 600w, https:\/\/www.luxor.cz\/blog\/wp-content\/uploads\/A_KOREKTURA_MilaBlueWingPurplePair-1000x973.jpg 1000w, https:\/\/www.luxor.cz\/blog\/wp-content\/uploads\/A_KOREKTURA_MilaBlueWingPurplePair-534x520.jpg 534w\" sizes=\"(max-width: 1024px) 100vw, 1024px\" \/><\/figure>\n<\/div>\n\n\n\n<div class=\"wp-block-column is-vertically-aligned-center is-layout-flow wp-block-column-is-layout-flow\" style=\"flex-basis:66.66%\">\n<p>Zastoupena jsou tu d\u00edla jak ze st\u0159edo\u0161kolsk\u00fdch let, tak i z dob, kdy studovala v Lond\u00fdn\u011b nebo u\u010dila na presti\u017en\u00ed \u0161kole v Cheltenhamu.<\/p>\n<\/div>\n<\/div>\n\n\n\n<p>Ka\u017ed\u00fd um\u011blec reflektuje ve sv\u00e9 tvorb\u011b nitern\u00e9 pro\u017eitky, d\u011bn\u00ed ve spole\u010dnosti nebo ve sv\u011bt\u011b. Nejinak je tomu i u M\u00edly, kter\u00e1 velmi \u010dasto pou\u017e\u00edv\u00e1 jednotliv\u00e9 skute\u010dn\u00e9 prvky, je\u017e r\u016fzn\u011b skl\u00e1d\u00e1 do v\u011bt\u0161\u00edch celk\u016f. Drobn\u00fdmi motivy tak vytv\u00e1\u0159\u00ed monument\u00e1ln\u00ed d\u00edla pro grafiku sp\u00ed\u0161e netypick\u00e1. M\u00edla \u010derp\u00e1 inspiraci pro svou tvorbu ze sv\u00e9ho \u017eivota, d\u011btstv\u00ed, mate\u0159stv\u00ed a p\u0159\u00edrody, proto jsou jej\u00ed pr\u00e1ce velmi poetick\u00e9 a osobn\u00ed.<\/p>\n\n\n\n<div class=\"wp-block-columns is-layout-flex wp-container-core-columns-is-layout-2 wp-block-columns-is-layout-flex\">\n<div class=\"wp-block-column is-vertically-aligned-center is-layout-flow wp-block-column-is-layout-flow\" style=\"flex-basis:66.66%\">\n<p><strong>Prodejn\u00ed v\u00fdstava sv\u011btozn\u00e1m\u00e9 a uzn\u00e1van\u00e9 v\u00fdtvarn\u00e9 um\u011blkyn\u011b M\u00edly F\u00fcrstov\u00e9 bude v Muzeu v\u00fdchodn\u00edch \u010cech v Hradci Kr\u00e1lov\u00e9 k vid\u011bn\u00ed a\u017e do 28. \u0159\u00edjna 2024.<\/strong><\/p>\n<\/div>\n\n\n\n<div class=\"wp-block-column is-layout-flow wp-block-column-is-layout-flow\" style=\"flex-basis:33.33%\">\n<figure class=\"wp-block-image size-full\"><img decoding=\"async\" width=\"500\" height=\"502\" src=\"https:\/\/www.luxor.cz\/blog\/wp-content\/uploads\/02_all-the-rivers-i-furstova-1.jpg\" alt=\"\" class=\"wp-image-236132\" title=\"\" srcset=\"https:\/\/www.luxor.cz\/blog\/wp-content\/uploads\/02_all-the-rivers-i-furstova-1.jpg 500w, https:\/\/www.luxor.cz\/blog\/wp-content\/uploads\/02_all-the-rivers-i-furstova-1-300x300.jpg 300w, https:\/\/www.luxor.cz\/blog\/wp-content\/uploads\/02_all-the-rivers-i-furstova-1-150x150.jpg 150w, https:\/\/www.luxor.cz\/blog\/wp-content\/uploads\/02_all-the-rivers-i-furstova-1-100x100.jpg 100w, https:\/\/www.luxor.cz\/blog\/wp-content\/uploads\/02_all-the-rivers-i-furstova-1-120x120.jpg 120w\" sizes=\"(max-width: 500px) 100vw, 500px\" \/><\/figure>\n<\/div>\n<\/div>\n\n\n\n<p><strong>Za \u00fa\u010dasti autorky se s n\u00ed ale m\u016f\u017eete p\u0159ij\u00edt rozlou\u010dit u\u017e 6. \u0159\u00edjna 2024.&nbsp;<a href=\"https:\/\/www.muzeumhk.cz\/program\/kalendar-akci\/1275\/8,10,11,23\/dernisaz-vystavy-taj-jemnosti-aneb-navraty-domu.html\" target=\"_blank\" rel=\"noopener\">V\u00edce informac\u00ed &gt;&gt;<\/a>&nbsp;<br>M\u00e1te doma knihu s ilustracemi od M\u00edly? P\u0159ineste si ji, r\u00e1da v\u00e1m ji podep\u00ed\u0161e.<\/strong><\/p>\n\n\n\n<p><\/p>\n\n\n\n<h2 class=\"wp-block-heading\"><br>PROGRAM<\/h2>\n\n\n\n<p><strong>15:00\u201317:00&nbsp;&nbsp;&nbsp;&nbsp;<br><\/strong>Projekce dokumentu K\u0158\u00cdDLA PRO COLDPLAY v BIO Central za \u00fa\u010dasti M\u00edly F\u00fcrstov\u00e9 a re\u017eis\u00e9ra filmu Petera Hirjaka<br>Vstupn\u00e9 160 K\u010d, vstupenky na www.biocentral.cz<\/p>\n\n\n\n<p><strong>17:30\u201319:15&nbsp;&nbsp;&nbsp;&nbsp;<br><\/strong>Komponovan\u00fd program v Muzeu v\u00fdchodn\u00edch \u010cech v Hradci Kr\u00e1lov\u00e9<br>Prohl\u00eddka v\u00fdstavy a autogrami\u00e1da autorky.<\/p>\n\n\n\n<p><strong>19:30\u201319:45&nbsp;&nbsp;&nbsp;&nbsp;<br><\/strong>Videomapping KRAJINOU SN\u011aN\u00cd<\/p>\n\n\n\n<h4 class=\"wp-block-heading\">M\u00edsto: Historick\u00e1 budova Muzea v\u00fdchodn\u00edch \u010cech v Hradci Kr\u00e1lov\u00e9<br>Eli\u0161\u010dino n\u00e1b\u0159e\u017e\u00ed 465\/7, Hradec Kr\u00e1lov\u00e9<\/h4>\n\n\n\n<p><\/p>\n\n\n\n<div class=\"wp-block-columns is-layout-flex wp-container-core-columns-is-layout-3 wp-block-columns-is-layout-flex\">\n<div class=\"wp-block-column is-vertically-aligned-center is-layout-flow wp-block-column-is-layout-flow\" style=\"flex-basis:50%\">\n<h2 class=\"wp-block-heading\"><strong>M\u00edla F\u00fcrstov\u00e1 (1975)<\/strong><\/h2>\n\n\n\n<p><\/p>\n\n\n\n<p>Narodila se v Pelh\u0159imov\u011b, d\u011btstv\u00ed str\u00e1vila v Hradci Kr\u00e1lov\u00e9. Nyn\u00ed dlouhodob\u011b \u017eije a pracuje ve Velk\u00e9 Brit\u00e1nii. Vystudovala v\u00fdtvarn\u00e9 um\u011bn\u00ed, anglick\u00fd jazyk a psychologii na Pedagogick\u00e9 fakult\u011b Univerzity Karlovy v Praze. Z\u00e1rove\u0148 z\u00edskala bakal\u00e1\u0159sk\u00fd titul v oboru v\u00fdtvarn\u00e1 grafika na University of Gloucestershire, na co\u017e nav\u00e1zala magistersk\u00fdm studiem na Royal College of Art v Lond\u00fdn\u011b. <\/p>\n<\/div>\n\n\n\n<div class=\"wp-block-column is-layout-flow wp-block-column-is-layout-flow\" style=\"flex-basis:50%\">\n<figure class=\"wp-block-image size-large\"><img loading=\"lazy\" decoding=\"async\" width=\"683\" height=\"1024\" src=\"https:\/\/www.luxor.cz\/blog\/wp-content\/uploads\/Mila-Studio-2020-QJEL-08-683x1024.jpg\" alt=\"\" class=\"wp-image-236133\" title=\"\" srcset=\"https:\/\/www.luxor.cz\/blog\/wp-content\/uploads\/Mila-Studio-2020-QJEL-08-683x1024.jpg 683w, https:\/\/www.luxor.cz\/blog\/wp-content\/uploads\/Mila-Studio-2020-QJEL-08-200x300.jpg 200w, https:\/\/www.luxor.cz\/blog\/wp-content\/uploads\/Mila-Studio-2020-QJEL-08-768x1152.jpg 768w, https:\/\/www.luxor.cz\/blog\/wp-content\/uploads\/Mila-Studio-2020-QJEL-08-1024x1536.jpg 1024w, https:\/\/www.luxor.cz\/blog\/wp-content\/uploads\/Mila-Studio-2020-QJEL-08-1365x2048.jpg 1365w, https:\/\/www.luxor.cz\/blog\/wp-content\/uploads\/Mila-Studio-2020-QJEL-08-600x900.jpg 600w, https:\/\/www.luxor.cz\/blog\/wp-content\/uploads\/Mila-Studio-2020-QJEL-08-1000x1500.jpg 1000w, https:\/\/www.luxor.cz\/blog\/wp-content\/uploads\/Mila-Studio-2020-QJEL-08-347x520.jpg 347w, https:\/\/www.luxor.cz\/blog\/wp-content\/uploads\/Mila-Studio-2020-QJEL-08-scaled.jpg 1707w\" sizes=\"(max-width: 683px) 100vw, 683px\" \/><figcaption class=\"wp-element-caption\"><em>Mila in her studio in Cheltenham, 2020. Photo: Quintin Lake<\/em><\/figcaption><\/figure>\n<\/div>\n<\/div>\n\n\n\n<p>V roce 2014 vytvo\u0159ila p\u0159ebal hudebn\u00edho alba Ghost Stories pro anglickou skupinu Coldplay, d\u00edky kter\u00e9mu z\u00edskala jej\u00ed pr\u00e1ce v\u011bt\u0161\u00ed pozornost sb\u011bratel\u016f um\u011bn\u00ed a dostala se do pop\u0159ed\u00ed z\u00e1jmu \u0161irok\u00e9 ve\u0159ejnosti. V posledn\u00edch letech vytvo\u0159ila ilustrace pro Erbenovu Kytici, Babi\u010dku Bo\u017eeny N\u011bmcov\u00e9 a M\u00e1j Karla Hynka M\u00e1chy. Jej\u00ed d\u00edla jsou zastoupena v mnoha ve\u0159ejn\u00fdch i soukrom\u00fdch sb\u00edrk\u00e1ch, v\u010detn\u011b sb\u00edrky kr\u00e1lovny Al\u017eb\u011bty II. S man\u017eelem \u017eije v Cheltenhamu, maj\u00ed syna a dceru.<\/p>\n\n\n\n<p><\/p>\n\n\n\n<h2 class=\"wp-block-heading\">Knihy s ilustracemi <a href=\"https:\/\/www.luxor.cz\/autor\/54887\" target=\"_blank\" data-type=\"link\" data-id=\"https:\/\/www.luxor.cz\/autor\/54887\" rel=\"noreferrer noopener\">M\u00edly F\u00fcrstov\u00e9<\/a>:<\/h2>\n\n\n\n<p><\/p>\n\n\n\n<div class=\"wp-block-columns is-layout-flex wp-container-core-columns-is-layout-4 wp-block-columns-is-layout-flex\">\n<div class=\"wp-block-column is-layout-flow wp-block-column-is-layout-flow\">\n<figure class=\"wp-block-image size-large\"><a href=\"https:\/\/www.luxor.cz\/v\/1689366\/babicka\" target=\"_blank\" rel=\"noreferrer noopener\"><img decoding=\"async\" src=\"https:\/\/img.luxor.cz\/detail_big\/1900\/900\/produkty\/9788020720634.webp?cbk=75989\" alt=\"\" title=\"\"><\/a><\/figure>\n\n\n\n<p><\/p>\n\n\n\n<div class=\"wp-block-buttons is-content-justification-center is-layout-flex wp-container-core-buttons-is-layout-1 wp-block-buttons-is-layout-flex\">\n<div class=\"wp-block-button is-style-fill\"><a class=\"wp-block-button__link has-white-color has-vivid-cyan-blue-background-color has-text-color has-background wp-element-button\" href=\"https:\/\/www.luxor.cz\/v\/1689366\/babicka\">Koupit<\/a><\/div>\n<\/div>\n<\/div>\n\n\n\n<div class=\"wp-block-column is-layout-flow wp-block-column-is-layout-flow\">\n<figure class=\"wp-block-image size-large\"><a href=\"https:\/\/www.luxor.cz\/v\/1472021\/kytice\" target=\"_blank\" rel=\"noreferrer noopener\"><img decoding=\"async\" src=\"https:\/\/img.luxor.cz\/detail_big\/1900\/900\/produkty\/9788020719867.webp?cbk=75989\" alt=\"\" title=\"\"><\/a><\/figure>\n\n\n\n<p><\/p>\n\n\n\n<div class=\"wp-block-buttons is-content-justification-center is-layout-flex wp-container-core-buttons-is-layout-2 wp-block-buttons-is-layout-flex\">\n<div class=\"wp-block-button\"><a class=\"wp-block-button__link has-white-color has-vivid-cyan-blue-background-color has-text-color has-background wp-element-button\" href=\"https:\/\/www.luxor.cz\/v\/1472021\/kytice\" target=\"_blank\" rel=\"noreferrer noopener\">Koupit<\/a><\/div>\n<\/div>\n<\/div>\n\n\n\n<div class=\"wp-block-column is-layout-flow wp-block-column-is-layout-flow\">\n<figure class=\"wp-block-image size-large\"><a href=\"https:\/\/www.luxor.cz\/v\/1961324\/maj\" target=\"_blank\" rel=\"noreferrer noopener\"><img decoding=\"async\" src=\"https:\/\/img.luxor.cz\/detail_big\/1900\/900\/produkty\/9788020721914.webp?cbk=75989\" alt=\"\" title=\"\"><\/a><\/figure>\n\n\n\n<p><\/p>\n\n\n\n<div class=\"wp-block-buttons is-content-justification-center is-layout-flex wp-container-core-buttons-is-layout-3 wp-block-buttons-is-layout-flex\">\n<div class=\"wp-block-button\"><a class=\"wp-block-button__link has-white-color has-vivid-cyan-blue-background-color has-text-color has-background wp-element-button\" href=\"https:\/\/www.luxor.cz\/v\/1961324\/maj\" target=\"_blank\" rel=\"noreferrer noopener\">Koupit<\/a><\/div>\n<\/div>\n<\/div>\n<\/div>\n","protected":false},"excerpt":{"rendered":"<p>Srde\u010dn\u011b v\u00e1s zveme na dernis\u00e1\u017e v\u00fdstavy M\u00edly F\u00fcrstov\u00e9 Taj jemnosti aneb N\u00c1VRATY DOM\u016e. Setk\u00e1n\u00ed s autorkou, kter\u00e1 trvale \u017eije v Anglii, se kon\u00e1 v Muzeu v\u00fdchodn\u00edch \u010cech v Hradci Kr\u00e1lov\u00e9 [&hellip;]<\/p>\n","protected":false},"author":9,"featured_media":236135,"comment_status":"open","ping_status":"open","sticky":false,"template":"","format":"standard","meta":{"_acf_changed":false,"_monsterinsights_skip_tracking":false,"_monsterinsights_sitenote_active":false,"_monsterinsights_sitenote_note":"","_monsterinsights_sitenote_category":0,"_EventAllDay":false,"_EventTimezone":"","_EventStartDate":"","_EventEndDate":"","_EventStartDateUTC":"","_EventEndDateUTC":"","_EventShowMap":false,"_EventShowMapLink":false,"_EventURL":"","_EventCost":"","_EventCostDescription":"","_EventCurrencySymbol":"","_EventCurrencyCode":"","_EventCurrencyPosition":"","_EventDateTimeSeparator":"","_EventTimeRangeSeparator":"","_EventOrganizerID":[],"_EventVenueID":[],"_OrganizerEmail":"","_OrganizerPhone":"","_OrganizerWebsite":"","_VenueAddress":"","_VenueCity":"","_VenueCountry":"","_VenueProvince":"","_VenueState":"","_VenueZip":"","_VenuePhone":"","_VenueURL":"","_VenueStateProvince":"","_VenueLat":"","_VenueLng":"","_VenueShowMap":false,"_VenueShowMapLink":false,"twitterCardType":"","cardImageID":0,"cardImage":"","cardTitle":"","cardDesc":"","cardImageAlt":"","cardPlayer":"","cardPlayerWidth":0,"cardPlayerHeight":0,"cardPlayerStream":"","cardPlayerCodec":"","footnotes":""},"categories":[5],"tags":[],"class_list":["post-236129","post","type-post","status-publish","format-standard","has-post-thumbnail","hentry","category-aktuality"],"acf":{"related_products":null},"_links":{"self":[{"href":"https:\/\/www.luxor.cz\/blog\/wp-json\/wp\/v2\/posts\/236129","targetHints":{"allow":["GET"]}}],"collection":[{"href":"https:\/\/www.luxor.cz\/blog\/wp-json\/wp\/v2\/posts"}],"about":[{"href":"https:\/\/www.luxor.cz\/blog\/wp-json\/wp\/v2\/types\/post"}],"author":[{"embeddable":true,"href":"https:\/\/www.luxor.cz\/blog\/wp-json\/wp\/v2\/users\/9"}],"replies":[{"embeddable":true,"href":"https:\/\/www.luxor.cz\/blog\/wp-json\/wp\/v2\/comments?post=236129"}],"version-history":[{"count":0,"href":"https:\/\/www.luxor.cz\/blog\/wp-json\/wp\/v2\/posts\/236129\/revisions"}],"wp:featuredmedia":[{"embeddable":true,"href":"https:\/\/www.luxor.cz\/blog\/wp-json\/wp\/v2\/media\/236135"}],"wp:attachment":[{"href":"https:\/\/www.luxor.cz\/blog\/wp-json\/wp\/v2\/media?parent=236129"}],"wp:term":[{"taxonomy":"category","embeddable":true,"href":"https:\/\/www.luxor.cz\/blog\/wp-json\/wp\/v2\/categories?post=236129"},{"taxonomy":"post_tag","embeddable":true,"href":"https:\/\/www.luxor.cz\/blog\/wp-json\/wp\/v2\/tags?post=236129"}],"curies":[{"name":"wp","href":"https:\/\/api.w.org\/{rel}","templated":true}]}}