{"id":2360,"date":"2013-12-20T17:04:00","date_gmt":"2013-12-20T16:04:00","guid":{"rendered":"https:\/\/www.luxor.cz\/blog\/nezarazene\/velky-pribeh-mlade-autorky\/"},"modified":"2023-01-06T16:17:07","modified_gmt":"2023-01-06T15:17:07","slug":"velky-pribeh-mlade-autorky-391","status":"publish","type":"post","link":"https:\/\/www.luxor.cz\/blog\/recenze\/velky-pribeh-mlade-autorky-391\/","title":{"rendered":"Velk\u00fd p\u0159\u00edb\u011bh mlad\u00e9 autorky"},"content":{"rendered":"<\/p>\n<p><span><\/p>\n<p><\/span><\/p>\n<p><span>Ley \u017eije v norm\u00e1ln\u00ed adoptivn\u00ed rodin\u011b \u2013 m\u00e1ma Eleanor, t\u00e1ta Thomas, br\u00e1cha Fred a s\u00e9gra Samantha. V\u00edc monot\u00f3nn\u00ed \u017eivot byste asi t\u011b\u017eko hledali. Krom\u011b zvl\u00e1\u0161tn\u00edch sn\u016f ji v\u00edcem\u00e9n\u011b nic netr\u00e1p\u00ed. Ley tou\u017e\u00ed po n\u011bjak\u00e9 zm\u011bn\u011b, netu\u0161\u00ed v\u0161ak, \u017ee p\u0159ijde tak brzo a \u017ee j\u00ed tak razantn\u011b zm\u011bn\u00ed \u017eivot.<\/span><\/p>\n<p>Kdy\u017e se jednou v noci Ley probud\u00ed z dal\u0161\u00edho zvl\u00e1\u0161tn\u00edho snu a jde se nap\u00edt do kuchyn\u011b, vyslechne rozhovor sv\u00e9 rodiny, kter\u00fd by asi sly\u0161et nem\u011bla. D\u00edky tomu se dozv\u00edd\u00e1, \u017ee v\u0161ichni jej\u00ed bl\u00edzc\u00ed jsou mimozem\u0161\u0165an\u00e9, poch\u00e1z\u00ed z Osmi sv\u011bt\u016f, maj\u00ed nadp\u0159irozen\u00e9 vlastnosti, mluv\u00ed jazykem, kter\u00fd je n\u011bco jako latina a sv\u00edt\u00ed jim o\u010di. To jde (na monot\u00f3nn\u00ed \u017eivot), ne?<\/p>\n<p>Po n\u011bjak\u00e9m \u010dase p\u0159ijde dal\u0161\u00ed \u0161ok &#8211; t\u00e1ta p\u0159ivede dom\u016f tajemn\u00e9ho Harryho. Ne\u0159ekne pro\u010d, ne\u0159ekne kdo to je, jen \u017ee bude od te\u010f bydlet u nich. Harry toho o sob\u011b moc neprozrad\u00ed, ale s Ley si padnou do oka a pozd\u011bji se o n\u011bm dozv\u00edd\u00e1 \u00fapln\u011b v\u0161echno. T\u0159eba i to, \u017ee se \u017eivil jako n\u00e1jemn\u00fd vrah. Ley to moc nerozh\u00e1z\u00ed \u2013 to je asi tak, kdy\u017e m\u00e1te bar\u00e1k pln\u00fd mimozem\u0161\u0165an\u016f, zvyknete si na v\u0161echno.<\/p>\n<p>Nezvyknete si ale na to, \u017ee lidi, kter\u00e9 m\u00e1te r\u00e1di, miz\u00ed z va\u0161eho \u017eivota. A u\u017e v\u016fbec ne tak \u0161\u00edlen\u00fdm zp\u016fsobem, jak\u00fdm zmizel Harry. K tomu, aby ho Ley na\u0161la, mus\u00ed podstoupit nem\u00e9n\u011b \u0161\u00edlen\u00fd v\u00fdcvik a st\u00e1t se tajnou agentku. D\u00edky sv\u00e9 nov\u00e9 \u201epr\u00e1ci\u201c se pak dozv\u00edd\u00e1 spoustu v\u011bc\u00ed o sob\u011b, ale i o sv\u00e9 rodin\u011b a p\u0159\u00e1tel\u00edch. Mo\u017en\u00e1 i v\u011bci, kter\u00e9 by rad\u0161i nev\u011bd\u011bla.<\/p>\n<p><\/p>\n<p><a href=\"http:\/\/neoluxor.cz\/detske\/osm-svetu-1-seznameni--200766\/\" target=\"_blank\" rel=\"noopener\">Osm sv\u011bt\u016f<\/a> se \u010detlo skv\u011ble. P\u0159\u00edb\u011bh ut\u00edkal a j\u00e1 se nemohla do\u010dkat, a\u017e dojdu dom\u016f a p\u0159e\u010dtu si dal\u0161\u00ed kus. Rychlost p\u0159\u00edb\u011bhu ze za\u010d\u00e1tku ud\u00e1valy i kapitoly samy, kter\u00e9 m\u011bly t\u0159eba jen 4 strany. Zn\u00e1mou v\u011btu \u201eje\u0161t\u011b jednu kapitolu\u201c jsem si tak \u0159\u00edkala mnohem \u010dast\u011bji.<\/p>\n<\/p>\n<p>Ur\u010dit\u011b v\u0161echny zaj\u00edm\u00e1, jak se t\u0159in\u00e1ctilet\u00e1 autorka poprala s ak\u010dn\u00edm thrillerem. Za sebe mus\u00edm \u0159\u00edct, \u017ee souboj vyhr\u00e1la. P\u0159\u00edb\u011bh d\u00e1v\u00e1 smysl, a i kdy\u017e se setk\u00e1v\u00e1me s v\u00edce vyprav\u011b\u010di, nikdy se mi nestalo, \u017ee bych se ztratila, nev\u011bd\u011bla, kdo mluv\u00ed, nebo co se d\u011bje. Jednotliv\u00e9 p\u0159\u00edb\u011bhy se kr\u00e1sn\u011b dopl\u0148ovaly a propojovaly. Ur\u010dit\u011b se d\u00e1 poznat, \u017ee knihu napsala mlad\u0161\u00ed du\u0161e, podle m\u011b to ale na kvalit\u011b neubralo. M\u00e1m sestru, kter\u00e1 je stejn\u011b star\u00e1 jako Marcela a n\u011bco takov\u00e9ho, s tak slo\u017eit\u00fdm p\u0159\u00edb\u011bhem, by ur\u010dit\u011b napsat nedok\u00e1zala, a proto p\u0159ed mladou autorkou smek\u00e1m.<\/p>\n<p>Knize d\u00e1v\u00e1m 88 %. 10 % strh\u00e1v\u00e1m za to, \u017ee se autorka do p\u0159\u00edb\u011bhu sna\u017eila nesmysln\u011b procpat v\u00e1no\u010dn\u00ed poh\u00e1dku <i>T\u0159i o\u0159\u00ed\u0161ky pro popelku<\/i>, iPhone8 (??) a p\u00e1r dal\u0161\u00edch zakopnut\u00ed. 1 % dol\u016f za ilustrace, kter\u00e9 m\u011b osobn\u011b moc nenadchly a dal\u0161\u00ed 1 % za to, \u017ee je\u0161t\u011b nen\u00ed druh\u00fd d\u00edl, proto\u017ee kniha skon\u010dila dost nap\u00ednav\u011b a za pokra\u010dov\u00e1n\u00ed bych se rozhodn\u011b nezlobila.<\/p>\n<h2>Hodnocen\u00ed: 88 %<\/h2>\n<p>Autorka: Dita Murinov\u00e1<\/p>\n","protected":false},"excerpt":{"rendered":"<p>Kniha Sezn\u00e1men\u00ed je prvn\u00ed knihou trilogie Osm sv\u011bt\u016f t\u0159in\u00e1ctilet\u00e9 autorky Marcely Reme\u0148ov\u00e9. Jde o ak\u010dn\u00ed thriller, ve kter\u00e9m se setk\u00e1v\u00e1me s New Yor\u010dankou Ley Layerovou. Oby\u010dejn\u00e1 holka na za\u010d\u00e1tku knihy \u2013 tajn\u00e1 agentka na konci. Co ji k tomu vedlo?<\/p>\n","protected":false},"author":2,"featured_media":0,"comment_status":"open","ping_status":"open","sticky":false,"template":"","format":"standard","meta":{"_acf_changed":false,"_monsterinsights_skip_tracking":false,"_monsterinsights_sitenote_active":false,"_monsterinsights_sitenote_note":"","_monsterinsights_sitenote_category":0,"_EventAllDay":false,"_EventTimezone":"","_EventStartDate":"","_EventEndDate":"","_EventStartDateUTC":"","_EventEndDateUTC":"","_EventShowMap":false,"_EventShowMapLink":false,"_EventURL":"","_EventCost":"","_EventCostDescription":"","_EventCurrencySymbol":"","_EventCurrencyCode":"","_EventCurrencyPosition":"","_EventDateTimeSeparator":"","_EventTimeRangeSeparator":"","_EventOrganizerID":[],"_EventVenueID":[],"_OrganizerEmail":"","_OrganizerPhone":"","_OrganizerWebsite":"","_VenueAddress":"","_VenueCity":"","_VenueCountry":"","_VenueProvince":"","_VenueState":"","_VenueZip":"","_VenuePhone":"","_VenueURL":"","_VenueStateProvince":"","_VenueLat":"","_VenueLng":"","_VenueShowMap":false,"_VenueShowMapLink":false,"twitterCardType":"","cardImageID":0,"cardImage":"","cardTitle":"","cardDesc":"","cardImageAlt":"","cardPlayer":"","cardPlayerWidth":0,"cardPlayerHeight":0,"cardPlayerStream":"","cardPlayerCodec":"","footnotes":""},"categories":[7],"tags":[],"class_list":["post-2360","post","type-post","status-publish","format-standard","hentry","category-recenze"],"acf":{"related_products":null},"_links":{"self":[{"href":"https:\/\/www.luxor.cz\/blog\/wp-json\/wp\/v2\/posts\/2360","targetHints":{"allow":["GET"]}}],"collection":[{"href":"https:\/\/www.luxor.cz\/blog\/wp-json\/wp\/v2\/posts"}],"about":[{"href":"https:\/\/www.luxor.cz\/blog\/wp-json\/wp\/v2\/types\/post"}],"author":[{"embeddable":true,"href":"https:\/\/www.luxor.cz\/blog\/wp-json\/wp\/v2\/users\/2"}],"replies":[{"embeddable":true,"href":"https:\/\/www.luxor.cz\/blog\/wp-json\/wp\/v2\/comments?post=2360"}],"version-history":[{"count":0,"href":"https:\/\/www.luxor.cz\/blog\/wp-json\/wp\/v2\/posts\/2360\/revisions"}],"wp:attachment":[{"href":"https:\/\/www.luxor.cz\/blog\/wp-json\/wp\/v2\/media?parent=2360"}],"wp:term":[{"taxonomy":"category","embeddable":true,"href":"https:\/\/www.luxor.cz\/blog\/wp-json\/wp\/v2\/categories?post=2360"},{"taxonomy":"post_tag","embeddable":true,"href":"https:\/\/www.luxor.cz\/blog\/wp-json\/wp\/v2\/tags?post=2360"}],"curies":[{"name":"wp","href":"https:\/\/api.w.org\/{rel}","templated":true}]}}