{"id":235637,"date":"2024-06-20T17:37:19","date_gmt":"2024-06-20T15:37:19","guid":{"rendered":"https:\/\/www.luxor.cz\/blog\/?p=235637"},"modified":"2024-06-20T17:37:22","modified_gmt":"2024-06-20T15:37:22","slug":"e-knihy-na-leto","status":"publish","type":"post","link":"https:\/\/www.luxor.cz\/blog\/knizni-zajimavosti\/e-knihy-na-leto\/","title":{"rendered":"Jak si uleh\u010dit balen\u00ed na dovolenou? Vyrazte s\u00a0e-knihou! 7 tip\u016f na letn\u00ed \u010dten\u00ed"},"content":{"rendered":"\n<p><strong>Kolikr\u00e1t jste u\u017e balili na dovolenou a pe\u010dliv\u011b propo\u010d\u00edt\u00e1vali, kolik knih s sebou vz\u00edt, aby v\u00e1m vysta\u010dily do konce pobytu, ale nezabraly p\u016fl kufru? V\u00edme, jak si u\u0161et\u0159it starosti: Dejte tentokr\u00e1t p\u0159ednost <a href=\"https:\/\/www.luxor.cz\/c\/10782\/e-knihy\" target=\"_blank\" data-type=\"link\" data-id=\"https:\/\/www.luxor.cz\/c\/10782\/e-knihy\" rel=\"noreferrer noopener\">e-knih\u00e1m<\/a>! Mnohdy vyjdou levn\u011bji ne\u017e pap\u00edrov\u00e9 knihy, nezat\u00ed\u017e\u00ed zavazadlo a m\u016f\u017eete je \u010d\u00edst kdykoliv a kdekoliv \u2013 na cesty si tak klidn\u011b m\u016f\u017eete zabalit t\u0159eba celou knihovnu. M\u00e1me pro v\u00e1s n\u011bkolik tip\u016f na e-knihy, kter\u00e9 jsou na dovolenou jako d\u011blan\u00e9.<\/strong><\/p>\n\n\n\n<p><\/p>\n\n\n\n<h2 class=\"wp-block-heading\"><a href=\"https:\/\/www.luxor.cz\/v\/2035549\/vsude-sami-lhari\" data-type=\"link\" data-id=\"https:\/\/www.luxor.cz\/v\/2035549\/vsude-sami-lhari\" target=\"_blank\" rel=\"noreferrer noopener\">Shari Lapena \u2013 V\u0161ude sam\u00ed lh\u00e1\u0159i<\/a><\/h2>\n\n\n\n<p><\/p>\n\n\n\n<div class=\"wp-block-columns is-layout-flex wp-container-core-columns-is-layout-1 wp-block-columns-is-layout-flex\">\n<div class=\"wp-block-column is-layout-flow wp-block-column-is-layout-flow\">\n<figure class=\"wp-block-image size-large\"><a href=\"https:\/\/www.luxor.cz\/v\/2035549\/vsude-sami-lhari\" target=\"_blank\" rel=\"noreferrer noopener\"><img decoding=\"async\" src=\"https:\/\/img.luxor.cz\/detail_big\/1900\/900\/produkty\/EB936760.webp?cbk=693936\" alt=\"\" title=\"\"><\/a><\/figure>\n<\/div>\n\n\n\n<div class=\"wp-block-column is-vertically-aligned-center is-layout-flow wp-block-column-is-layout-flow\">\n<p>\u010ctou se jedn\u00edm dechem, a nav\u00edc z\u00a0nich p\u0159\u00edjemn\u011b mraz\u00ed: rodinn\u00e9 psychothrillery <a href=\"https:\/\/www.luxor.cz\/autor\/5090\" data-type=\"link\" data-id=\"https:\/\/www.luxor.cz\/autor\/5090\">Shari Lapeny<\/a>! V\u00a0tom nejnov\u011bj\u0161\u00edm se vyd\u00e1te do m\u011bste\u010dka Stanhope, ze kter\u00e9ho doslova s\u00e1l\u00e1 klid a bezpe\u010d\u00ed.\u00a0<strong>Ov\u0161em jen do doby, ne\u017e se ztrat\u00ed dev\u00edtilet\u00e1 Avery,\u00a0a najednou se uk\u00e1\u017ee, \u017ee se ve spo\u0159\u00e1dan\u00e9m sousedstv\u00ed ned\u00e1 nikomu v\u011b\u0159it\u2026<\/strong><\/p>\n<\/div>\n<\/div>\n\n\n\n<p><\/p>\n\n\n\n<h2 class=\"wp-block-heading\"><a href=\"https:\/\/www.luxor.cz\/v\/2022807\/cernocerne-srdce\" target=\"_blank\" data-type=\"link\" data-id=\"https:\/\/www.luxor.cz\/v\/2022807\/cernocerne-srdce\" rel=\"noreferrer noopener\">Robert Galbraith \u2013 \u010cerno\u010dern\u00e9 srdce<\/a><\/h2>\n\n\n\n<p><\/p>\n\n\n\n<div class=\"wp-block-columns is-layout-flex wp-container-core-columns-is-layout-2 wp-block-columns-is-layout-flex\">\n<div class=\"wp-block-column is-vertically-aligned-center is-layout-flow wp-block-column-is-layout-flow\">\n<p>Je pro v\u00e1s dovolen\u00e1 jedin\u00e1 p\u0159\u00edle\u017eitost, kdy m\u00e1te \u010das a energii na po\u0159\u00e1dnou bichli? <strong>Detektivn\u00ed rom\u00e1n <em><a href=\"https:\/\/www.luxor.cz\/v\/2022807\/cernocerne-srdce\" target=\"_blank\" data-type=\"link\" data-id=\"https:\/\/www.luxor.cz\/v\/2022807\/cernocerne-srdce\" rel=\"noreferrer noopener\">\u010cerno\u010dern\u00e9 srdce<\/a><\/em> o neuv\u011b\u0159iteln\u00fdch 1152 str\u00e1nk\u00e1ch nen\u00ed pr\u00e1v\u011b \u010dten\u00ed do kabelky \u2013 p\u0159ibalte si ho rad\u011bji jako e-knihu!<\/strong> Do kancel\u00e1\u0159e vy\u0161et\u0159ovatel\u016f vtrhne rozru\u0161en\u00e1 \u017eena \u2013 spoluautorka seri\u00e1lu \u010cerno\u010dern\u00e9 srdce, kterou pron\u00e1sleduje \u010dlov\u011bk z internetu.\u00a0Detektiv usoud\u00ed, \u017ee j\u00ed nemaj\u00ed jak pomoci, a p\u0159\u00edpad pust\u00ed z hlavy. Potom je ale mlad\u00e1 \u017eena zavra\u017ed\u011bna, a to p\u0159\u00edmo na h\u0159bitov\u011b, kde se jej\u00ed seri\u00e1l odehr\u00e1v\u00e1.<\/p>\n<\/div>\n\n\n\n<div class=\"wp-block-column is-layout-flow wp-block-column-is-layout-flow\">\n<figure class=\"wp-block-image size-large\"><a href=\"https:\/\/www.luxor.cz\/v\/2022807\/cernocerne-srdce\" target=\"_blank\" rel=\"noreferrer noopener\"><img decoding=\"async\" src=\"https:\/\/img.luxor.cz\/detail_big\/1900\/900\/produkty\/EB925815.webp?cbk=693936\" alt=\"\" title=\"\"><\/a><\/figure>\n<\/div>\n<\/div>\n\n\n\n<p><\/p>\n\n\n\n<h2 class=\"wp-block-heading\"><a href=\"https:\/\/www.luxor.cz\/v\/2039762\/pohodova-produktivita\" target=\"_blank\" data-type=\"link\" data-id=\"https:\/\/www.luxor.cz\/v\/2039762\/pohodova-produktivita\" rel=\"noreferrer noopener\">Ali Abdaal \u2013 Pohodov\u00e1 produktivita<\/a><\/h2>\n\n\n\n<p><\/p>\n\n\n\n<div class=\"wp-block-columns is-layout-flex wp-container-core-columns-is-layout-3 wp-block-columns-is-layout-flex\">\n<div class=\"wp-block-column is-layout-flow wp-block-column-is-layout-flow\">\n<figure class=\"wp-block-image size-large\"><a href=\"https:\/\/www.luxor.cz\/v\/2039762\/pohodova-produktivita\" target=\"_blank\" rel=\"noreferrer noopener\"><img decoding=\"async\" src=\"https:\/\/img.luxor.cz\/detail_big\/1900\/900\/produkty\/EB940985.webp?cbk=693936\" alt=\"\" title=\"\"><\/a><\/figure>\n<\/div>\n\n\n\n<div class=\"wp-block-column is-vertically-aligned-center is-layout-flow wp-block-column-is-layout-flow\">\n<p>Pokud si nem\u016f\u017eete pomoci a pova\u017eujete odpo\u010dinek na pl\u00e1\u017ei za zoufale neproduktivn\u00ed \u010das, vyu\u017eijte ho k\u00a0seberozvoji! S\u00a0<a href=\"https:\/\/www.luxor.cz\/v\/2039762\/pohodova-produktivita\" data-type=\"link\" data-id=\"https:\/\/www.luxor.cz\/v\/2039762\/pohodova-produktivita\"><em>Pohodovou produktivitou<\/em><\/a> pozn\u00e1te jednoduch\u00e9 principy a\u00a0snadno realizovateln\u00e9 zm\u011bny, kter\u00e9 m\u016f\u017eete aplikovat, abyste dos\u00e1hli v\u00edce a \u017eili l\u00e9pe.<strong>\u00a0Kniha odhaluje, \u017ee kl\u00ed\u010dem k produktivit\u011b p\u0159ekvapiv\u011b nen\u00ed discipl\u00edna, ale radost!<\/strong><\/p>\n<\/div>\n<\/div>\n\n\n\n<p><\/p>\n\n\n\n<h2 class=\"wp-block-heading\"><a href=\"https:\/\/www.luxor.cz\/v\/2042548\/americky-milostny-experiment\" data-type=\"link\" data-id=\"https:\/\/www.luxor.cz\/v\/2042548\/americky-milostny-experiment\">Elena Armas \u2013 Americk\u00fd milostn\u00fd experiment<\/a><\/h2>\n\n\n\n<p><\/p>\n\n\n\n<div class=\"wp-block-columns is-layout-flex wp-container-core-columns-is-layout-4 wp-block-columns-is-layout-flex\">\n<div class=\"wp-block-column is-vertically-aligned-center is-layout-flow wp-block-column-is-layout-flow\">\n<p>Pokud v\u00e1s loni na dovolen\u00e9 doprov\u00e1zela <a href=\"https:\/\/www.luxor.cz\/v\/1979622\/laska-po-spanelsku\" data-type=\"link\" data-id=\"https:\/\/www.luxor.cz\/v\/1979622\/laska-po-spanelsku\"><em>L\u00e1ska po \u0161pan\u011blsku<\/em><\/a>, ani letos v\u00e1s jej\u00ed autorka <a href=\"https:\/\/www.luxor.cz\/vysledky-vyhledavani?q=Elena%20Armas\" data-type=\"link\" data-id=\"https:\/\/www.luxor.cz\/vysledky-vyhledavani?q=Elena%20Armas\">Elena Armas<\/a> nenech\u00e1 ve \u0161tychu a p\u0159ich\u00e1z\u00ed s\u00a0dal\u0161\u00edm hrav\u00fdm romcomem! Na za\u010d\u00ednaj\u00edc\u00ed spisovatelku Rosie se lep\u00ed sm\u016fla \u2013 m\u00e1 tv\u016fr\u010d\u00ed krizi, a nav\u00edc se j\u00ed v byt\u011b z\u0159\u00edtil strop. <strong>Na\u0161t\u011bst\u00ed m\u00e1 n\u00e1hradn\u00ed kl\u00ed\u010d k loftu sv\u00e9 nejlep\u0161\u00ed kamar\u00e1dky, to v\u0161ak v\u016fbec netu\u0161\u00ed, \u017ee jej\u00ed \u00fato\u010di\u0161t\u011b u\u017e zabral n\u011bkdo jin\u00fd. Lucas. Linin (naprosto neodolateln\u00fd) bratranec. <\/strong>Proch\u00e1z\u00ed se po byt\u011b jen v ru\u010dn\u00edku, po\u0165ouchle se usm\u00edv\u00e1, m\u00e1 sexy p\u0159\u00edzvuk, va\u0159\u00ed a m\u00e1 zaj\u00edmav\u00e9 n\u00e1pady\u2026<\/p>\n<\/div>\n\n\n\n<div class=\"wp-block-column is-layout-flow wp-block-column-is-layout-flow\">\n<figure class=\"wp-block-image size-large\"><a href=\"https:\/\/www.luxor.cz\/v\/2042548\/americky-milostny-experiment\" target=\"_blank\" rel=\"noreferrer noopener\"><img decoding=\"async\" src=\"https:\/\/img.luxor.cz\/detail_big\/1900\/900\/produkty\/EB945087.webp?cbk=693936\" alt=\"\" title=\"\"><\/a><\/figure>\n<\/div>\n<\/div>\n\n\n\n<p><\/p>\n\n\n\n<h2 class=\"wp-block-heading\"><a href=\"https:\/\/www.luxor.cz\/v\/2035784\/na-lede\" target=\"_blank\" data-type=\"link\" data-id=\"https:\/\/www.luxor.cz\/v\/2035784\/na-lede\" rel=\"noreferrer noopener\">Hannah Grace \u2013 Na led\u011b<\/a><\/h2>\n\n\n\n<p><\/p>\n\n\n\n<div class=\"wp-block-columns is-layout-flex wp-container-core-columns-is-layout-5 wp-block-columns-is-layout-flex\">\n<div class=\"wp-block-column is-layout-flow wp-block-column-is-layout-flow\">\n<figure class=\"wp-block-image size-large\"><a href=\"https:\/\/www.luxor.cz\/v\/2035784\/na-lede\" target=\"_blank\" rel=\"noreferrer noopener\"><img decoding=\"async\" src=\"https:\/\/img.luxor.cz\/detail_big\/1900\/900\/produkty\/EB937226.webp?cbk=693936\" alt=\"\" title=\"\"><\/a><\/figure>\n<\/div>\n\n\n\n<div class=\"wp-block-column is-vertically-aligned-center is-layout-flow wp-block-column-is-layout-flow\">\n<p>Opojn\u00e1 romance <em><a href=\"https:\/\/www.luxor.cz\/v\/2035784\/na-lede\" data-type=\"link\" data-id=\"https:\/\/www.luxor.cz\/v\/2035784\/na-lede\" target=\"_blank\" rel=\"noreferrer noopener\">Na led\u011b<\/a><\/em> v\u00e1s v\u00a0tropick\u00fdch teplot\u00e1ch p\u0159\u00edli\u0161 neochlad\u00ed \u2013 na ledov\u00e9 plo\u0161e toti\u017e bude p\u011bkn\u011b \u017ehavo! <strong>Sv\u011btov\u00e1 TikTokov\u00e1 senzace pln\u00e1 vzru\u0161uj\u00edc\u00ed chemie a \u017ehav\u00e9ho \u0161k\u00e1dlen\u00ed, ve kter\u00e9 rivalita mezi krasobrusla\u0159kou a hokejistou p\u0159eroste v n\u011bco mnohem v\u00edc, <\/strong>je dokonalou \u010dtivou oddechovkou na pr\u00e1zdniny.<\/p>\n<\/div>\n<\/div>\n\n\n\n<p><\/p>\n\n\n\n<h2 class=\"wp-block-heading\"><a href=\"https:\/\/www.luxor.cz\/v\/1998301\/prisne-tajny-spolek-sveraznych-carodejek\" target=\"_blank\" data-type=\"link\" data-id=\"https:\/\/www.luxor.cz\/v\/1998301\/prisne-tajny-spolek-sveraznych-carodejek\" rel=\"noreferrer noopener\">Sangu Mandanna \u2013 P\u0159\u00edsn\u011b tajn\u00fd spolek sv\u00e9r\u00e1zn\u00fdch \u010darod\u011bjek<\/a><\/h2>\n\n\n\n<p><\/p>\n\n\n\n<div class=\"wp-block-columns is-layout-flex wp-container-core-columns-is-layout-6 wp-block-columns-is-layout-flex\">\n<div class=\"wp-block-column is-vertically-aligned-center is-layout-flow wp-block-column-is-layout-flow\">\n<p>H\u0159ejiv\u00e1 fantasy je p\u0159esn\u011b to, co va\u0161e mysl pot\u0159ebuje, aby se p\u0159epnula do dovolenkov\u00e9ho m\u00f3du! Spole\u010denstv\u00ed \u010darod\u011bjek hroz\u00ed prozrazen\u00ed \u2013 za p\u00e1r t\u00fddn\u016f m\u00e1 dorazit pr\u00e1vn\u00edk, na jeho\u017e rozhodnut\u00ed z\u00e1vis\u00ed osudy v\u0161ech v dom\u011b. A jasn\u011b, rozhodn\u011b v \u010darod\u011bjky nev\u011b\u0159\u00ed, a pokud by v n\u011b uv\u011b\u0159il, cht\u011bl by ty monstra smazat z povrchu zemsk\u00e9ho. <strong>A tak \u010darod\u011bjka Mika vyr\u00e1\u017e\u00ed na z\u00e1chrannou misi. \u010celit bude d\u011btem, pr\u00e1vn\u00edk\u016fm, hn\u011bvu nejstar\u0161\u00ed \u010darod\u011bjky v Anglii i zatracen\u011b pohledn\u00e9mu Irovi.<\/strong><\/p>\n<\/div>\n\n\n\n<div class=\"wp-block-column is-layout-flow wp-block-column-is-layout-flow\">\n<figure class=\"wp-block-image size-large\"><a href=\"https:\/\/www.luxor.cz\/v\/1998301\/prisne-tajny-spolek-sveraznych-carodejek\" target=\"_blank\" rel=\"noreferrer noopener\"><img decoding=\"async\" src=\"https:\/\/img.luxor.cz\/detail_big\/1900\/900\/produkty\/9788024296739.webp?cbk=693936\" alt=\"\" title=\"\"><\/a><\/figure>\n<\/div>\n<\/div>\n\n\n\n<p><\/p>\n\n\n\n<h2 class=\"wp-block-heading\"><a href=\"https:\/\/www.luxor.cz\/v\/2045139\/151-duvodu-proc-necestovat-s-tatou-po-skandinavii\" target=\"_blank\" data-type=\"link\" data-id=\"https:\/\/www.luxor.cz\/v\/2045139\/151-duvodu-proc-necestovat-s-tatou-po-skandinavii\" rel=\"noreferrer noopener\">Lucie Kutrov\u00e1 \u2013 Pro\u010d (ne)cestovat s\u00a0t\u00e1tou po Skandin\u00e1vii<\/a><\/h2>\n\n\n\n<p><\/p>\n\n\n\n<div class=\"wp-block-columns is-layout-flex wp-container-core-columns-is-layout-7 wp-block-columns-is-layout-flex\">\n<div class=\"wp-block-column is-layout-flow wp-block-column-is-layout-flow\">\n<figure class=\"wp-block-image size-large\"><a href=\"https:\/\/www.luxor.cz\/v\/2045139\/151-duvodu-proc-necestovat-s-tatou-po-skandinavii\" target=\"_blank\" rel=\"noreferrer noopener\"><img decoding=\"async\" src=\"https:\/\/img.luxor.cz\/detail_big\/1900\/900\/produkty\/EB946101.webp?cbk=693936\" alt=\"\" title=\"\"><\/a><\/figure>\n<\/div>\n\n\n\n<div class=\"wp-block-column is-vertically-aligned-center is-layout-flow wp-block-column-is-layout-flow\">\n<p>Chcete procestovat p\u00e1r zem\u00ed nav\u00edc? Vyrazte na cestu po Skandin\u00e1vii s\u00a0<a href=\"https:\/\/www.luxor.cz\/autor\/41882\" target=\"_blank\" data-type=\"link\" data-id=\"https:\/\/www.luxor.cz\/autor\/41882\" rel=\"noreferrer noopener\">Luci\u00ed Kutrovou<\/a>! \u201eHolka s bucket listem\u201c a autorka obl\u00edben\u00fdch cestopis\u016f vyr\u00e1\u017e\u00ed na dal\u0161\u00ed dobrodru\u017enou cestu \u2013 a <strong>krom\u011b v\u011brn\u00e9ho ps\u00edho par\u0165\u00e1ka Marvela s sebou tentokr\u00e1t bere i sv\u00e9ho t\u00e1tu. Jak spolu t\u0159ic\u00edtka, chlup\u00e1\u010d a d\u016fchodce zvl\u00e1dnou m\u011bs\u00edc ve Skandin\u00e1vii? <\/strong>Dok\u00e1\u017eou se navz\u00e1jem nep\u0159izab\u00edt na dvou metrech \u010dtvere\u010dn\u00edch t\u00e1tovy dod\u00e1vky?<\/p>\n<\/div>\n<\/div>\n\n\n\n<p><\/p>\n\n\n\n<h2 class=\"wp-block-heading\">Jak v\u00a0Luxoru koup\u00edte e-knihu?<\/h2>\n\n\n\n<p><\/p>\n\n\n\n<p>1) Na p\u00e1r kliknut\u00ed <a href=\"https:\/\/www.luxor.cz\/c\/10782\/e-knihy\" data-type=\"link\" data-id=\"https:\/\/www.luxor.cz\/c\/10782\/e-knihy\">na Luxor.cz<\/a>. E-knihu po n\u00e1kupu najdete ve sv\u00e9m u\u017eivatelsk\u00e9m \u00fa\u010dtu v\u00a0sekci Ke sta\u017een\u00ed, odkud si ji m\u016f\u017eete st\u00e1hnout do \u010dte\u010dky, a z\u00e1rove\u0148 v\u00e1s bude ihned \u010dekat v\u00a0aplikaci <a href=\"https:\/\/www.luxor.cz\/clanek\/476\/digitalni-knihy-a-aplikace-muj-luxor\" target=\"_blank\" data-type=\"link\" data-id=\"https:\/\/www.luxor.cz\/clanek\/476\/digitalni-knihy-a-aplikace-muj-luxor\" rel=\"noreferrer noopener\">M\u016fj Luxor<\/a>.<\/p>\n\n\n\n<p>2) V\u00a0aplikaci <a href=\"https:\/\/www.luxor.cz\/clanek\/476\/digitalni-knihy-a-aplikace-muj-luxor\" target=\"_blank\" data-type=\"link\" data-id=\"https:\/\/www.luxor.cz\/clanek\/476\/digitalni-knihy-a-aplikace-muj-luxor\" rel=\"noreferrer noopener\">M\u016fj Luxor<\/a>. Zakoupit audioknihu trv\u00e1 pouh\u00fdch p\u00e1r vte\u0159in a ihned se m\u016f\u017eete pustit do \u010dten\u00ed.<\/p>\n\n\n\n<p><\/p>\n\n\n\n<div class=\"wp-block-buttons is-content-justification-center is-layout-flex wp-container-core-buttons-is-layout-1 wp-block-buttons-is-layout-flex\">\n<div class=\"wp-block-button\"><a class=\"wp-block-button__link has-white-color has-vivid-cyan-blue-background-color has-text-color has-background wp-element-button\" href=\"https:\/\/www.luxor.cz\/c\/10782\/e-knihy\" target=\"_blank\" rel=\"noreferrer noopener\">Chci \u010d\u00edst e-knihy<\/a><\/div>\n<\/div>\n\n\n\n<p><\/p>\n","protected":false},"excerpt":{"rendered":"<p>Kolikr\u00e1t jste u\u017e balili na dovolenou a pe\u010dliv\u011b propo\u010d\u00edt\u00e1vali, kolik knih s sebou vz\u00edt, aby v\u00e1m vysta\u010dily do konce pobytu, ale nezabraly p\u016fl kufru? V\u00edme, jak si u\u0161et\u0159it starosti: Dejte [&hellip;]<\/p>\n","protected":false},"author":9,"featured_media":235638,"comment_status":"open","ping_status":"open","sticky":false,"template":"","format":"standard","meta":{"_acf_changed":false,"_monsterinsights_skip_tracking":false,"_monsterinsights_sitenote_active":false,"_monsterinsights_sitenote_note":"","_monsterinsights_sitenote_category":0,"_EventAllDay":false,"_EventTimezone":"","_EventStartDate":"","_EventEndDate":"","_EventStartDateUTC":"","_EventEndDateUTC":"","_EventShowMap":false,"_EventShowMapLink":false,"_EventURL":"","_EventCost":"","_EventCostDescription":"","_EventCurrencySymbol":"","_EventCurrencyCode":"","_EventCurrencyPosition":"","_EventDateTimeSeparator":"","_EventTimeRangeSeparator":"","_EventOrganizerID":[],"_EventVenueID":[],"_OrganizerEmail":"","_OrganizerPhone":"","_OrganizerWebsite":"","_VenueAddress":"","_VenueCity":"","_VenueCountry":"","_VenueProvince":"","_VenueState":"","_VenueZip":"","_VenuePhone":"","_VenueURL":"","_VenueStateProvince":"","_VenueLat":"","_VenueLng":"","_VenueShowMap":false,"_VenueShowMapLink":false,"twitterCardType":"","cardImageID":0,"cardImage":"","cardTitle":"","cardDesc":"","cardImageAlt":"","cardPlayer":"","cardPlayerWidth":0,"cardPlayerHeight":0,"cardPlayerStream":"","cardPlayerCodec":"","footnotes":""},"categories":[6],"tags":[21819,21803,36],"class_list":["post-235637","post","type-post","status-publish","format-standard","has-post-thumbnail","hentry","category-knizni-zajimavosti","tag-aplikace-muj-luxor","tag-e-knihy","tag-knihy"],"acf":{"related_products":null},"_links":{"self":[{"href":"https:\/\/www.luxor.cz\/blog\/wp-json\/wp\/v2\/posts\/235637","targetHints":{"allow":["GET"]}}],"collection":[{"href":"https:\/\/www.luxor.cz\/blog\/wp-json\/wp\/v2\/posts"}],"about":[{"href":"https:\/\/www.luxor.cz\/blog\/wp-json\/wp\/v2\/types\/post"}],"author":[{"embeddable":true,"href":"https:\/\/www.luxor.cz\/blog\/wp-json\/wp\/v2\/users\/9"}],"replies":[{"embeddable":true,"href":"https:\/\/www.luxor.cz\/blog\/wp-json\/wp\/v2\/comments?post=235637"}],"version-history":[{"count":0,"href":"https:\/\/www.luxor.cz\/blog\/wp-json\/wp\/v2\/posts\/235637\/revisions"}],"wp:featuredmedia":[{"embeddable":true,"href":"https:\/\/www.luxor.cz\/blog\/wp-json\/wp\/v2\/media\/235638"}],"wp:attachment":[{"href":"https:\/\/www.luxor.cz\/blog\/wp-json\/wp\/v2\/media?parent=235637"}],"wp:term":[{"taxonomy":"category","embeddable":true,"href":"https:\/\/www.luxor.cz\/blog\/wp-json\/wp\/v2\/categories?post=235637"},{"taxonomy":"post_tag","embeddable":true,"href":"https:\/\/www.luxor.cz\/blog\/wp-json\/wp\/v2\/tags?post=235637"}],"curies":[{"name":"wp","href":"https:\/\/api.w.org\/{rel}","templated":true}]}}