{"id":235156,"date":"2024-02-21T13:42:34","date_gmt":"2024-02-21T12:42:34","guid":{"rendered":"https:\/\/www.luxor.cz\/blog\/?p=235156"},"modified":"2024-02-21T14:54:38","modified_gmt":"2024-02-21T13:54:38","slug":"zdenek-miler-krtek-zajimavosti","status":"publish","type":"post","link":"https:\/\/www.luxor.cz\/blog\/knizni-zajimavosti\/zdenek-miler-krtek-zajimavosti\/","title":{"rendered":"Oslavte s\u00a0n\u00e1mi Krte\u010dkovo v\u00fdro\u010d\u00ed! 5 v\u011bc\u00ed, kter\u00e9 jste o Krtkovi mo\u017en\u00e1 nev\u011bd\u011bli"},"content":{"rendered":"\n<p><strong>Kdo by neznal Krtka? Sympatick\u00e9ho kreslen\u00e9ho chlap\u00edka miluj\u00ed d\u011bti u\u017e po n\u011bkolik generac\u00ed. 21. \u00fanora by sv\u00e9 narozeniny oslavil jeho autor, ilustr\u00e1tor Zden\u011bk Miler, a tak je ide\u00e1ln\u00ed \u010das si obl\u00edben\u00e9ho hrdinu p\u0159ipomenout. M\u00e1me pro v\u00e1s n\u011bkolik zaj\u00edmavost\u00ed, kter\u00e9 jste o Krtkovi mo\u017en\u00e1 nev\u011bd\u011bli!<\/strong><\/p>\n\n\n\n<p><\/p>\n\n\n\n<h3 class=\"wp-block-heading\">Vznikl \u0161\u0165astnou n\u00e1hodou<\/h3>\n\n\n\n<p><\/p>\n\n\n\n<div class=\"wp-block-columns is-layout-flex wp-container-core-columns-is-layout-1 wp-block-columns-is-layout-flex\">\n<div class=\"wp-block-column is-vertically-aligned-center is-layout-flow wp-block-column-is-layout-flow\">\n<p>Anim\u00e1torovi barrandovsk\u00fdch studi\u00ed <a href=\"https:\/\/www.luxor.cz\/autor\/369\" target=\"_blank\" data-type=\"link\" data-id=\"https:\/\/www.luxor.cz\/autor\/369\" rel=\"noreferrer noopener\">Zde\u0148ku Milerovi<\/a> p\u0159ist\u00e1la na stole pov\u00eddka o tom, jak se vyr\u00e1b\u00ed oble\u010den\u00ed. Do srozumiteln\u00e9 podoby se ji rozhodl p\u0159evypr\u00e1v\u011bt pomoc\u00ed kreslen\u00e9 zv\u00ed\u0159ec\u00ed postavi\u010dky \u2013 <strong>usilovn\u011b p\u0159em\u00fd\u0161lel, jak\u00e9 zv\u00ed\u0159\u00e1tko by to m\u011blo b\u00fdt, a\u017e ve sv\u00e9m zadum\u00e1n\u00ed na proch\u00e1zce zakopl o krtinec. <\/strong>Krtek byl nav\u00edc jedno z&nbsp;m\u00e1la zv\u00ed\u0159at, kter\u00e9 se v&nbsp;t\u00e9 dob\u011b neobjevovalo v&nbsp;poh\u00e1dk\u00e1ch Walta Disneyho. A tak se v&nbsp;roce 1954 zrodila legend\u00e1rn\u00ed postavi\u010dka. A p\u0159\u00edb\u011bh, ve kter\u00e9m se ze lnu obarven\u00e9ho bor\u016fvkami stane praktick\u00fd kus od\u011bvu, u\u017e samoz\u0159ejm\u011b taky zn\u00e1te: <a href=\"https:\/\/www.luxor.cz\/v\/1986543\/krtek-a-kalhotky\" target=\"_blank\" data-type=\"link\" data-id=\"https:\/\/www.luxor.cz\/v\/1986543\/krtek-a-kalhotky\" rel=\"noreferrer noopener\">Jak Krtek ke kalhotk\u00e1m p\u0159i\u0161el<\/a>.<\/p>\n<\/div>\n\n\n\n<div class=\"wp-block-column is-layout-flow wp-block-column-is-layout-flow\">\n<figure class=\"wp-block-image size-full\"><img fetchpriority=\"high\" decoding=\"async\" width=\"458\" height=\"648\" src=\"https:\/\/www.luxor.cz\/blog\/wp-content\/uploads\/12978_pohlednice-krtecek-a-kalhotky-ezgif.com-crop-1.jpg\" alt=\"\" class=\"wp-image-235157\" title=\"\" srcset=\"https:\/\/www.luxor.cz\/blog\/wp-content\/uploads\/12978_pohlednice-krtecek-a-kalhotky-ezgif.com-crop-1.jpg 458w, https:\/\/www.luxor.cz\/blog\/wp-content\/uploads\/12978_pohlednice-krtecek-a-kalhotky-ezgif.com-crop-1-212x300.jpg 212w, https:\/\/www.luxor.cz\/blog\/wp-content\/uploads\/12978_pohlednice-krtecek-a-kalhotky-ezgif.com-crop-1-368x520.jpg 368w\" sizes=\"(max-width: 458px) 100vw, 458px\" \/><\/figure>\n<\/div>\n<\/div>\n\n\n\n<p><\/p>\n\n\n\n<h3 class=\"wp-block-heading\">Stal se druh\u00fdm \u010desk\u00fdm kosmonautem<\/h3>\n\n\n\n<p><\/p>\n\n\n\n<div class=\"wp-block-columns is-layout-flex wp-container-core-columns-is-layout-2 wp-block-columns-is-layout-flex\">\n<div class=\"wp-block-column is-layout-flow wp-block-column-is-layout-flow\">\n<figure class=\"wp-block-image size-full\"><img decoding=\"async\" width=\"377\" height=\"550\" src=\"https:\/\/www.luxor.cz\/blog\/wp-content\/uploads\/large-50.jpg\" alt=\"\" class=\"wp-image-235158\" title=\"\" srcset=\"https:\/\/www.luxor.cz\/blog\/wp-content\/uploads\/large-50.jpg 377w, https:\/\/www.luxor.cz\/blog\/wp-content\/uploads\/large-50-206x300.jpg 206w, https:\/\/www.luxor.cz\/blog\/wp-content\/uploads\/large-50-356x520.jpg 356w\" sizes=\"(max-width: 377px) 100vw, 377px\" \/><\/figure>\n<\/div>\n\n\n\n<div class=\"wp-block-column is-vertically-aligned-center is-layout-flow wp-block-column-is-layout-flow\">\n<p><strong>Obl\u00edben\u00fd hrdina se pod\u00edval i do vesm\u00edru \u2013 a to nejen v&nbsp;d\u00edlu <em>Krtek a raketa!<\/em><\/strong> Na vesm\u00edrnou misi, kter\u00e1 m\u011bla mimo jin\u00e9 za c\u00edl podpo\u0159it programy ke vzd\u011bl\u00e1v\u00e1n\u00ed d\u011bt\u00ed a ml\u00e1de\u017ee, vzal <a href=\"https:\/\/www.luxor.cz\/v\/1814043\/krtek-12cm-sedici\" target=\"_blank\" data-type=\"link\" data-id=\"https:\/\/www.luxor.cz\/v\/1814043\/krtek-12cm-sedici\" rel=\"noreferrer noopener\">ply\u0161ovou figurku<\/a> astronaut Andrew Feustel, jeho\u017e man\u017eelka m\u00e1 \u010desk\u00e9 ko\u0159eny. Krte\u010dek s&nbsp;n\u00edm do kosmu cestoval hned dvakr\u00e1t, a to v&nbsp;letech 2011 a 2018, cestu doprov\u00e1zel i osv\u011btov\u00fd program \u201eDo kosmu s&nbsp;Krtkem\u201c.<\/p>\n<\/div>\n<\/div>\n\n\n\n<p><\/p>\n\n\n\n<h3 class=\"wp-block-heading\">P\u0159i\u0161el o oc\u00e1sek<\/h3>\n\n\n\n<p><\/p>\n\n\n\n<div class=\"wp-block-columns is-layout-flex wp-container-core-columns-is-layout-3 wp-block-columns-is-layout-flex\">\n<div class=\"wp-block-column is-vertically-aligned-center is-layout-flow wp-block-column-is-layout-flow\">\n<p><strong>Je\u0161t\u011b v&nbsp;60. letech m\u011bl Krtek oc\u00e1sek, autor se v\u0161ak rozhodl, \u017ee se ho zbav\u00ed.<\/strong> \u201eTo jsou jen zbyte\u010dnosti, kter\u00e9 se pak mus\u00ed po\u0159\u00e1d kreslit,\u201c okomentoval zm\u011bnu Zden\u011bk Miler \u2013 a proto\u017ee pro ka\u017edou vte\u0159inu kreslen\u00e9ho filmu je t\u0159eba nakreslit 24 ok\u00e9nek, i mal\u00fd detail m\u016f\u017ee znamenat spoustu pr\u00e1ce nav\u00edc\u2026 Ze za\u010d\u00e1tku m\u011bl Krtek tak\u00e9 o dost del\u0161\u00ed nos. Kv\u016fli n\u011bmu v\u0161ak vypadal sta\u0159e, a tak mu ho autor zkr\u00e1til a postavi\u010dku tak prom\u011bnil ve vesel\u00e9ho krt\u010d\u00edho ro\u0161\u0165\u00e1ka.<\/p>\n<\/div>\n\n\n\n<div class=\"wp-block-column is-layout-flow wp-block-column-is-layout-flow\">\n<figure class=\"wp-block-image size-full\"><img decoding=\"async\" width=\"957\" height=\"720\" src=\"https:\/\/www.luxor.cz\/blog\/wp-content\/uploads\/maxresdefault-2.jpg\" alt=\"\" class=\"wp-image-235159\" title=\"\" srcset=\"https:\/\/www.luxor.cz\/blog\/wp-content\/uploads\/maxresdefault-2.jpg 957w, https:\/\/www.luxor.cz\/blog\/wp-content\/uploads\/maxresdefault-2-300x226.jpg 300w, https:\/\/www.luxor.cz\/blog\/wp-content\/uploads\/maxresdefault-2-768x578.jpg 768w, https:\/\/www.luxor.cz\/blog\/wp-content\/uploads\/maxresdefault-2-600x451.jpg 600w, https:\/\/www.luxor.cz\/blog\/wp-content\/uploads\/maxresdefault-2-691x520.jpg 691w\" sizes=\"(max-width: 957px) 100vw, 957px\" \/><\/figure>\n<\/div>\n<\/div>\n\n\n\n<p><\/p>\n\n\n\n<h3 class=\"wp-block-heading\">Hlas mu daly Milerovy dcery<\/h3>\n\n\n\n<p><\/p>\n\n\n\n<p>Prvn\u00ed d\u00edl Krte\u010dka, ten, ve kter\u00e9m si u\u0161ije vlastn\u00ed kalhoty, je jedin\u00fd, ve kter\u00e9m se mluv\u00ed ve v\u011bt\u00e1ch. Bylo v\u0161ak jasn\u00e9, \u017ee seri\u00e1l poputuje i do zahrani\u010d\u00ed, a tak se v&nbsp;dal\u0161\u00edch d\u00edlech Krtek vyjad\u0159uje u\u017e jen pomoc\u00ed citoslovc\u00ed. Ta autor nahr\u00e1l s&nbsp;vlastn\u00edmi dcerami Kate\u0159inou a Barborou, kter\u00e9 dlouh\u00e9 hodiny nahr\u00e1val, jak se sm\u011bj\u00ed, k\u0159i\u010d\u00ed, raduj\u00ed i pl\u00e1\u010dou. Pr\u00e1v\u011b ten pl\u00e1\u010d byl nejv\u011bt\u0161\u00edm o\u0159\u00ed\u0161kem:<\/p>\n\n\n\n<p><\/p>\n\n\n\n<blockquote class=\"wp-block-quote is-layout-flow wp-block-quote-is-layout-flow\">\n<p>\u201eDodnes z toho m\u00e1m trochu v\u00fd\u010ditky sv\u011bdom\u00ed. Nechal jsem toti\u017e jet z\u00e1znam a sv\u00fdm hol\u010di\u010dk\u00e1m jsem hrozn\u011b nad\u00e1val. Ony na to nebyly v\u016fbec zvykl\u00e9, v\u017edycky jsme m\u011bli a m\u00e1me kr\u00e1sn\u00fd vztah. A jak z toho byly p\u0159ekvapen\u00e9, za\u010daly plakat. Usedav\u011b, ne\u0161\u0165astn\u011b, opravdov\u011b. A\u017e usly\u0161\u00edte usedav\u00fd pl\u00e1\u010d kreslen\u00e9ho krtka, v\u011bzte, \u017ee to jsou m\u00e9 opravdov\u011b ne\u0161\u0165astn\u00e9 dv\u011b dcery.\u201c<\/p>\n<cite>\u2013z rozhovoru se Zde\u0148kem Milerem pro idnes.cz, 2011<\/cite><\/blockquote>\n\n\n\n<p><\/p>\n\n\n<div class=\"wp-block-image\">\n<figure class=\"aligncenter size-full\"><img loading=\"lazy\" decoding=\"async\" width=\"700\" height=\"376\" src=\"https:\/\/www.luxor.cz\/blog\/wp-content\/uploads\/krtek_zaver.jpg\" alt=\"\" class=\"wp-image-235161\" title=\"\" srcset=\"https:\/\/www.luxor.cz\/blog\/wp-content\/uploads\/krtek_zaver.jpg 700w, https:\/\/www.luxor.cz\/blog\/wp-content\/uploads\/krtek_zaver-300x161.jpg 300w, https:\/\/www.luxor.cz\/blog\/wp-content\/uploads\/krtek_zaver-600x322.jpg 600w\" sizes=\"(max-width: 700px) 100vw, 700px\" \/><\/figure><\/div>\n\n\n<p><\/p>\n\n\n\n<h3 class=\"wp-block-heading\">Nekreslil ho jen Zden\u011bk Miler<\/h3>\n\n\n\n<p><\/p>\n\n\n\n<div class=\"wp-block-columns is-layout-flex wp-container-core-columns-is-layout-4 wp-block-columns-is-layout-flex\">\n<div class=\"wp-block-column is-layout-flow wp-block-column-is-layout-flow\" style=\"flex-basis:50%\">\n<figure class=\"wp-block-image size-full\"><img loading=\"lazy\" decoding=\"async\" width=\"660\" height=\"660\" src=\"https:\/\/www.luxor.cz\/blog\/wp-content\/uploads\/puzzle-krtek-a-paraplicko-3x55-dilku.webp\" alt=\"\" class=\"wp-image-235162\" title=\"\" srcset=\"https:\/\/www.luxor.cz\/blog\/wp-content\/uploads\/puzzle-krtek-a-paraplicko-3x55-dilku.webp 660w, https:\/\/www.luxor.cz\/blog\/wp-content\/uploads\/puzzle-krtek-a-paraplicko-3x55-dilku-300x300.webp 300w, https:\/\/www.luxor.cz\/blog\/wp-content\/uploads\/puzzle-krtek-a-paraplicko-3x55-dilku-150x150.webp 150w, https:\/\/www.luxor.cz\/blog\/wp-content\/uploads\/puzzle-krtek-a-paraplicko-3x55-dilku-600x600.webp 600w, https:\/\/www.luxor.cz\/blog\/wp-content\/uploads\/puzzle-krtek-a-paraplicko-3x55-dilku-100x100.webp 100w, https:\/\/www.luxor.cz\/blog\/wp-content\/uploads\/puzzle-krtek-a-paraplicko-3x55-dilku-120x120.webp 120w, https:\/\/www.luxor.cz\/blog\/wp-content\/uploads\/puzzle-krtek-a-paraplicko-3x55-dilku-520x520.webp 520w\" sizes=\"(max-width: 660px) 100vw, 660px\" \/><\/figure>\n<\/div>\n\n\n\n<div class=\"wp-block-column is-vertically-aligned-center is-layout-flow wp-block-column-is-layout-flow\" style=\"flex-basis:50%\">\n<p><strong>Od 80. let se <a href=\"https:\/\/www.luxor.cz\/autor\/369\" target=\"_blank\" data-type=\"link\" data-id=\"https:\/\/www.luxor.cz\/autor\/369\" rel=\"noreferrer noopener\">Zde\u0148kem Milerem<\/a> na Krtkov\u00fdch ilustrac\u00edch spolupracovala i jeho dcera, v\u00fdtvarnice <a href=\"https:\/\/www.luxor.cz\/autor\/40530\" target=\"_blank\" data-type=\"link\" data-id=\"https:\/\/www.luxor.cz\/autor\/40530\" rel=\"noreferrer noopener\">Kate\u0159ina Miler<\/a>. <\/strong>Tu otec poprv\u00e9 p\u0159izval k&nbsp;tvorb\u011b p\u0159\u00edb\u011bh\u016f<em> Krtek a parapl\u00ed\u010dko <\/em>(1986) a <em>Jak krtek uzdravil my\u0161ku<\/em> (1987). Vytvo\u0159ila tak\u00e9 mno\u017estv\u00ed leporel, ale i ilustrace pro nejr\u016fzn\u011bj\u0161\u00ed hry, omalov\u00e1nky, puzzle, adventn\u00ed kalend\u00e1\u0159e a dal\u0161\u00ed p\u0159edm\u011bty s&nbsp;motivem obl\u00edben\u00e9ho hrdiny.<\/p>\n<\/div>\n<\/div>\n\n\n\n<p><\/p>\n\n\n\n<p>P\u0159ipome\u0148te si p\u0159\u00edb\u011bhy obl\u00edben\u00e9ho Krtka v n\u011bkter\u00e9 z knih a leporel a p\u0159edstavte jeho nest\u00e1rnouc\u00ed p\u0159\u00edhody i sv\u00fdm d\u011btem!<\/p>\n\n\n\n<p><\/p>\n\n\n\n<div class=\"wp-block-buttons is-content-justification-center is-layout-flex wp-container-core-buttons-is-layout-1 wp-block-buttons-is-layout-flex\">\n<div class=\"wp-block-button\"><a class=\"wp-block-button__link has-white-color has-vivid-cyan-blue-background-color has-text-color has-background wp-element-button\" href=\"https:\/\/www.luxor.cz\/autor\/369?avl=3&amp;avl=9\" target=\"_blank\" rel=\"noreferrer noopener\">Krtk\u016fv sv\u011bt<\/a><\/div>\n<\/div>\n\n\n\n<p><\/p>\n\n\n\n<p><\/p>\n\n\n\n<div class=\"wp-block-columns is-layout-flex wp-container-core-columns-is-layout-5 wp-block-columns-is-layout-flex\">\n<div class=\"wp-block-column is-layout-flow wp-block-column-is-layout-flow\">\n<figure class=\"wp-block-image size-large\"><a href=\"https:\/\/www.luxor.cz\/v\/1986543\/krtek-a-kalhotky\" target=\"_blank\" rel=\"noreferrer noopener\"><img decoding=\"async\" src=\"https:\/\/img.luxor.cz\/detail_big\/1900\/900\/produkty\/9788024295619.webp?cbk=103832\" alt=\"\" title=\"\"><\/a><\/figure>\n\n\n\n<div class=\"wp-block-buttons is-content-justification-center is-layout-flex wp-container-core-buttons-is-layout-2 wp-block-buttons-is-layout-flex\">\n<div class=\"wp-block-button\"><a class=\"wp-block-button__link has-white-color has-vivid-cyan-blue-background-color has-text-color has-background wp-element-button\" href=\"https:\/\/www.luxor.cz\/v\/1986543\/krtek-a-kalhotky\" target=\"_blank\" rel=\"noreferrer noopener\">Koupit<\/a><\/div>\n<\/div>\n<\/div>\n\n\n\n<div class=\"wp-block-column is-layout-flow wp-block-column-is-layout-flow\">\n<figure class=\"wp-block-image size-large\"><a href=\"https:\/\/www.luxor.cz\/v\/1986589\/krtek-a-potopa\" target=\"_blank\" rel=\"noreferrer noopener\"><img decoding=\"async\" src=\"https:\/\/img.luxor.cz\/detail_big\/1900\/900\/produkty\/9788024295633.webp?cbk=103832\" alt=\"\" title=\"\"><\/a><\/figure>\n\n\n\n<div class=\"wp-block-buttons is-content-justification-center is-layout-flex wp-container-core-buttons-is-layout-3 wp-block-buttons-is-layout-flex\">\n<div class=\"wp-block-button\"><a class=\"wp-block-button__link has-white-color has-vivid-cyan-blue-background-color has-text-color has-background wp-element-button\" href=\"https:\/\/www.luxor.cz\/v\/1986589\/krtek-a-potopa\" target=\"_blank\" rel=\"noreferrer noopener\">Koupit<\/a><\/div>\n<\/div>\n<\/div>\n\n\n\n<div class=\"wp-block-column is-layout-flow wp-block-column-is-layout-flow\">\n<figure class=\"wp-block-image size-large\"><a href=\"https:\/\/www.luxor.cz\/v\/1656107\/jak-krtek-cestoval\" target=\"_blank\" rel=\"noreferrer noopener\"><img decoding=\"async\" src=\"https:\/\/img.luxor.cz\/detail_big\/1900\/900\/produkty\/9788024277905.webp?cbk=103832\" alt=\"\" title=\"\"><\/a><\/figure>\n\n\n\n<div class=\"wp-block-buttons is-content-justification-center is-layout-flex wp-container-core-buttons-is-layout-4 wp-block-buttons-is-layout-flex\">\n<div class=\"wp-block-button\"><a class=\"wp-block-button__link has-white-color has-vivid-cyan-blue-background-color has-text-color has-background wp-element-button\" href=\"https:\/\/www.luxor.cz\/v\/1656107\/jak-krtek-cestoval\" target=\"_blank\" rel=\"noreferrer noopener\">Koupit<\/a><\/div>\n<\/div>\n<\/div>\n<\/div>\n\n\n\n<figure class=\"wp-block-image size-full\"><img loading=\"lazy\" decoding=\"async\" width=\"800\" height=\"450\" src=\"https:\/\/www.luxor.cz\/blog\/wp-content\/uploads\/xcsBKgW-1.jpeg\" alt=\"\" class=\"wp-image-235164\" title=\"\" srcset=\"https:\/\/www.luxor.cz\/blog\/wp-content\/uploads\/xcsBKgW-1.jpeg 800w, https:\/\/www.luxor.cz\/blog\/wp-content\/uploads\/xcsBKgW-1-300x169.jpeg 300w, https:\/\/www.luxor.cz\/blog\/wp-content\/uploads\/xcsBKgW-1-768x432.jpeg 768w, https:\/\/www.luxor.cz\/blog\/wp-content\/uploads\/xcsBKgW-1-600x338.jpeg 600w\" sizes=\"(max-width: 800px) 100vw, 800px\" \/><\/figure>\n","protected":false},"excerpt":{"rendered":"<p>Kdo by neznal Krtka? Sympatick\u00e9ho kreslen\u00e9ho chlap\u00edka miluj\u00ed d\u011bti u\u017e po n\u011bkolik generac\u00ed. 21. \u00fanora by sv\u00e9 narozeniny oslavil jeho autor, ilustr\u00e1tor Zden\u011bk Miler, a tak je ide\u00e1ln\u00ed \u010das si [&hellip;]<\/p>\n","protected":false},"author":9,"featured_media":235163,"comment_status":"open","ping_status":"open","sticky":false,"template":"","format":"standard","meta":{"_acf_changed":false,"_monsterinsights_skip_tracking":false,"_monsterinsights_sitenote_active":false,"_monsterinsights_sitenote_note":"","_monsterinsights_sitenote_category":0,"_EventAllDay":false,"_EventTimezone":"","_EventStartDate":"","_EventEndDate":"","_EventStartDateUTC":"","_EventEndDateUTC":"","_EventShowMap":false,"_EventShowMapLink":false,"_EventURL":"","_EventCost":"","_EventCostDescription":"","_EventCurrencySymbol":"","_EventCurrencyCode":"","_EventCurrencyPosition":"","_EventDateTimeSeparator":"","_EventTimeRangeSeparator":"","_EventOrganizerID":[],"_EventVenueID":[],"_OrganizerEmail":"","_OrganizerPhone":"","_OrganizerWebsite":"","_VenueAddress":"","_VenueCity":"","_VenueCountry":"","_VenueProvince":"","_VenueState":"","_VenueZip":"","_VenuePhone":"","_VenueURL":"","_VenueStateProvince":"","_VenueLat":"","_VenueLng":"","_VenueShowMap":false,"_VenueShowMapLink":false,"twitterCardType":"","cardImageID":0,"cardImage":"","cardTitle":"","cardDesc":"","cardImageAlt":"","cardPlayer":"","cardPlayerWidth":0,"cardPlayerHeight":0,"cardPlayerStream":"","cardPlayerCodec":"","footnotes":""},"categories":[6],"tags":[21053,53],"class_list":["post-235156","post","type-post","status-publish","format-standard","has-post-thumbnail","hentry","category-knizni-zajimavosti","tag-detska-literatura","tag-zajimavosti"],"acf":{"related_products":null},"_links":{"self":[{"href":"https:\/\/www.luxor.cz\/blog\/wp-json\/wp\/v2\/posts\/235156","targetHints":{"allow":["GET"]}}],"collection":[{"href":"https:\/\/www.luxor.cz\/blog\/wp-json\/wp\/v2\/posts"}],"about":[{"href":"https:\/\/www.luxor.cz\/blog\/wp-json\/wp\/v2\/types\/post"}],"author":[{"embeddable":true,"href":"https:\/\/www.luxor.cz\/blog\/wp-json\/wp\/v2\/users\/9"}],"replies":[{"embeddable":true,"href":"https:\/\/www.luxor.cz\/blog\/wp-json\/wp\/v2\/comments?post=235156"}],"version-history":[{"count":0,"href":"https:\/\/www.luxor.cz\/blog\/wp-json\/wp\/v2\/posts\/235156\/revisions"}],"wp:featuredmedia":[{"embeddable":true,"href":"https:\/\/www.luxor.cz\/blog\/wp-json\/wp\/v2\/media\/235163"}],"wp:attachment":[{"href":"https:\/\/www.luxor.cz\/blog\/wp-json\/wp\/v2\/media?parent=235156"}],"wp:term":[{"taxonomy":"category","embeddable":true,"href":"https:\/\/www.luxor.cz\/blog\/wp-json\/wp\/v2\/categories?post=235156"},{"taxonomy":"post_tag","embeddable":true,"href":"https:\/\/www.luxor.cz\/blog\/wp-json\/wp\/v2\/tags?post=235156"}],"curies":[{"name":"wp","href":"https:\/\/api.w.org\/{rel}","templated":true}]}}