{"id":2351,"date":"2013-12-11T14:06:00","date_gmt":"2013-12-11T13:06:00","guid":{"rendered":"https:\/\/www.luxor.cz\/blog\/nezarazene\/uz-je-tady-zas-vas-nesmrtelny-vudce\/"},"modified":"2023-01-06T16:17:08","modified_gmt":"2023-01-06T15:17:08","slug":"uz-je-tady-zas-vas-nesmrtelny-vudce-382","status":"publish","type":"post","link":"https:\/\/www.luxor.cz\/blog\/recenze\/uz-je-tady-zas-vas-nesmrtelny-vudce-382\/","title":{"rendered":"U\u017e je tady zas, v\u00e1\u0161 nesmrteln\u00fd V\u016fdce"},"content":{"rendered":"<\/p>\n<p><span><\/p>\n<p><\/span><\/p>\n<p><span>Kdy\u017e se ona osoba, kter\u00e1 st\u00e1la v \u010dele Velkon\u011bmeck\u00e9 \u0159\u00ed\u0161e, probud\u00ed do sou\u010dasn\u00e9 doby, nev\u011b\u0159\u00ed vlastn\u00edm o\u010d\u00edm. Zprvu Hitler nech\u00e1pe, co se d\u011bje, ale jedno je jist\u00e9 \u2013 n\u011bco je opravdu, opravdu \u0161patn\u011b. Nebo mo\u017en\u00e1 dob\u0159e? Z n\u00e1hodn\u00e9ho p\u0159\u00e1telstv\u00ed se st\u00e1nka\u0159em se zrod\u00ed osudov\u00fd moment, kter\u00fd zm\u011bn\u00ed \u017eivoty mnoha lid\u00ed. Kdo by v\u011b\u0159il, \u017ee je to skute\u010dn\u00fd Adolf Hitler? V\u017edy\u0165 ten sp\u00e1chal v roce 1945 sebevra\u017edu. D\u00edky \u201edokonal\u00e9 podob\u011b\u201c se z n\u011bj st\u00e1v\u00e1 televizn\u00ed bomba. Sv\u00fdmi trefn\u011b m\u00ed\u0159en\u00fdmi pozn\u00e1mkami si z\u00edsk\u00e1v\u00e1 publikum a z\u00e1hy m\u00e1 i vlastn\u00ed televizn\u00ed po\u0159ad. Vid\u00ed v\u016fbec n\u011bkdo hrozbu, kter\u00e1 se ukr\u00fdv\u00e1 za fas\u00e1dou \u201ckopie\u201d V\u016fdce?<\/span><\/p>\n<p>Pro mnoh\u00e9 je Hitlerova show p\u0159\u00edjemn\u00fdm zpest\u0159en\u00edm nudn\u00fdch ve\u010der\u016f. Televizn\u00ed spole\u010dnost Flashlight sb\u00edr\u00e1 jen chv\u00e1lu, madam Belliniov\u00e1 si mne ruce a pod Hitlerov\u00fdm vlivem se za\u010d\u00edn\u00e1 da\u0159it i ostatn\u00edm. Nebyla by to v\u0161ak m\u00e9dia, kdyby se neza\u010dala pt\u00e1t&#8230; Kdo se skr\u00fdv\u00e1 za obli\u010dejem tohoto krut\u00e9ho mu\u017ee? A\u010d se novin\u00e1\u0159i i televize sna\u017e\u00ed sebe v\u00edc, nemohou nic naj\u00edt. Jakoby neexistoval. V \u0159ad\u00e1ch Flashlight s t\u00edm za\u010d\u00edn\u00e1 b\u00fdt probl\u00e9m. Ale i s takovou mali\u010dkost\u00ed, jako je chyb\u011bj\u00edc\u00ed minulost, se d\u00e1 n\u011bco d\u011blat. I obstarat nov\u00e9 doklady nen\u00ed t\u011b\u017ek\u00e9.<\/p>\n<p>Kniha <a href=\"http:\/\/neoluxor.cz\/beletrie\/uz-je-tady-zas--200134\/\" target=\"_blank\" rel=\"noopener\">U\u017e je tady zas<\/a> se ani tak nezaob\u00edr\u00e1 faktem, jak je mo\u017en\u00e9, \u017ee se Hitler probudil uprost\u0159ed tr\u00e1vn\u00edku v roce 2011, ale sp\u00ed\u0161e jeho osobnost\u00ed. Nem\u016f\u017eeme tvrdit, \u017ee by se p\u0159i \u201edruh\u00e9 \u0161anci\u201c zm\u011bnil, ani \u017ee by z\u016fstal stejn\u00fd. Ot\u00e1zkou a st\u011b\u017eejn\u00edm prvkem je jeho charakter a fanatismus. A v neposledn\u00ed \u0159ad\u011b to, zda si n\u011bkdo s tak otev\u0159en\u00fdm a p\u0159\u00edmo\u010dar\u00fdm pohledem na sv\u011bt dok\u00e1\u017ee z\u00edskat stoupence. I p\u0159esto, co v\u0161echno ud\u011blal, i p\u0159esto, \u017ee v\u0161ichni v\u011bd\u00ed, \u010deho je fanatick\u00e1 v\u00edra v cokoliv schopna a \u010deho v minulosti dos\u00e1hl.<\/p>\n<p><\/p>\n<p>P\u0159esto\u017ee se Timur Vermes zab\u00fdv\u00e1 ot\u00e1zkami, kter\u00e9 nut\u00ed k zamy\u0161len\u00ed, nelze mu up\u0159\u00edt ani vhodnou a p\u0159im\u011b\u0159enou d\u00e1vku humoru. V t\u011bch okam\u017eic\u00edch, kdy se \u010dten\u00e1\u0159 prost\u011b mus\u00ed sm\u00e1t, se ukr\u00fdv\u00e1 odleh\u010den\u00ed, kter\u00e9 knize dod\u00e1v\u00e1 na\u00ed \u010dtivosti a z\u00e1bavnosti. Jestli p\u0159em\u00fd\u0161l\u00edte nad t\u00edm, zda si opravdu z\u00edsk\u00e1 sv\u00e9 p\u0159\u00edvr\u017eence anebo z\u016fstane jen nevysly\u0161enou figurkou, doporu\u010duji si tuto knihu p\u0159e\u010d\u00edst. Mimo jin\u00e9 si mo\u017en\u00e1 uv\u011bdom\u00edte, jakou s\u00edlu m\u00e1 slovo a z\u00e1pal pro v\u011bc.<\/p>\n<h2>Hodnocen\u00ed: 85 %<\/h2>\n<p>Autorka: Krist\u00fdna Pek\u00e1rkov\u00e1<\/p>\n<p>Zdroj obr\u00e1zku: Sueddeutsche.de<\/p>\n","protected":false},"excerpt":{"rendered":"<p>Desetilet\u00ed zm\u011bn, pokrok, ale jak se zd\u00e1, U\u017e je tady zas. Fanatick\u00fd v\u016fdce se zjevil z ni\u010deho nic a je rozhodnut naj\u00edt spojenec a z\u00edskat N\u011bmecko zp\u011bt. Povede se mu to?<\/p>\n","protected":false},"author":2,"featured_media":0,"comment_status":"open","ping_status":"open","sticky":false,"template":"","format":"standard","meta":{"_acf_changed":false,"_monsterinsights_skip_tracking":false,"_monsterinsights_sitenote_active":false,"_monsterinsights_sitenote_note":"","_monsterinsights_sitenote_category":0,"_EventAllDay":false,"_EventTimezone":"","_EventStartDate":"","_EventEndDate":"","_EventStartDateUTC":"","_EventEndDateUTC":"","_EventShowMap":false,"_EventShowMapLink":false,"_EventURL":"","_EventCost":"","_EventCostDescription":"","_EventCurrencySymbol":"","_EventCurrencyCode":"","_EventCurrencyPosition":"","_EventDateTimeSeparator":"","_EventTimeRangeSeparator":"","_EventOrganizerID":[],"_EventVenueID":[],"_OrganizerEmail":"","_OrganizerPhone":"","_OrganizerWebsite":"","_VenueAddress":"","_VenueCity":"","_VenueCountry":"","_VenueProvince":"","_VenueState":"","_VenueZip":"","_VenuePhone":"","_VenueURL":"","_VenueStateProvince":"","_VenueLat":"","_VenueLng":"","_VenueShowMap":false,"_VenueShowMapLink":false,"twitterCardType":"","cardImageID":0,"cardImage":"","cardTitle":"","cardDesc":"","cardImageAlt":"","cardPlayer":"","cardPlayerWidth":0,"cardPlayerHeight":0,"cardPlayerStream":"","cardPlayerCodec":"","footnotes":""},"categories":[7],"tags":[],"class_list":["post-2351","post","type-post","status-publish","format-standard","hentry","category-recenze"],"acf":{"related_products":null},"_links":{"self":[{"href":"https:\/\/www.luxor.cz\/blog\/wp-json\/wp\/v2\/posts\/2351","targetHints":{"allow":["GET"]}}],"collection":[{"href":"https:\/\/www.luxor.cz\/blog\/wp-json\/wp\/v2\/posts"}],"about":[{"href":"https:\/\/www.luxor.cz\/blog\/wp-json\/wp\/v2\/types\/post"}],"author":[{"embeddable":true,"href":"https:\/\/www.luxor.cz\/blog\/wp-json\/wp\/v2\/users\/2"}],"replies":[{"embeddable":true,"href":"https:\/\/www.luxor.cz\/blog\/wp-json\/wp\/v2\/comments?post=2351"}],"version-history":[{"count":0,"href":"https:\/\/www.luxor.cz\/blog\/wp-json\/wp\/v2\/posts\/2351\/revisions"}],"wp:attachment":[{"href":"https:\/\/www.luxor.cz\/blog\/wp-json\/wp\/v2\/media?parent=2351"}],"wp:term":[{"taxonomy":"category","embeddable":true,"href":"https:\/\/www.luxor.cz\/blog\/wp-json\/wp\/v2\/categories?post=2351"},{"taxonomy":"post_tag","embeddable":true,"href":"https:\/\/www.luxor.cz\/blog\/wp-json\/wp\/v2\/tags?post=2351"}],"curies":[{"name":"wp","href":"https:\/\/api.w.org\/{rel}","templated":true}]}}