{"id":2346,"date":"2013-12-07T20:15:00","date_gmt":"2013-12-07T19:15:00","guid":{"rendered":"https:\/\/www.luxor.cz\/blog\/nezarazene\/co-se-za-cely-den-a-kratky-pribeh-nestane\/"},"modified":"2023-01-06T16:17:08","modified_gmt":"2023-01-06T15:17:08","slug":"co-se-za-cely-den-a-kratky-pribeh-nestane-377","status":"publish","type":"post","link":"https:\/\/www.luxor.cz\/blog\/recenze\/co-se-za-cely-den-a-kratky-pribeh-nestane-377\/","title":{"rendered":"Co se za cel\u00fd den a kr\u00e1tk\u00fd p\u0159\u00edb\u011bh (ne)stane?"},"content":{"rendered":"<\/p>\n<\/p>\n<p>Anotace knihy toho kdov\u00ed kolik  neprozrad\u00ed, je sp\u00ed\u0161e jen mozaikou v\u00fdjev\u016f, kter\u00e9 se na prvn\u00ed pohled k\u00a0sob\u011b  ani moc nehod\u00ed. \u010cten\u00e1\u0159 vlastn\u011b v\u016fbec netu\u0161\u00ed, co o\u010dek\u00e1vat. A to je mo\u017en\u00e1 pr\u00e1v\u011b  dob\u0159e. D\u011bj se pom\u011brn\u011b t\u011b\u017eko shrnuje, a pokud bychom se o to p\u0159ece jen pokusili,  nic ucelen\u00e9ho bychom nejsp\u00ed\u0161 dohromady nedali. Kniha je p\u0159\u00edb\u011bhem jedin\u00e9ho dne,  b\u011bhem n\u011bho\u017e se Marta-matka a Lola-dcera ve sv\u00fdch vzpom\u00ednk\u00e1ch vracej\u00ed  k\u00a0ud\u00e1lostem d\u00e1vno minul\u00fdm. Ka\u017ed\u00e1 ze sv\u00e9ho \u00fahlu pohledu hodnot\u00ed konkr\u00e9tn\u00ed  situace, d\u00e1v\u00e1 \u010dten\u00e1\u0159i nahl\u00e9dnout do sv\u00fdch my\u0161lenek, pocit\u016f, starost\u00ed i bolest\u00ed  a opou\u0161t\u00ed ho v\u017edycky d\u0159\u00edv, ne\u017e si na ni dok\u00e1\u017ee zvyknout. \u010cty\u0159ic\u00e1tnice a  puber\u0165a\u010dka \u2013 najdeme mezi nimi tolik rozd\u00edl\u016f, kolik jejich v\u011bk a \u017eivotn\u00ed  zku\u0161enosti nab\u00edzej\u00ed. Jedna druh\u00e9 nerozum\u00ed, mo\u017en\u00e1 ani po\u0159\u00e1dn\u011b rozum\u011bt nechce.  Ale jedno maj\u00ed spole\u010dn\u00e9 \u2013 tr\u00e1p\u00ed se kv\u016fli Esterh\u00e1zymu, mu\u017ei, kter\u00fd hr\u00e1l  v\u00a0jejich \u017eivot\u011b hlavn\u00ed roli a kter\u00fd p\u0159ed lety zmizel.<\/p>\n<p>Pr\u00e1zdnota, ji\u017e ob\u011b \u017eeny kv\u016fli  man\u017eelovi a otci c\u00edt\u00ed, je v podstat\u011b hlavn\u00edm t\u00e9matem knihy. Jak se s\u00a0n\u00ed  (ne)vyrovn\u00e1vaj\u00ed, vyprav\u011b\u010d v\u00a0jednotliv\u00fdch epizod\u00e1ch l\u00ed\u010d\u00ed zkratkovit\u011b,  nap\u0159\u00edmo a bez zbyte\u010dn\u00fdch pas\u00e1\u017e\u00ed, kter\u00e9 by strh\u00e1valy pozornost pry\u010d od hlavn\u00edho  proudu. T\u00edm Bellov\u00e1 \u010dten\u00e1\u0159e nab\u00edr\u00e1 b\u011bhem prvn\u00edch p\u00e1r stran a nepust\u00ed ho, dokud  ho zcela citov\u011b vy\u0161\u0165aven\u00e9ho nevyplivne na konci p\u0159\u00edb\u011bhu. Kniha m\u00e1 jen m\u00e1lo  stran, o to nabit\u011bj\u0161\u00ed ve skute\u010dnosti je. Autorka vypr\u00e1v\u00ed siln\u011b, \u010dtiv\u011b a  zaj\u00edmav\u011b. Jej\u00ed metoda psan\u00ed, v\u00a0n\u00ed\u017e nenalezneme jedin\u00e9 zbyte\u010dn\u00e9 slovo \u010di  nesmyslnou odbo\u010dku, je velice p\u016fsobiv\u00e1 a hodna obdivu. Bellov\u00e1 je nejsiln\u011bj\u0161\u00ed  pr\u00e1v\u011b ve sv\u00e9m vyprav\u011b\u010dsk\u00e9m stylu, kter\u00fd se jen t\u011b\u017eko s\u00a0n\u011bk\u00fdm srovn\u00e1v\u00e1. <\/p>\n<p>\u010cten\u00e1\u0159 se po do\u010dten\u00ed chce  k\u00a0p\u0159\u00edb\u011bhu vr\u00e1tit, za\u010d\u00edt znova a je\u0161t\u011b jednou si v\u0161e pro\u010d\u00edst. Na jednu  stranu pr\u00e1v\u011b d\u00edky skv\u011bl\u00e9mu vypr\u00e1v\u011bn\u00ed, na stranu druhou v\u0161ak \u010d\u00e1ste\u010dn\u011b taky kv\u016fli  tempu, v\u00a0n\u011bm\u017e se v\u0161e odehr\u00e1v\u00e1. Je t\u00e9m\u011b\u0159 nemo\u017en\u00e9 p\u0159\u00edb\u011bh najednou str\u00e1vit  (pozor, ne p\u0159e\u010d\u00edst \u2013 p\u0159e\u010d\u00edst ho m\u016f\u017eete za jedin\u00fd ve\u010der), a nut\u00ed \u010dten\u00e1\u0159e d\u00e1l nad  n\u00edm p\u0159em\u00fd\u0161let, dokreslovat si sc\u00e9ny, znovu se setkat s\u00a0Martou a Lolou. Mal\u00e9  doporu\u010den\u00ed budouc\u00edm \u010dten\u00e1\u0159\u016fm na z\u00e1v\u011br tedy zn\u00ed: \u010dt\u011bte pomalu a uv\u00e1\u017een\u011b,  p\u0159em\u00fd\u0161lejte nad p\u0159e\u010dten\u00fdm u\u017e b\u011bhem \u010detby a prodlu\u017ete si alespo\u0148 takto p\u0159\u00edb\u011bh,  kter\u00fd si va\u0161i dlouhodob\u011bj\u0161\u00ed soust\u0159ed\u011bnou pozornost rozhodn\u011b zaslou\u017e\u00ed. <\/p>\n<p>P. S. Re\u00e1lie v\u00a0knize jsou  zcela evidentn\u011b pra\u017esk\u00e9, nicm\u00e9n\u011b z\u00a0n\u011bjak\u00e9ho nezn\u00e1m\u00e9ho d\u016fvodu na m\u011b p\u0159\u00edb\u011bh  p\u016fsobil dojmem, jako by se v\u00a0na\u0161\u00ed zemi neodehr\u00e1val. Tento pocit nelze  ni\u010d\u00edm konkr\u00e9tn\u00edm dolo\u017eit, vysv\u011btlit ani obh\u00e1jit, jen prost\u011b p\u0159etrv\u00e1v\u00e1. Berme ho  jako jev pozitivn\u00ed.<\/p>\n<h2>Hodnocen\u00ed: 75 %\u00a0<\/h2>\n<p>Autorka:\u00a0Gabriela Manov\u00e1<\/p>\n","protected":false},"excerpt":{"rendered":"<p>Bianca Bellov\u00e1 nen\u00ed v literatu\u0159e \u017e\u00e1dn\u00fdm nov\u00e1\u010dkem, p\u0159esto na \u010desk\u00e9 liter\u00e1rn\u00ed sc\u00e9n\u011b dosud p\u016fsob\u00ed pon\u011bkud nen\u00e1padn\u011b. A n\u00e1zev jej\u00ed t\u0159et\u00ed knihy s t\u00edm na prvn\u00ed pohled vlastn\u011b souzn\u00ed. Cel\u00fd den se nic nestane cht\u011b necht\u011b evokuje my\u0161lenku, \u017ee se nic nestane ani v t\u00e9 knize \u2013 zvl\u00e1\u0161\u0165, kdy\u017e svazek nem\u00e1 ani sto pades\u00e1t stran. Chyba l\u00e1vky. Bellov\u00e1 je mistrem zkratky. Velice \u010dtiv\u00e9 zkratky.<\/p>\n","protected":false},"author":2,"featured_media":0,"comment_status":"open","ping_status":"open","sticky":false,"template":"","format":"standard","meta":{"_acf_changed":false,"_monsterinsights_skip_tracking":false,"_monsterinsights_sitenote_active":false,"_monsterinsights_sitenote_note":"","_monsterinsights_sitenote_category":0,"_EventAllDay":false,"_EventTimezone":"","_EventStartDate":"","_EventEndDate":"","_EventStartDateUTC":"","_EventEndDateUTC":"","_EventShowMap":false,"_EventShowMapLink":false,"_EventURL":"","_EventCost":"","_EventCostDescription":"","_EventCurrencySymbol":"","_EventCurrencyCode":"","_EventCurrencyPosition":"","_EventDateTimeSeparator":"","_EventTimeRangeSeparator":"","_EventOrganizerID":[],"_EventVenueID":[],"_OrganizerEmail":"","_OrganizerPhone":"","_OrganizerWebsite":"","_VenueAddress":"","_VenueCity":"","_VenueCountry":"","_VenueProvince":"","_VenueState":"","_VenueZip":"","_VenuePhone":"","_VenueURL":"","_VenueStateProvince":"","_VenueLat":"","_VenueLng":"","_VenueShowMap":false,"_VenueShowMapLink":false,"twitterCardType":"","cardImageID":0,"cardImage":"","cardTitle":"","cardDesc":"","cardImageAlt":"","cardPlayer":"","cardPlayerWidth":0,"cardPlayerHeight":0,"cardPlayerStream":"","cardPlayerCodec":"","footnotes":""},"categories":[7],"tags":[],"class_list":["post-2346","post","type-post","status-publish","format-standard","hentry","category-recenze"],"acf":{"related_products":null},"_links":{"self":[{"href":"https:\/\/www.luxor.cz\/blog\/wp-json\/wp\/v2\/posts\/2346","targetHints":{"allow":["GET"]}}],"collection":[{"href":"https:\/\/www.luxor.cz\/blog\/wp-json\/wp\/v2\/posts"}],"about":[{"href":"https:\/\/www.luxor.cz\/blog\/wp-json\/wp\/v2\/types\/post"}],"author":[{"embeddable":true,"href":"https:\/\/www.luxor.cz\/blog\/wp-json\/wp\/v2\/users\/2"}],"replies":[{"embeddable":true,"href":"https:\/\/www.luxor.cz\/blog\/wp-json\/wp\/v2\/comments?post=2346"}],"version-history":[{"count":0,"href":"https:\/\/www.luxor.cz\/blog\/wp-json\/wp\/v2\/posts\/2346\/revisions"}],"wp:attachment":[{"href":"https:\/\/www.luxor.cz\/blog\/wp-json\/wp\/v2\/media?parent=2346"}],"wp:term":[{"taxonomy":"category","embeddable":true,"href":"https:\/\/www.luxor.cz\/blog\/wp-json\/wp\/v2\/categories?post=2346"},{"taxonomy":"post_tag","embeddable":true,"href":"https:\/\/www.luxor.cz\/blog\/wp-json\/wp\/v2\/tags?post=2346"}],"curies":[{"name":"wp","href":"https:\/\/api.w.org\/{rel}","templated":true}]}}