{"id":2334,"date":"2013-11-24T16:09:00","date_gmt":"2013-11-24T15:09:00","guid":{"rendered":"https:\/\/www.luxor.cz\/blog\/nezarazene\/osm-svetu-1-seznameni\/"},"modified":"2023-01-06T16:17:19","modified_gmt":"2023-01-06T15:17:19","slug":"osm-svetu-1-seznameni-365","status":"publish","type":"post","link":"https:\/\/www.luxor.cz\/blog\/nezarazene\/osm-svetu-1-seznameni-365\/","title":{"rendered":"Osm sv\u011bt\u016f 1 &#8211; Sezn\u00e1men\u00ed"},"content":{"rendered":"<\/p>\n<p><span style=\"line-height: 1.45em:\"><\/span><\/p>\n<\/p>\n<p><span style=\"line-height: 1.45em:\">\u010cesk\u00fd kni\u017en\u00ed thriller teprve t\u0159in\u00e1ctilet\u00e9 autorky se  odehr\u00e1v\u00e1 v sou\u010dasn\u00e9m New Yorku a vypr\u00e1v\u00ed p\u0159\u00edb\u011bh sedmn\u00e1ctilet\u00e9 Ley Layerov\u00e9,  oby\u010dejn\u00e9 st\u0159edo\u0161kola\u010dky, kterou krom\u011b zvl\u00e1\u0161tn\u00edch temn\u00fdch sn\u016f nic netr\u00e1p\u00ed. Jedn\u00e9  noci se Lea vzbud\u00ed z no\u010dn\u00ed m\u016fry a necht\u011bn\u011b vyslechne rozhovor sv\u00e9 adoptivn\u00ed  rodiny, ze kter\u00e9ho pochop\u00ed, \u017ee jej\u00ed rodi\u010de, bratr Fred i sestra Samantha jsou  Osmisv\u011b\u0165an\u00e9, co\u017e znamen\u00e1, \u017ee poch\u00e1zej\u00ed z \u00fapln\u011b jin\u00e9 galaxie. Velk\u00e1 propast,  kter\u00e1 ji v tom okam\u017eiku odd\u011bl\u00ed od jej\u00edho dosavadn\u00edho \u017eivota, se je\u0161t\u011b prohloub\u00ed,  kdy\u017e Leyin otec, policista Thomas, p\u0159ivede zcela ne\u010dekan\u011b do jejich navenek  poklidn\u00e9 dom\u00e1cnosti tajemn\u00e9ho mlad\u00edka Harryho, kter\u00fd k velk\u00e9 nelibosti Freda  zabere pokoj pro hosty. To v\u0161e by samo o sob\u011b nebyla a\u017e takov\u00e1 katastrofa,  kdyby se v\u0161ak sympatick\u00fd a pohledn\u00fd Harry ne\u017eivil jako n\u00e1jemn\u00fd vrah&#8230;  N\u00e1sleduj\u00edc\u00ed ud\u00e1losti zm\u011bn\u00ed ve\u0161ker\u00e9 d\u011bn\u00ed kolem Ley na neskute\u010dn\u00fd ak\u010dn\u00ed film.  Z\u00e1hy toti\u017e Harry miz\u00ed z jej\u00edho \u017eivota je\u0161t\u011b dramati\u010dt\u011bji, ne\u017e se objevil a k  jeho nalezen\u00ed mus\u00ed Lea p\u0159ekonat p\u0159ek\u00e1\u017eky, o jak\u00fdch se j\u00ed nezd\u00e1lo ani v t\u011bch  nejd\u011bsiv\u011bj\u0161\u00edch snech.<\/span><\/p>\n<p>Prvn\u00ed d\u00edl z p\u0159ipravovan\u00e9 trilogie <i>Osm sv\u011bt\u016f<\/i>.<\/p>\n<h2>D\u00e1rek<\/h2>\n<p>P\u0159i zakoupen\u00ed knihy <a href=\"http:\/\/neoluxor.cz\/detske\/osm-svetu-1-seznameni--200766\/\" target=\"_blank\" rel=\"noopener\">Osm sv\u011bt\u016f 1 \u2013 Sezn\u00e1men\u00ed<\/a>, na v\u00e1s \u010dek\u00e1  d\u00e1rek od zna\u010dky Dermacol \u2013 fantasticky vypadaj\u00edc\u00ed <a href=\"http:\/\/www.dermacol.cz\/dekorativni-kosmetika\/rty\/lesky-na-rty\/glitter-lip-gloss\" target=\"_blank\" rel=\"noopener\">lesk na rty se t\u0159pytkami<\/a>.<\/p>\n<p>Tato akce plat\u00ed pouze v\u00a0knihkupectv\u00ed Pal\u00e1c knih Luxor  na V\u00e1clavsk\u00e9m n\u00e1m. a knihkupectv\u00ed Nov\u00fd Sm\u00edchov v\u00a0OC Nov\u00fd Sm\u00edchov do 24\/12  2013.<\/p>\n","protected":false},"excerpt":{"rendered":"<p>K n\u00e1kupu knihy Marcely Reme\u0148ov\u00e9 Osm sv\u011bt\u016f v Pal\u00e1ci knih Luxor nebo v Knihkupectv\u00ed Nov\u00fd Sm\u00edchov, z\u00edsk\u00e1te jako d\u00e1rek lesk na rty od firmy Dermacol.<\/p>\n","protected":false},"author":2,"featured_media":0,"comment_status":"open","ping_status":"open","sticky":false,"template":"","format":"standard","meta":{"_acf_changed":false,"_monsterinsights_skip_tracking":false,"_monsterinsights_sitenote_active":false,"_monsterinsights_sitenote_note":"","_monsterinsights_sitenote_category":0,"_EventAllDay":false,"_EventTimezone":"","_EventStartDate":"","_EventEndDate":"","_EventStartDateUTC":"","_EventEndDateUTC":"","_EventShowMap":false,"_EventShowMapLink":false,"_EventURL":"","_EventCost":"","_EventCostDescription":"","_EventCurrencySymbol":"","_EventCurrencyCode":"","_EventCurrencyPosition":"","_EventDateTimeSeparator":"","_EventTimeRangeSeparator":"","_EventOrganizerID":[],"_EventVenueID":[],"_OrganizerEmail":"","_OrganizerPhone":"","_OrganizerWebsite":"","_VenueAddress":"","_VenueCity":"","_VenueCountry":"","_VenueProvince":"","_VenueState":"","_VenueZip":"","_VenuePhone":"","_VenueURL":"","_VenueStateProvince":"","_VenueLat":"","_VenueLng":"","_VenueShowMap":false,"_VenueShowMapLink":false,"twitterCardType":"","cardImageID":0,"cardImage":"","cardTitle":"","cardDesc":"","cardImageAlt":"","cardPlayer":"","cardPlayerWidth":0,"cardPlayerHeight":0,"cardPlayerStream":"","cardPlayerCodec":"","footnotes":""},"categories":[1],"tags":[],"class_list":["post-2334","post","type-post","status-publish","format-standard","hentry","category-nezarazene"],"acf":{"related_products":null},"_links":{"self":[{"href":"https:\/\/www.luxor.cz\/blog\/wp-json\/wp\/v2\/posts\/2334","targetHints":{"allow":["GET"]}}],"collection":[{"href":"https:\/\/www.luxor.cz\/blog\/wp-json\/wp\/v2\/posts"}],"about":[{"href":"https:\/\/www.luxor.cz\/blog\/wp-json\/wp\/v2\/types\/post"}],"author":[{"embeddable":true,"href":"https:\/\/www.luxor.cz\/blog\/wp-json\/wp\/v2\/users\/2"}],"replies":[{"embeddable":true,"href":"https:\/\/www.luxor.cz\/blog\/wp-json\/wp\/v2\/comments?post=2334"}],"version-history":[{"count":0,"href":"https:\/\/www.luxor.cz\/blog\/wp-json\/wp\/v2\/posts\/2334\/revisions"}],"wp:attachment":[{"href":"https:\/\/www.luxor.cz\/blog\/wp-json\/wp\/v2\/media?parent=2334"}],"wp:term":[{"taxonomy":"category","embeddable":true,"href":"https:\/\/www.luxor.cz\/blog\/wp-json\/wp\/v2\/categories?post=2334"},{"taxonomy":"post_tag","embeddable":true,"href":"https:\/\/www.luxor.cz\/blog\/wp-json\/wp\/v2\/tags?post=2334"}],"curies":[{"name":"wp","href":"https:\/\/api.w.org\/{rel}","templated":true}]}}