{"id":2326,"date":"2013-11-15T12:07:00","date_gmt":"2013-11-15T11:07:00","guid":{"rendered":"https:\/\/www.luxor.cz\/blog\/nezarazene\/nemocna-televize-nova\/"},"modified":"2023-01-06T16:17:20","modified_gmt":"2023-01-06T15:17:20","slug":"nemocna-televize-nova-356","status":"publish","type":"post","link":"https:\/\/www.luxor.cz\/blog\/recenze\/nemocna-televize-nova-356\/","title":{"rendered":"(Ne)mocn\u00e1 televize Nova"},"content":{"rendered":"<\/p>\n<p><span><\/span><\/p>\n<\/p>\n<p><span>D\u011bn\u00ed okolo Novy vy\u00fastilo v n\u011bkolik mezin\u00e1rodn\u00edch arbitr\u00e1\u017e\u00ed a \u010cesk\u00e1 republika byla nucena v roce 2003 zaplatit p\u016fvodn\u00edm zahrani\u010dn\u00edm investor\u016fm za zma\u0159enou investici v\u00edce ne\u017e 11 miliard korun.<\/span><\/p>\n<p>Jak na za\u010d\u00e1tku knihy zazn\u00edv\u00e1, <i>\u201e\u0159ada odborn\u00edk\u016f, novin\u00e1\u0159\u016f a pam\u011btn\u00edk\u016f si pozd\u011bji kladla ot\u00e1zku, jak je mo\u017en\u00e9, \u017ee tento p\u016fvodn\u011b tak zmaten\u00fd projekt ovl\u00e1dl mysl a \u017eivoty tolika oby\u010dejn\u00fdch lid\u00ed.\u201c<\/i> (s. 20) Nemus\u00edte b\u00fdt ani odborn\u00edkem, novin\u00e1\u0159em nebo pam\u011btn\u00edkem, sta\u010d\u00ed m\u00edt bystrou mysl a hlavu k p\u0159em\u00fd\u0161len\u00ed a ne pro par\u00e1du, abyste se ptali na tot\u00e9\u017e. Jan V\u00e1vra pe\u010dliv\u011b dokumentuje celou situaci, vykresluje mocensk\u00e9 pom\u011bry, vlivy a okolnosti vzniku televize Nova. V\u00edc ne\u017e p\u011bt let byl \u0161\u00e9fredaktorem a \u0159editelem zpravodajstv\u00ed. P\u016fsobil v televizi i v dob\u011b, kdy Vladim\u00edr \u017delezn\u00fd u\u017e nebyl jen \u0159editel, ale tak\u00e9 \u010d\u00edm d\u00e1l v\u011bt\u0161\u00ed krimin\u00e1ln\u00edk, kter\u00fd se opojil \u00a0moc\u00ed a neudr\u017eel balanc. Jako slu\u0161n\u00fd \u010dlov\u011bk p\u0159ed \u010deskou ve\u0159ejnost\u00ed skon\u010dil, kdy\u017e vypluly na povrch pom\u011bry mezi n\u00edm, investi\u010dn\u00ed spole\u010dnost\u00ed CME, IPB, Radou pro rozhlasov\u00e9 a televizn\u00ed vys\u00edl\u00e1n\u00ed atd. To, \u017ee jej mnoho lid\u00ed st\u00e1le pova\u017euje za celebritu, kter\u00e9 se poda\u0159ilo rozjet s ohromn\u00fdm \u00fasp\u011bchem prvn\u00ed komer\u010dn\u00ed televizi v polistopadov\u00e9 \u00e9\u0159e a nevid\u00ed\/necht\u011bj\u00ed vid\u011bt jeho proh\u0159e\u0161ky, je p\u0159i nejmen\u0161\u00edm smutn\u00e9 a zar\u00e1\u017eej\u00edc\u00ed. Nutno dodat, \u017ee se na konci devades\u00e1t\u00fdch let V\u00e1vra se \u017delezn\u00fdm pracovn\u011b i lidsky roze\u0161el.<\/p>\n<p><span>Jan V\u00e1vra \u010dtiv\u011b popisuje, jakou moc\u00ed televize Nova disponuje i jakou nemoc\u00ed trp\u00ed. D\u00e1vkuje informace, bud\u00ed ot\u00e1zky, vzbuzuje emoce ve spr\u00e1vn\u00fd \u010das. Zpo\u010d\u00e1tku na m\u011b kniha p\u016fsobila jako pov\u00edd\u00e1n\u00ed star\u00e9ho p\u00e1na, kter\u00fd se pot\u0159ebuje vypsat. \u010c\u00edm d\u00e1l jsem ale pokra\u010dovala, t\u00edm v\u00edce m\u011b kniha bavila. Hlavn\u011b proto, \u017ee jsem tam objevila ty \u201et\u0159askav\u00e9\u201c informace, kter\u00e9 jsem \u010dekala ji\u017e od za\u010d\u00e1tku. V\u017edy\u0165 titulek jakoby \u0159\u00edk\u00e1: \u201eOdhaluj\u00edc\u00ed a kompromituj\u00edc\u00ed informace zaru\u010deny!\u201c. Zaj\u00edmav\u00e9 je sledovat mocensk\u00e9 pom\u011bry mezi TV Nova a politiky. Pro ty \u010dten\u00e1\u0159e, kte\u0159\u00ed \u010dekaj\u00ed vhled do tehdej\u0161\u00ed situace, bude kniha jist\u011b dobrou volbou.<\/span><\/p>\n<p>B\u011bhem \u010dten\u00ed jsem n\u011bkolikr\u00e1t pomyslela na to, jak by se mi hodila graficky zpracovan\u00e1 \u010dasov\u00e1 osa s miln\u00edky sleduj\u00edc\u00ed v\u00fdvoj TV Nova a lid\u00ed okolo n\u00ed. Pro ukotven\u00ed v \u010dase. A taky proto, \u017ee kdy\u017e Nova vznikla, tak j\u00e1 se u\u010dila prv\u00ed slova, tud\u00ed\u017e se moje vzpom\u00ednky to\u010d\u00ed sp\u00ed\u0161e okolo barb\u00edn a pozd\u011bji maxim\u00e1ln\u011b okolo po\u0159adu ESO, a nikoliv okolo opozi\u010dn\u00ed smlouvy nebo IPB. Stejn\u011b tak by se hodil p\u0159ehled hlavn\u00edch akt\u00e9r\u016f \u2013 velice kr\u00e1tce, jejich medailonky a s k\u00fdm to tehdy hr\u00e1li tenis a golf. Kdy\u017e p\u016fjdu je\u0161t\u011b d\u00e1l \u2013 takov\u00e9ho mocensk\u00e9ho pavouka by ocenil ka\u017ed\u00fd. Bez ohledu na to, zda v dob\u011b vzniku Novy chodil v pl\u00ednk\u00e1ch jako j\u00e1. Jist\u011b by to knihu u\u010dinilo atraktivn\u011bj\u0161\u00ed.<\/p>\n<p>Pom\u016f\u017eu si uk\u00e1zkou z knihy, abych uk\u00e1zala, pro\u010d byste si ji m\u011bli p\u0159e\u010d\u00edst &#8211; a\u0165 jste studenti \u017eurnalistiky nebo zku\u0161en\u00ed novin\u00e1\u0159i, nez\u00fa\u010dastn\u011bn\u00ed televizn\u00ed div\u00e1ci, politici, \u201emarke\u0165\u00e1ci\u201c \u010di medi\u00e1ln\u00ed odborn\u00edci:<\/p>\n<p><i> \u201eNa\u0161i politici maj\u00ed tendenci v\u017edy p\u0159ece\u0148ovat vliv m\u00e9di\u00ed, kter\u00e1 \u010din\u00ed odpov\u011bdn\u00fdmi za sv\u00e9 nezdary, ale na druhou stranu je ochota \u010cech\u016f a \u010ce\u0161ek v\u011b\u0159it tomu, co vid\u00ed na obrazovce, zcela neuv\u011b\u0159iteln\u00e1. Snad z toho d\u016fvodu, \u017ee neexistovala a dosud neexistuje n\u011bco jako medi\u00e1ln\u00ed v\u00fdchova, je televize st\u00e1le pro v\u011bt\u0161inu n\u00e1roda zjeven\u00edm samotn\u00e9 pravdy. O pravdivosti pohybliv\u00e9ho obr\u00e1zku dopln\u011bn\u00e9ho vhodn\u00fdm koment\u00e1\u0159em nepochybuj\u00ed nikdy. Pokud by vid\u011bli jednu a tu samou ud\u00e1lost na vlastn\u00ed o\u010di a pak v televizi, tak budou v\u011b\u0159it t\u00e9 v televizi.\u201c<\/i> (s. 152)<\/p>\n<\/p>\n<p>Jde samoz\u0159ejm\u011b o jednu v\u00fdpov\u011b\u010f. I tak si mysl\u00edm, \u017ee je pot\u0159eba br\u00e1t ji v \u00favahu, p\u0159em\u00fd\u0161l\u00edme-li o \u010desk\u00e9 medi\u00e1ln\u00ed sc\u00e9n\u011b, postaven\u00ed TV Nova i Vladim\u00edra \u017delezn\u00e9ho. Vym\u011b\u0148te jeden ve\u010der u televize za ve\u010der s kn\u00ed\u017ekou, kter\u00e1 sic nen\u00ed dokonal\u00e1, ale zcela jist\u011b obohacuj\u00edc\u00ed. Ur\u010dit\u011b v\u00e1m to d\u00e1 v\u00edc, ne\u017e ve\u010der s Babicou nebo 159. \u0159adou n\u011bjak\u00e9 dal\u0161\u00ed talentov\u00e9 sout\u011b\u017ee.<\/p>\n<p>Jan V\u00e1vra (nar. 1954) vystudoval herectv\u00ed na divadeln\u00ed fakult\u011b AMU v Praze. Do roku 1990 se \u017eivil jako herec, p\u016fsobil v pra\u017esk\u00fdch divadlech, nap\u0159\u00edklad v \u010cinohern\u00edm klubu a hr\u00e1l ve filmech, nap\u0159\u00edklad v Kalamit\u011b V\u011bry Chytilov\u00e9. Z\u00e1rove\u0148 s n\u011bkolika p\u0159\u00e1teli vyd\u00e1val samizdatovou revue Prostor. Po p\u00e1du komunistick\u00e9ho re\u017eimu za\u010dal pracovat jako novin\u00e1\u0159, byl \u0161\u00e9fredaktorem t\u00fdden\u00edku OF F\u00f3rum a koment\u00e1torem Lidov\u00fdch novin. Pod\u00edlel se na vzniku TV NOVA, kde p\u016fsobil v\u00edce ne\u017e p\u011bt let jako \u0161\u00e9f zpravodajstv\u00ed a moder\u00e1tor ned\u011bln\u00ed politick\u00e9 diskuze Sedmi\u010dka. V sou\u010dasn\u00e9 dob\u011b je \u0159editelem televizn\u00ed produk\u010dn\u00ed spole\u010dnosti a p\u00ed\u0161e koment\u00e1\u0159e pro \u010cesk\u00fd rozhlas. V roce 2008 vydal rom\u00e1n s autobiografick\u00fdmi rysy V krajin\u011b prorostl\u00e9ho b\u016f\u010dku.<\/p>\n<h2>Hodnocen\u00ed: 71 %<\/h2>\n<p>Autorka: Ane\u017eka Adam\u00edkov\u00e1<\/p>\n<p>Zdroj obr\u00e1zku: Lidovky.cz<\/p>\n","protected":false},"excerpt":{"rendered":"<p>Podtitul knihy Moc a nemoc televize Nova je vypov\u00eddaj\u00edc\u00ed: Sv\u011bdectv\u00ed o lidech a jejich ambic\u00edch. O tom, \u017ee lid\u00e9 jsou r\u016fzn\u00ed a ambice mohou b\u00fdt s\u017e\u00edrav\u00e9, snad v\u00ed n\u011bco m\u00e1lo ka\u017ed\u00fd. Kauza Vladim\u00edra \u017delezn\u00e9ho a televize Nova je kr\u00e1sn\u00fdm p\u0159\u00edkladem, \u010deho jsou lid\u00e9 schopni, kdy\u017e je hon\u00ed touha po moci. A vlastn\u011b tak\u00e9 neschopn\u00ed, kdy\u017e jde na druhou stranu o to u\u010dinit n\u011bkter\u00fdm v\u011bcem p\u0159\u00edtr\u017e.<\/p>\n","protected":false},"author":2,"featured_media":0,"comment_status":"open","ping_status":"open","sticky":false,"template":"","format":"standard","meta":{"_acf_changed":false,"_monsterinsights_skip_tracking":false,"_monsterinsights_sitenote_active":false,"_monsterinsights_sitenote_note":"","_monsterinsights_sitenote_category":0,"_EventAllDay":false,"_EventTimezone":"","_EventStartDate":"","_EventEndDate":"","_EventStartDateUTC":"","_EventEndDateUTC":"","_EventShowMap":false,"_EventShowMapLink":false,"_EventURL":"","_EventCost":"","_EventCostDescription":"","_EventCurrencySymbol":"","_EventCurrencyCode":"","_EventCurrencyPosition":"","_EventDateTimeSeparator":"","_EventTimeRangeSeparator":"","_EventOrganizerID":[],"_EventVenueID":[],"_OrganizerEmail":"","_OrganizerPhone":"","_OrganizerWebsite":"","_VenueAddress":"","_VenueCity":"","_VenueCountry":"","_VenueProvince":"","_VenueState":"","_VenueZip":"","_VenuePhone":"","_VenueURL":"","_VenueStateProvince":"","_VenueLat":"","_VenueLng":"","_VenueShowMap":false,"_VenueShowMapLink":false,"twitterCardType":"","cardImageID":0,"cardImage":"","cardTitle":"","cardDesc":"","cardImageAlt":"","cardPlayer":"","cardPlayerWidth":0,"cardPlayerHeight":0,"cardPlayerStream":"","cardPlayerCodec":"","footnotes":""},"categories":[7],"tags":[],"class_list":["post-2326","post","type-post","status-publish","format-standard","hentry","category-recenze"],"acf":{"related_products":null},"_links":{"self":[{"href":"https:\/\/www.luxor.cz\/blog\/wp-json\/wp\/v2\/posts\/2326","targetHints":{"allow":["GET"]}}],"collection":[{"href":"https:\/\/www.luxor.cz\/blog\/wp-json\/wp\/v2\/posts"}],"about":[{"href":"https:\/\/www.luxor.cz\/blog\/wp-json\/wp\/v2\/types\/post"}],"author":[{"embeddable":true,"href":"https:\/\/www.luxor.cz\/blog\/wp-json\/wp\/v2\/users\/2"}],"replies":[{"embeddable":true,"href":"https:\/\/www.luxor.cz\/blog\/wp-json\/wp\/v2\/comments?post=2326"}],"version-history":[{"count":0,"href":"https:\/\/www.luxor.cz\/blog\/wp-json\/wp\/v2\/posts\/2326\/revisions"}],"wp:attachment":[{"href":"https:\/\/www.luxor.cz\/blog\/wp-json\/wp\/v2\/media?parent=2326"}],"wp:term":[{"taxonomy":"category","embeddable":true,"href":"https:\/\/www.luxor.cz\/blog\/wp-json\/wp\/v2\/categories?post=2326"},{"taxonomy":"post_tag","embeddable":true,"href":"https:\/\/www.luxor.cz\/blog\/wp-json\/wp\/v2\/tags?post=2326"}],"curies":[{"name":"wp","href":"https:\/\/api.w.org\/{rel}","templated":true}]}}