{"id":2320,"date":"2013-11-04T13:30:00","date_gmt":"2013-11-04T12:30:00","guid":{"rendered":"https:\/\/www.luxor.cz\/blog\/nezarazene\/projekt-nama-aneb-kdyz-darky-pomahaji\/"},"modified":"2023-01-06T16:17:31","modified_gmt":"2023-01-06T15:17:31","slug":"projekt-nama-aneb-kdyz-darky-pomahaji-350","status":"publish","type":"post","link":"https:\/\/www.luxor.cz\/blog\/nezarazene\/projekt-nama-aneb-kdyz-darky-pomahaji-350\/","title":{"rendered":"Projekt NAMA, aneb kdy\u017e d\u00e1rky pom\u00e1haj\u00ed"},"content":{"rendered":"<\/p>\n<p><span><\/span><\/p>\n<p><span style=\"line-height: 1.45em:\"><\/p>\n<p><\/span><\/p>\n<p><span style=\"line-height: 1.45em:\">V sou\u010dasn\u00e9 dob\u011b jsou v Namibii mezi obyvateli velk\u00e9 majetkov\u00e9 rozd\u00edly. 50-60% obyvatel \u017eije ve slumech a nejsou schopni si naj\u00edt pr\u00e1ci, kter\u00e1 by je u\u017eivila. Ekonomick\u00e9 principy zde moc nefunguj\u00ed a m\u00edstn\u00ed ani nemaj\u00ed mnoho p\u0159\u00edle\u017eitost\u00ed, jak si je osvojit. V\u011bt\u0161ina z nich m\u00e1 na den 1 a\u017e 2 americk\u00e9 dolary, kter\u00e9 nesta\u010d\u00ed ani na ml\u00e9ko a toustov\u00fd chl\u00e9b. A\u010d je Namibie vn\u00edm\u00e1na jako zem\u011b pat\u0159\u00edc\u00ed k nejvysp\u011blej\u0161\u00edm zem\u00edm Afriky, je i zem\u00ed, kter\u00e1 je nejv\u00edce zasa\u017eena pandemi\u00ed HIV\/AIDS.<\/span><\/p>\n<\/p>\n<p>Hnut\u00ed \u010clov\u011bk v t\u00edsni se proto rozhodlo situaci \u0159e\u0161it. V roce 2004 za\u010dalo p\u016fsobit na jihu Namibie a vytvo\u0159ilo pro m\u00edstn\u00ed obyvatele chr\u00e1n\u011bnou d\u00edlnu, ve kter\u00e9 vyr\u00e1b\u00ed v\u00fdrobky na z\u00e1klad\u011b tradi\u010dn\u00ed v\u00fdroby kmen\u016f K\u0159ov\u00e1k\u016f a Nam\u016f. D\u00edlna tak nejen p\u0159in\u00e1\u0161\u00ed pracovn\u00ed m\u00edsta pro m\u00edstn\u00ed, ale z\u00e1rove\u0148 i pom\u00e1h\u00e1 udr\u017eet \u010d\u00e1st tradi\u010dn\u00edch \u0159emesel, kter\u00e9 ji\u017e postupn\u011b upadaj\u00ed v zapomn\u011bn\u00ed. <\/p>\n<p>Od roku 2009 doch\u00e1zelo k postupn\u00e9mu osamostat\u0148ov\u00e1n\u00ed d\u00edlny, kter\u00e9 vy\u00fastilo v zalo\u017een\u00ed m\u00edstn\u00ed neziskov\u00e9 organizace Karas Huisen Crafts s vlastn\u00edm logem a identitou.<\/p>\n<p>Mezi dal\u0161\u00ed projekty, kter\u00e9 \u010clov\u011bk v t\u00edsni za\u0161ti\u0165uje je pomoc matk\u00e1m s HIV\/AIDS. Matky nemohou sv\u00e9 d\u011bti kojit, jeliko\u017e by tak do\u0161lo k p\u0159enesen\u00ed n\u00e1kazy na d\u00edt\u011b. Z toho d\u016fvodu dost\u00e1vaj\u00ed um\u011blou v\u00fd\u017eivu pro sv\u00e9 d\u011bti, aby se takov\u00e9mu riziku p\u0159ede\u0161lo. V roce 2012, se poda\u0159ilo ochr\u00e1nit v\u0161ech 82 d\u011bt\u00ed, se kter\u00fdmi se spolupracovalo.\u00a0<span style=\"line-height: 1.45em:\">Aby mohly rodiny l\u00e9pe bojovat s n\u00e1kazou, jsou jim poskytnuty kozy s n\u00e1vodem, jak se o n\u011b starat a d\u00e1le je rozmno\u017eovat. Rodiny, kter\u00e9 je obdr\u017eely v roce 2011, musely polovinu koz nahradit nov\u011b narozen\u00fdmi k\u016fzlaty. Ty se pak rozdistribuovali do dal\u0161\u00edch rodin, kde mohou pomoci.<\/span><\/p>\n<p>Nyn\u00ed p\u0159in\u00e1\u0161\u00edme mo\u017enost, jak se i vy m\u016f\u017eete zapojit do pomoci a podpo\u0159it tak projekt NAMA. V Pal\u00e1ci knih Neoluxor jsme um\u00edstili 2 stojany s v\u00fdrobky, jejich\u017e zakoupen\u00edm podpo\u0159\u00edte obyvatele v Namibii. Jeden stojan s ta\u0161kami a \u0161perky naleznete v p\u0159\u00edzem\u00ed a druh\u00fd stojan se nal\u00e9z\u00e1 v d\u011btsk\u00e9m odd\u011blen\u00ed. Zde m\u016f\u017eete zakoupit n\u00e1dhern\u00e9 ply\u0161ov\u00e9 hra\u010dky pro sv\u00e9 d\u011bti.\u00a0<span style=\"line-height: 1.45em:\">Nejen, \u017ee zakoupen\u00edm ud\u011bl\u00e1te hned dvoj\u00ed radost, ale z\u00edsk\u00e1te i dobr\u00fd pocit, \u017ee jste pomohli.<\/span><\/p>\n<p>V\u00edce informac\u00ed o projektu najdete na\u00a0<a href=\"http:\/\/www.nama.cz\/\" style=\"line-height: 1.45em:\" target=\"_blank\" rel=\"noopener\">http:\/\/www.nama.cz\/<\/a><\/p>\n","protected":false},"excerpt":{"rendered":"<p>D\u00e1rky kupujeme proto, \u017ee chceme na\u0161im bl\u00edzk\u00fdm ud\u011blat radost. Ale co kdybychom mohli ud\u011blat radost hned dvakr\u00e1t? S hnut\u00edm \u010clov\u011bk v t\u00edsni a jejich projektem NAMA m\u00e1te mo\u017enost pomoci.<\/p>\n","protected":false},"author":2,"featured_media":0,"comment_status":"open","ping_status":"open","sticky":false,"template":"","format":"standard","meta":{"_acf_changed":false,"_monsterinsights_skip_tracking":false,"_monsterinsights_sitenote_active":false,"_monsterinsights_sitenote_note":"","_monsterinsights_sitenote_category":0,"_EventAllDay":false,"_EventTimezone":"","_EventStartDate":"","_EventEndDate":"","_EventStartDateUTC":"","_EventEndDateUTC":"","_EventShowMap":false,"_EventShowMapLink":false,"_EventURL":"","_EventCost":"","_EventCostDescription":"","_EventCurrencySymbol":"","_EventCurrencyCode":"","_EventCurrencyPosition":"","_EventDateTimeSeparator":"","_EventTimeRangeSeparator":"","_EventOrganizerID":[],"_EventVenueID":[],"_OrganizerEmail":"","_OrganizerPhone":"","_OrganizerWebsite":"","_VenueAddress":"","_VenueCity":"","_VenueCountry":"","_VenueProvince":"","_VenueState":"","_VenueZip":"","_VenuePhone":"","_VenueURL":"","_VenueStateProvince":"","_VenueLat":"","_VenueLng":"","_VenueShowMap":false,"_VenueShowMapLink":false,"twitterCardType":"","cardImageID":0,"cardImage":"","cardTitle":"","cardDesc":"","cardImageAlt":"","cardPlayer":"","cardPlayerWidth":0,"cardPlayerHeight":0,"cardPlayerStream":"","cardPlayerCodec":"","footnotes":""},"categories":[1],"tags":[],"class_list":["post-2320","post","type-post","status-publish","format-standard","hentry","category-nezarazene"],"acf":{"related_products":null},"_links":{"self":[{"href":"https:\/\/www.luxor.cz\/blog\/wp-json\/wp\/v2\/posts\/2320","targetHints":{"allow":["GET"]}}],"collection":[{"href":"https:\/\/www.luxor.cz\/blog\/wp-json\/wp\/v2\/posts"}],"about":[{"href":"https:\/\/www.luxor.cz\/blog\/wp-json\/wp\/v2\/types\/post"}],"author":[{"embeddable":true,"href":"https:\/\/www.luxor.cz\/blog\/wp-json\/wp\/v2\/users\/2"}],"replies":[{"embeddable":true,"href":"https:\/\/www.luxor.cz\/blog\/wp-json\/wp\/v2\/comments?post=2320"}],"version-history":[{"count":0,"href":"https:\/\/www.luxor.cz\/blog\/wp-json\/wp\/v2\/posts\/2320\/revisions"}],"wp:attachment":[{"href":"https:\/\/www.luxor.cz\/blog\/wp-json\/wp\/v2\/media?parent=2320"}],"wp:term":[{"taxonomy":"category","embeddable":true,"href":"https:\/\/www.luxor.cz\/blog\/wp-json\/wp\/v2\/categories?post=2320"},{"taxonomy":"post_tag","embeddable":true,"href":"https:\/\/www.luxor.cz\/blog\/wp-json\/wp\/v2\/tags?post=2320"}],"curies":[{"name":"wp","href":"https:\/\/api.w.org\/{rel}","templated":true}]}}