{"id":2319,"date":"2013-11-05T10:30:00","date_gmt":"2013-11-05T09:30:00","guid":{"rendered":"https:\/\/www.luxor.cz\/blog\/nezarazene\/zena-v-kleci-je-po-peti-letech-znovu-na-scene\/"},"modified":"2023-01-06T16:17:31","modified_gmt":"2023-01-06T15:17:31","slug":"zena-v-kleci-je-po-peti-letech-znovu-na-scene-349","status":"publish","type":"post","link":"https:\/\/www.luxor.cz\/blog\/nezarazene\/zena-v-kleci-je-po-peti-letech-znovu-na-scene-349\/","title":{"rendered":"\u017dena v kleci je po p\u011bti letech znovu na sc\u00e9n\u011b!"},"content":{"rendered":"<\/p>\n<h2><\/h2>\n<\/p>\n<h2>Kniha<\/h2>\n<p>Komisa\u0159 Carl <span>M\u00f8rck byl \u00fa\u010dastn\u00edkem traumatick\u00e9 p\u0159est\u0159elky, p\u0159i kter\u00e9 jeden z jeho  koleg\u016f zem\u0159el a druh\u00fd n\u00e1sledkem poran\u011bn\u00ed m\u00edchy ochrnul. A\u010d se Carlovi nic  nestalo, trp\u00ed v\u00fd\u010ditkami, zda nemohl ud\u011blat n\u011bco v\u00edce pro z\u00e1chranu sv\u00fdch p\u0159\u00e1tel.  Po t\u00e9to ud\u00e1losti je p\u0159elo\u017een do nov\u011b vznikl\u00e9ho odd\u011blen\u00ed Q, ve kter\u00e9m se m\u00e1  v\u011bnovat prot\u0159\u00edd\u011bn\u00ed odlo\u017een\u00fdch a nedo\u0159e\u0161en\u00fdch p\u0159\u00edpad\u016f. Jeho detektivn\u00ed instinkt  ho nasm\u011bruje k p\u0159\u00edpadu \u00fadajn\u00e9 sebevra\u017edy mlad\u00e9 politi\u010dky Merete  Lynggaardov\u00e9, kter\u00e1 zmizela p\u0159ed p\u011bti lety p\u0159i plavb\u011b na trajektu. Jedin\u00fdm  sv\u011bdkem je jej\u00ed du\u0161evn\u011b nemocn\u00fd bratr, kter\u00fd od tragick\u00e9 nehody rodi\u010d\u016f  nepromluvil. Plavil se spole\u010dn\u011b s Merete a po jej\u00edm zmizen\u00ed byl nalezen v  podpalub\u00ed.<\/span><\/p>\n<\/p>\n<\/p>\n<p>Carl se spole\u010dn\u011b se sv\u00fdm asistentem Asadem pou\u0161t\u00ed do vy\u0161et\u0159ov\u00e1n\u00ed p\u0159\u00edpadu. Je toti\u017e mo\u017en\u00e9, \u017ee Merete Lynggeaardov\u00e1 nezem\u0159ela, ale st\u00e1le \u017eije, dr\u017een\u00e1 na nezn\u00e1mem m\u00edst\u011b.<\/p>\n<p>Kniha nab\u00edz\u00ed nap\u00ednavou \u010detbu, p\u0159i kter\u00e9 se prol\u00ednaj\u00ed  kapitoly z pohledu Merete, kter\u00e1 popisuje sv\u00e9 dr\u017een\u00ed v kleci, s kapitolami  kter\u00e9 se v\u011bnuj\u00ed Carlovi a jeho postupn\u00e9mu vy\u0161et\u0159ov\u00e1n\u00ed. V\u0161e je ps\u00e1no velmi  autenticky a zejm\u00e9na z vypr\u00e1v\u011bn\u00ed Merete V\u00e1m jist\u011b p\u016fjde mr\u00e1z po z\u00e1dech.<\/p>\n<p><a href=\"http:\/\/neoluxor.cz\/beletrie\/zena-v-kleci--57899\/\" target=\"_blank\" rel=\"noopener\">\u017dena v kleci<\/a>\u00a0vy\u0161la v roce 2007 a je prvn\u00ed knihou ze s\u00e9rie <i>Odd\u011blen\u00ed Q<\/i> s komisa\u0159em Carlem <span>M\u00f8rckem. Knihy vy\u0161ly ve v\u00edce ne\u017e 35 zem\u00edch sv\u011bta a celkov\u00fd po\u010det  prodan\u00fdch kus\u016f je okolo 7 milion\u016f.\u00a0<\/span>U n\u00e1s knihy vyd\u00e1v\u00e1 nakladatelstv\u00ed Host a po\u010det prodan\u00fdch  kus\u016f za celou kni\u017en\u00ed s\u00e9rii se pohybuje okolo 40 tis\u00edc.<\/p>\n<p>Spole\u010dn\u011b s filmem se uv\u00e1d\u00ed do prodeje i audiokniha,  kterou na\u010detl Igor Bare\u0161. <\/p>\n<h2>Film<\/h2>\n<p>Za prvn\u00ed v\u00edkend film v D\u00e1nsku nav\u0161t\u00edvilo okolo 175 tis\u00edc  div\u00e1k\u016f a stal se tak spole\u010dn\u011b s filmem <i>Mu\u017ei, kte\u0159\u00ed nen\u00e1vid\u00ed \u017eeny<\/i> nej\u00fasp\u011b\u0161n\u011bj\u0161\u00edm d\u00e1nsk\u00fdm filmem za posledn\u00edch deset let. Tyto filmy nepoj\u00ed pouze  vysok\u00e1 n\u00e1v\u0161t\u011bvnost, ale i spole\u010dn\u00fd sc\u00e9n\u00e1rista Nikolaj Arcela. <\/p>\n<p>Re\u017eii filmu m\u011bl na starost Mikkel N\u00f8rgaard, kter\u00fd m\u00e1 za sebou t\u0159eba komedii <i>Klaun<\/i> z  roku 2010. S <i>\u017denou v kleci <\/i>nyn\u00ed p\u0159edstavuje typickou temnou severskou  detektivku. Krom\u011b pochmurn\u00e9 atmosf\u00e9ry se m\u016f\u017eete t\u011b\u0161it i na obl\u00edbenou kombinaci  osamn\u011bl\u00e9ho a cynick\u00e9ho vy\u0161et\u0159ovatele (Nikolaj Lie Kaas) s r\u00fdpav\u00fdm asistentem (Fares Fares), kte\u0159\u00ed p\u0159es za\u010d\u00e1te\u010dn\u00ed pot\u00ed\u017ee  vytvo\u0159\u00ed sehranou dvojici. <\/p>\n<p><\/p>\n<h2>Autor<\/h2>\n<\/p>\n<p>Jussi Adler-Olsen se narodil v roce 1950 v Kodani, kde vystudoval politologii  a filmovou v\u011bdu. Jeho otec byl psychiatr a Jussi tak v d\u011btstv\u00ed vyr\u016fstal v  r\u016fzn\u00fdch psychiatrick\u00fdch l\u00e9\u010debn\u00e1ch. Z t\u00e9to zku\u0161enosti \u010derp\u00e1 i inspiraci a informace pro sv\u00e9 knihy, ve kter\u00fdch  pracuje s motivem psychick\u00fdch poruch. <\/p>\n<p>Jeho liter\u00e1rn\u00ed kari\u00e9ru odstartovala kniha <i>Alfabethuset <\/i>v  roce 1997. V roce 2007 za\u010dal se s\u00e9ri\u00ed krimin\u00e1ln\u00edch p\u0159\u00edpad\u016f <i>Odd\u011blen\u00ed Q<\/i>. Jako  prvn\u00ed knihu p\u0159edstavil <a href=\"http:\/\/neoluxor.cz\/beletrie\/zena-v-kleci--57899\/\" target=\"_blank\" rel=\"noopener\">\u017denu v kleci<\/a>. Dal\u0161\u00ed knihy jsou <a href=\"http:\/\/neoluxor.cz\/beletrie\/zabijaci-druhy-pripad-komisare-carla-mo--172004\/\" target=\"_blank\" rel=\"noopener\">Zabij\u00e1ci<\/a>, <a href=\"http:\/\/neoluxor.cz\/beletrie\/vzkaz-v-lahvi--182535\/\" target=\"_blank\" rel=\"noopener\">Vzkaz v l\u00e1hvi<\/a> a <a href=\"http:\/\/neoluxor.cz\/beletrie\/slozka-64--199764\/\" target=\"_blank\" rel=\"noopener\">Slo\u017eka 64<\/a>, za kterou z\u00edskal presti\u017en\u00ed d\u00e1nsk\u00e9 ocen\u011bn\u00ed Zlat\u00fd vav\u0159\u00edn. <\/p>\n<p>Nyn\u00ed vyd\u00e1v\u00e1 nejnov\u011bj\u0161\u00ed knihu ze s\u00e9rie <i>Marco<\/i>,  kter\u00e1 je v \u010cesku pl\u00e1novan\u00e1 na rok 2014. <\/p>\n<p>Autorka: Ema Krhovsk\u00e1<\/p>\n<h2>Sout\u011b\u017e<\/h2>\n<p>Sout\u011b\u017ete s n\u00e1mi o filmov\u00e9 bal\u00ed\u010dky \u017deny v kleci! 3 z v\u00e1s kte\u0159\u00ed spr\u00e1vn\u011b odpov\u00ed na sout\u011b\u017en\u00ed ot\u00e1zku, se mohou t\u011b\u0161it na vstupenky do kina spole\u010dn\u011b s knihou a  audioknihou. Sout\u011b\u017e kon\u010d\u00ed 12. listopadu 2013, v\u00fdherce budeme kontaktovat e-mailem.<\/p>\n<p><b>V\u00fdherci:<\/b><\/p>\n<\/p>\n<ul>\n<li><span style=\"line-height: 1.45em:\">Kamila Z\u00e1zvorkov\u00e1\u00a0<\/span><\/li>\n<li><span style=\"line-height: 1.45em:\">Mark\u00e9ta (nenapsala n\u00e1m p\u0159\u00edjmen\u00ed)\u00a0<\/span><\/li>\n<li><span style=\"line-height: 1.45em:\">Miloslav Male\u010dek<\/span><\/li>\n<\/ul>\n","protected":false},"excerpt":{"rendered":"<p>\u017dena v kleci vy\u0161la poprv\u00e9 v roce 2007 a odstartovala tak \u00fasp\u011b\u0161nou s\u00e9rii Odd\u011blen\u00ed Q, ve kter\u00e9m p\u016fsob\u00ed charismatick\u00fd komisa\u0159 Carl M\u00f8rck. Moment\u00e1ln\u011b je v kinech k vid\u011bn\u00ed i jej\u00ed filmov\u00e1 adaptace, kter\u00e1 podle dosavad\u00edch kritik nab\u00edz\u00ed tu spr\u00e1vnou temnou atmosf\u00e9ru, na kterou jsme u seversk\u00fdch detektivek zvykl\u00ed.<\/p>\n","protected":false},"author":2,"featured_media":0,"comment_status":"open","ping_status":"open","sticky":false,"template":"","format":"standard","meta":{"_acf_changed":false,"_monsterinsights_skip_tracking":false,"_monsterinsights_sitenote_active":false,"_monsterinsights_sitenote_note":"","_monsterinsights_sitenote_category":0,"_EventAllDay":false,"_EventTimezone":"","_EventStartDate":"","_EventEndDate":"","_EventStartDateUTC":"","_EventEndDateUTC":"","_EventShowMap":false,"_EventShowMapLink":false,"_EventURL":"","_EventCost":"","_EventCostDescription":"","_EventCurrencySymbol":"","_EventCurrencyCode":"","_EventCurrencyPosition":"","_EventDateTimeSeparator":"","_EventTimeRangeSeparator":"","_EventOrganizerID":[],"_EventVenueID":[],"_OrganizerEmail":"","_OrganizerPhone":"","_OrganizerWebsite":"","_VenueAddress":"","_VenueCity":"","_VenueCountry":"","_VenueProvince":"","_VenueState":"","_VenueZip":"","_VenuePhone":"","_VenueURL":"","_VenueStateProvince":"","_VenueLat":"","_VenueLng":"","_VenueShowMap":false,"_VenueShowMapLink":false,"twitterCardType":"","cardImageID":0,"cardImage":"","cardTitle":"","cardDesc":"","cardImageAlt":"","cardPlayer":"","cardPlayerWidth":0,"cardPlayerHeight":0,"cardPlayerStream":"","cardPlayerCodec":"","footnotes":""},"categories":[1],"tags":[],"class_list":["post-2319","post","type-post","status-publish","format-standard","hentry","category-nezarazene"],"acf":{"related_products":null},"_links":{"self":[{"href":"https:\/\/www.luxor.cz\/blog\/wp-json\/wp\/v2\/posts\/2319","targetHints":{"allow":["GET"]}}],"collection":[{"href":"https:\/\/www.luxor.cz\/blog\/wp-json\/wp\/v2\/posts"}],"about":[{"href":"https:\/\/www.luxor.cz\/blog\/wp-json\/wp\/v2\/types\/post"}],"author":[{"embeddable":true,"href":"https:\/\/www.luxor.cz\/blog\/wp-json\/wp\/v2\/users\/2"}],"replies":[{"embeddable":true,"href":"https:\/\/www.luxor.cz\/blog\/wp-json\/wp\/v2\/comments?post=2319"}],"version-history":[{"count":0,"href":"https:\/\/www.luxor.cz\/blog\/wp-json\/wp\/v2\/posts\/2319\/revisions"}],"wp:attachment":[{"href":"https:\/\/www.luxor.cz\/blog\/wp-json\/wp\/v2\/media?parent=2319"}],"wp:term":[{"taxonomy":"category","embeddable":true,"href":"https:\/\/www.luxor.cz\/blog\/wp-json\/wp\/v2\/categories?post=2319"},{"taxonomy":"post_tag","embeddable":true,"href":"https:\/\/www.luxor.cz\/blog\/wp-json\/wp\/v2\/tags?post=2319"}],"curies":[{"name":"wp","href":"https:\/\/api.w.org\/{rel}","templated":true}]}}