{"id":2303,"date":"2013-10-17T14:05:00","date_gmt":"2013-10-17T12:05:00","guid":{"rendered":"https:\/\/www.luxor.cz\/blog\/nezarazene\/mistr-spanelskeho-genia-loci-a-jeho-prvni-pribeh\/"},"modified":"2023-01-06T16:17:31","modified_gmt":"2023-01-06T15:17:31","slug":"mistr-spanelskeho-genia-loci-a-jeho-prvni-pribeh-332","status":"publish","type":"post","link":"https:\/\/www.luxor.cz\/blog\/recenze\/mistr-spanelskeho-genia-loci-a-jeho-prvni-pribeh-332\/","title":{"rendered":"Mistr \u0161pan\u011blsk\u00e9ho genia loci a jeho prvn\u00ed p\u0159\u00edb\u011bh"},"content":{"rendered":"<\/p>\n<p><span><\/span><\/p>\n<\/p>\n<p><a href=\"http:\/\/neoluxor.cz\/beletrie\/knize-z-mlhy--200816\/\" target=\"_blank\" rel=\"noopener\">Kn\u00ed\u017ee z mlhy<\/a> je prvn\u00ed knihou z voln\u00e9 \u201eml\u017en\u00e9\u201c trilogie. Dal\u0161\u00ed d\u00edly <i>P\u016flno\u010dn\u00ed pal\u00e1c<\/i> a <i>Z\u00e1\u0159ijov\u00e1 sv\u011btla<\/i> by m\u011bly postupn\u011b vych\u00e1zet b\u011bhem p\u0159\u00ed\u0161t\u00edho roku. P\u0159\u00edb\u011bh je zasazen do doby druh\u00e9 sv\u011btov\u00e9 v\u00e1lky, kdy se do m\u011bste\u010dka na pob\u0159e\u017e\u00ed p\u0159ist\u011bhuje mlad\u00e1 rodina. Koup\u00ed d\u016fm, kter\u00fd m\u00e1 v\u0161ak svou historii a v okam\u017eiku, kdy p\u0159ekro\u010d\u00ed jeho pr\u00e1h, se za\u010dnou d\u00edt podivn\u00e9 v\u011bci. Syn p\u0159edch\u00e1zej\u00edc\u00edch majitel\u016f toti\u017e z\u00e1hadn\u011b zem\u0159el, a jeho duch jako by se st\u00e1le vzn\u00e1\u0161el nad cel\u00fdm mal\u00fdm p\u0159\u00edstavem a maj\u00e1kem, kter\u00fd k n\u011bmu samoz\u0159ejm\u011b pat\u0159\u00ed (u\u017e jen proto, abyste si mohli p\u0159edstavovat, jak se kolem n\u011bj povaluje mlha, proto\u017ee p\u0159esn\u011b takov\u00e1 atmosf\u00e9ra kouk\u00e1 z ka\u017ed\u00e9ho \u0159\u00e1dku t\u00e9hle kn\u00ed\u017eky). Pro\u010d se to stalo a jak vlastn\u011b? Co o tom v\u00ed star\u00fd str\u00e1\u017ece maj\u00e1ku? Pro\u010d jdou hodiny na n\u00e1dra\u017e\u00ed pozp\u00e1tku? Na v\u011bt\u0161inu t\u011bchto ot\u00e1zek dostanete v kn\u00ed\u017ece odpov\u011b\u010f, ale rovnou \u0159\u00edk\u00e1m, \u017ee na n\u011bkter\u00e9 z nich ne. Co\u017e m\u016f\u017ee nejednoho \u010dten\u00e1\u0159e zarazit, ov\u0161em j\u00e1 si mysl\u00edm, \u017ee to pr\u00e1v\u011b pat\u0159\u00ed k Zaf\u00f3novi, \u017ee zkr\u00e1tka pot\u0159ebuje z\u016fstat tajemn\u00fd i pot\u00e9, co do\u010dtete na posledn\u00ed str\u00e1nku.<\/p>\n<\/p>\n<p>Tenhle p\u0159\u00edb\u011bh ale je p\u0159eci jen trochu jin\u00fd, ne\u017e ostatn\u00ed autorovy rom\u00e1ny, nejbl\u00ed\u017e m\u00e1 asi k <a href=\"http:\/\/neoluxor.cz\/beletrie\/marina--169403\/\" target=\"_blank\" rel=\"noopener\">Marin\u011b<\/a>. U\u017e v p\u0159edmluv\u011b toti\u017e autor \u0159\u00edk\u00e1, \u017ee je to kniha \u201epro ml\u00e1de\u017e\u201c, kterou by on s\u00e1m r\u00e1d v tom v\u011bku \u010detl. A tak to je. Tahle kn\u00ed\u017eka je \u00fatl\u00e1, p\u0159esto se toho v n\u00ed spousta semele, p\u011bkn\u011b po zaf\u00f3novsku. Jak u\u017e jsem zmi\u0148ovala, sice tu tentokr\u00e1t nen\u00ed Barcelona, ale tajupln\u00e9 a ponur\u00e9 a trochu d\u011bsiv\u00e9 je to stejn\u011b jako jeho ostatn\u00ed p\u0159\u00edb\u011bhy. A mus\u00edm \u0159\u00edct, \u017ee konec m\u011b zasko\u010dil. Ne\u010dekala jsem ho. Pokud v\u00e1s bav\u00ed Zaf\u00f3n v jak\u00e9koli podob\u011b, je tohle rozhodn\u011b absolutn\u00ed must read!<\/p>\n<\/p>\n<h2>Hodnocen\u00ed: 80 %<\/h2>\n<p>Autorka: Tereza Peckov\u00e1<\/p>\n","protected":false},"excerpt":{"rendered":"<p>Carlos Ruiz Zaf\u00f3n je velk\u00e9 jm\u00e9no. Dok\u00e1zal si podmanit statis\u00edce \u010dten\u00e1\u0159\u016f sv\u00fdm osobit\u00fdm l\u00ed\u010den\u00edm Barcelony a jej\u00edch tajemstv\u00ed v knize St\u00edn v\u011btru. Te\u010f p\u0159iv\u00e1d\u00ed na sc\u00e9nu Kn\u00ed\u017eete z mlhy, svou prvotinu, kde z Barcelony nenajdete ani kapku, ale m\u00e1te-li r\u00e1di zaf\u00f3novskou poetiku, rozhodn\u011b v\u00e1s nezklame.<\/p>\n","protected":false},"author":2,"featured_media":0,"comment_status":"open","ping_status":"open","sticky":false,"template":"","format":"standard","meta":{"_acf_changed":false,"_monsterinsights_skip_tracking":false,"_monsterinsights_sitenote_active":false,"_monsterinsights_sitenote_note":"","_monsterinsights_sitenote_category":0,"_EventAllDay":false,"_EventTimezone":"","_EventStartDate":"","_EventEndDate":"","_EventStartDateUTC":"","_EventEndDateUTC":"","_EventShowMap":false,"_EventShowMapLink":false,"_EventURL":"","_EventCost":"","_EventCostDescription":"","_EventCurrencySymbol":"","_EventCurrencyCode":"","_EventCurrencyPosition":"","_EventDateTimeSeparator":"","_EventTimeRangeSeparator":"","_EventOrganizerID":[],"_EventVenueID":[],"_OrganizerEmail":"","_OrganizerPhone":"","_OrganizerWebsite":"","_VenueAddress":"","_VenueCity":"","_VenueCountry":"","_VenueProvince":"","_VenueState":"","_VenueZip":"","_VenuePhone":"","_VenueURL":"","_VenueStateProvince":"","_VenueLat":"","_VenueLng":"","_VenueShowMap":false,"_VenueShowMapLink":false,"twitterCardType":"","cardImageID":0,"cardImage":"","cardTitle":"","cardDesc":"","cardImageAlt":"","cardPlayer":"","cardPlayerWidth":0,"cardPlayerHeight":0,"cardPlayerStream":"","cardPlayerCodec":"","footnotes":""},"categories":[7],"tags":[],"class_list":["post-2303","post","type-post","status-publish","format-standard","hentry","category-recenze"],"acf":{"related_products":null},"_links":{"self":[{"href":"https:\/\/www.luxor.cz\/blog\/wp-json\/wp\/v2\/posts\/2303","targetHints":{"allow":["GET"]}}],"collection":[{"href":"https:\/\/www.luxor.cz\/blog\/wp-json\/wp\/v2\/posts"}],"about":[{"href":"https:\/\/www.luxor.cz\/blog\/wp-json\/wp\/v2\/types\/post"}],"author":[{"embeddable":true,"href":"https:\/\/www.luxor.cz\/blog\/wp-json\/wp\/v2\/users\/2"}],"replies":[{"embeddable":true,"href":"https:\/\/www.luxor.cz\/blog\/wp-json\/wp\/v2\/comments?post=2303"}],"version-history":[{"count":0,"href":"https:\/\/www.luxor.cz\/blog\/wp-json\/wp\/v2\/posts\/2303\/revisions"}],"wp:attachment":[{"href":"https:\/\/www.luxor.cz\/blog\/wp-json\/wp\/v2\/media?parent=2303"}],"wp:term":[{"taxonomy":"category","embeddable":true,"href":"https:\/\/www.luxor.cz\/blog\/wp-json\/wp\/v2\/categories?post=2303"},{"taxonomy":"post_tag","embeddable":true,"href":"https:\/\/www.luxor.cz\/blog\/wp-json\/wp\/v2\/tags?post=2303"}],"curies":[{"name":"wp","href":"https:\/\/api.w.org\/{rel}","templated":true}]}}