{"id":2301,"date":"2013-10-07T12:15:00","date_gmt":"2013-10-07T10:15:00","guid":{"rendered":"https:\/\/www.luxor.cz\/blog\/nezarazene\/jedenacty-roman-osmnacta-kniha\/"},"modified":"2023-01-06T16:17:40","modified_gmt":"2023-01-06T15:17:40","slug":"jedenacty-roman-osmnacta-kniha-330","status":"publish","type":"post","link":"https:\/\/www.luxor.cz\/blog\/recenze\/jedenacty-roman-osmnacta-kniha-330\/","title":{"rendered":"Jeden\u00e1ct\u00fd rom\u00e1n, osmn\u00e1ct\u00e1 kniha"},"content":{"rendered":"<\/p>\n<\/p>\n<p>J\u00e1 v\u00edm, ka\u017ed\u00fd t\u0159et\u00ed spisovatel je te\u010f ten nejlep\u0161\u00ed a  velebeni jsou v\u00a0podstat\u011b v\u0161ichni. U Solstada ale nejde o hloupou v\u00e1bni\u010dku,  kter\u00e1 by se nalepila na obal. V\u00edce ne\u017e milovn\u00edky knih p\u0159itahuje milovn\u00edky p\u0159em\u00fd\u0161len\u00ed,  a to u\u017e cel\u00fdch (plus minus) pades\u00e1t let. Nen\u00ed divu. Stal se koment\u00e1torem  spole\u010dnosti, pro\u0161el si n\u00e1zorov\u00fdm spektrem p\u011bkn\u011b z\u00a0leva doprava a neb\u00e1l se  ani b\u0159itk\u00fdch kritik \u010di esej\u016f. Nakonec se zabydlel v\u00a0prost\u0159ed\u00ed, kter\u00e9 mu  slu\u0161\u00ed nejv\u00edc a kter\u00e9 po celou dobu z\u00a0jeho rom\u00e1n\u016f pomrk\u00e1valo \u2013  v\u00a0prost\u0159ed\u00ed existencion\u00e1ln\u00edch dramat.<\/p>\n<p>A p\u0159esn\u011b uprost\u0159ed jednoho soukrom\u00e9ho existencion\u00e1ln\u00edho  dramatu se nach\u00e1z\u00ed i Bj\u00f6rn Hansen, hlavn\u00ed hrdina knihy, dvaat\u0159icetilet\u00fd, vcelku  \u00fasp\u011b\u0161n\u00fd finan\u010dn\u00edk, kter\u00fd fl\u00e1kne s\u00a0prac\u00ed, opust\u00ed rodinu a p\u0159est\u011bhuje se, to  v\u0161e jen proto, \u017ee jako \u201espr\u00e1vn\u00fd\u201c mu\u017e netu\u0161\u00ed, kdy poslouchat srdce a kdy  poklopec. Pakli\u017ee o\u010dek\u00e1v\u00e1te obrovsk\u00e9 dilema (rodina, nebo milenka?) \u010di p\u0159\u00edb\u011bh  mu\u017ee, kter\u00fd hled\u00e1 s\u00e1m sebe a za pomoc\u00ed citov\u00fdch koloto\u010d\u016f nach\u00e1z\u00ed sv\u00e9 m\u00edsto ve  spole\u010dnosti, pak budete p\u0159ekvapeni nejen t\u00edm, jak se p\u0159\u00edb\u011bh vyvine, ale i t\u00edm,  na \u010dem vlastn\u011b stoj\u00ed a na co upozor\u0148uje.<\/p>\n<p>V\u00a0p\u0159\u00edb\u011bhu Bj\u00f6rna Hansena toti\u017e nen\u00ed prostor ani na  zlomek citu. S\u00e1m hrdina proplouv\u00e1 p\u0159\u00edb\u011bhem, jako by bylo v\u0161e dan\u00e9, jako by  nem\u011bl \u017e\u00e1dn\u00e9 jin\u00e9 mo\u017enosti. Je jako nez\u00fa\u010dastn\u011bn\u00fd pozorovatel p\u0159ikovan\u00fd  k\u00a0sv\u00e9mu, pozorovan\u00e9mu t\u011blu. Tento pocit vyvol\u00e1 Solstad hned na za\u010d\u00e1tku  bravurn\u011b zvolenou formou, kdy velmi odta\u017eit\u011b a v\u011bcn\u011b komentuje kdo je hlavn\u00ed  hrdina, p\u0159i\u010dem\u017e ani na moment n\u00e1m ned\u00e1 \u0161anci vytvo\u0159it si k\u00a0n\u011bmu vztah. Bj\u00f6rn  Hansen by klidn\u011b mohl b\u00fdt Josefem K., dokud k\u00a0n\u011bmu nep\u0159i\u0161li t\u0159i mu\u017ei.  \u00da\u0159edn\u00ed\u010dek tak oby\u010dejn\u00fd, a\u017e v\u00e1s za\u010dne zaj\u00edmat.<\/p>\n<p>Psal jsem, \u017ee je to existenci\u00e1ln\u00ed drama. Solstadova tvorba  z\u00a0let devades\u00e1t\u00fdch nav\u00edc velmi jasn\u011b odkazuje k\u00a0p\u0159edobraz\u016fm typu  Camuse, Kafky a Manna. Proto je jen logick\u00e9, \u017ee Bj\u00f6rn Hansen nen\u00ed oby\u010dejn\u00fdm  \u00fa\u0159edn\u00ed\u010dkem. Naopak, ve\u0161kerou t\u00edhu vzduchopr\u00e1zdna kolem sebe si uv\u011bdomuje a  proto se rozhodne pro radik\u00e1ln\u00ed \u010din, pro fin\u00e1ln\u00ed katarzi, kter\u00e1 by m\u011bla otev\u0159\u00edt  o\u010di jemu, pop\u0159\u00edpad\u011b spole\u010dnosti. <\/p>\n<p>Ned\u00e1 se \u0159\u00edct, \u017ee by kniha pat\u0159ila p\u0159\u00edmo do kategorie t\u011bch  s\u00a0tou \u201evelkou pointou.\u201c Kdo o\u010dek\u00e1v\u00e1 pumov\u00fd \u00fatok nebo odpoledn\u00ed v\u00fdlet do  kancel\u00e1\u0159\u00ed s\u00a0kulometem, ten bude taky zklam\u00e1n. Bj\u00f6rn toti\u017e ani v\u00a0t\u00e9to  \u010d\u00e1sti knihy nevystoup\u00ed ze sv\u00e9ho st\u00ednu \u2013 neza\u010dne \u0159e\u0161it probl\u00e9m, vyv\u00edjet hore\u010dn\u00e9  \u00fasil\u00ed. Jeho \u0161okuj\u00edc\u00ed \u0159e\u0161en\u00ed je stejn\u00e9 jako on \u2013 tich\u00e9, klidn\u00e9, nen\u00e1padn\u00e9, ale  p\u0159edev\u0161\u00edm &#8211; nepochopiteln\u00e9. V\u00a0prvn\u00ed moment uc\u00edt\u00edte zklam\u00e1n\u00ed, po chvilce p\u0159em\u00fd\u0161len\u00ed  obrovsk\u00fd zmatek, a\u017e nakonec zjist\u00edte, \u017ee nic smutn\u011bj\u0161\u00edho se vymyslet nedalo. <\/p>\n<p>Kdy\u017e jsem bral do ruky <a href=\"http:\/\/neoluxor.cz\/beletrie\/jedenacty-roman-kniha-osmnact--198858\/\" target=\"_blank\" rel=\"noopener\">Jeden\u00e1ct\u00fd rom\u00e1n, osmn\u00e1ctou knihu<\/a>, byl  jsem na\u0161tvan\u00fd, \u017ee je jej\u00ed n\u00e1zev tak odfl\u00e1knut\u00fd. Kdy\u017e jsem ji vracel, pochopil  jsem, \u017ee Solstad n\u00e1zvem zavr\u0161il bezv\u00fdznamnost Bj\u00f6rna Hansena, a \u017ee v\u0161e oby\u010dejn\u00e9  m\u00e1 v\u00a0tomto posmutn\u011bl\u00e9m p\u0159\u00edb\u011bhu sv\u016fj smysl.<\/p>\n<\/p>\n<h2>Hodnocen\u00ed: 100 %<\/h2>\n<\/p>\n<p>Autor: Luk\u00e1\u0161 Pal\u00e1n<\/p>\n<p>Zdroj obr\u00e1zku: Akam.no<\/p>\n","protected":false},"excerpt":{"rendered":"<p>Ta kniha m\u011b p\u0159il\u00e1kala sv\u00fdm n\u00e1zvem, ale o zv\u011bdavosti nem\u016f\u017ee b\u00fdt \u0159e\u010d. Daleko v\u00edce jsem c\u00edtil vztek, \u017ee n\u011bkdo, kdo je veleben jako nejlep\u0161\u00ed norsk\u00fd spisovatel, prok\u00e1\u017ee takovou nechu\u0165 vymyslet by\u0165 ten sebeblb\u011bj\u0161\u00ed n\u00e1zev a m\u00edsto toho se spokoj\u00ed se such\u00fdm, po\u0159adov\u00fdm \u010d\u00edslem.<\/p>\n","protected":false},"author":2,"featured_media":0,"comment_status":"open","ping_status":"open","sticky":false,"template":"","format":"standard","meta":{"_acf_changed":false,"_monsterinsights_skip_tracking":false,"_monsterinsights_sitenote_active":false,"_monsterinsights_sitenote_note":"","_monsterinsights_sitenote_category":0,"_EventAllDay":false,"_EventTimezone":"","_EventStartDate":"","_EventEndDate":"","_EventStartDateUTC":"","_EventEndDateUTC":"","_EventShowMap":false,"_EventShowMapLink":false,"_EventURL":"","_EventCost":"","_EventCostDescription":"","_EventCurrencySymbol":"","_EventCurrencyCode":"","_EventCurrencyPosition":"","_EventDateTimeSeparator":"","_EventTimeRangeSeparator":"","_EventOrganizerID":[],"_EventVenueID":[],"_OrganizerEmail":"","_OrganizerPhone":"","_OrganizerWebsite":"","_VenueAddress":"","_VenueCity":"","_VenueCountry":"","_VenueProvince":"","_VenueState":"","_VenueZip":"","_VenuePhone":"","_VenueURL":"","_VenueStateProvince":"","_VenueLat":"","_VenueLng":"","_VenueShowMap":false,"_VenueShowMapLink":false,"twitterCardType":"","cardImageID":0,"cardImage":"","cardTitle":"","cardDesc":"","cardImageAlt":"","cardPlayer":"","cardPlayerWidth":0,"cardPlayerHeight":0,"cardPlayerStream":"","cardPlayerCodec":"","footnotes":""},"categories":[7],"tags":[],"class_list":["post-2301","post","type-post","status-publish","format-standard","hentry","category-recenze"],"acf":{"related_products":null},"_links":{"self":[{"href":"https:\/\/www.luxor.cz\/blog\/wp-json\/wp\/v2\/posts\/2301","targetHints":{"allow":["GET"]}}],"collection":[{"href":"https:\/\/www.luxor.cz\/blog\/wp-json\/wp\/v2\/posts"}],"about":[{"href":"https:\/\/www.luxor.cz\/blog\/wp-json\/wp\/v2\/types\/post"}],"author":[{"embeddable":true,"href":"https:\/\/www.luxor.cz\/blog\/wp-json\/wp\/v2\/users\/2"}],"replies":[{"embeddable":true,"href":"https:\/\/www.luxor.cz\/blog\/wp-json\/wp\/v2\/comments?post=2301"}],"version-history":[{"count":0,"href":"https:\/\/www.luxor.cz\/blog\/wp-json\/wp\/v2\/posts\/2301\/revisions"}],"wp:attachment":[{"href":"https:\/\/www.luxor.cz\/blog\/wp-json\/wp\/v2\/media?parent=2301"}],"wp:term":[{"taxonomy":"category","embeddable":true,"href":"https:\/\/www.luxor.cz\/blog\/wp-json\/wp\/v2\/categories?post=2301"},{"taxonomy":"post_tag","embeddable":true,"href":"https:\/\/www.luxor.cz\/blog\/wp-json\/wp\/v2\/tags?post=2301"}],"curies":[{"name":"wp","href":"https:\/\/api.w.org\/{rel}","templated":true}]}}