{"id":2294,"date":"2013-10-01T12:32:00","date_gmt":"2013-10-01T10:32:00","guid":{"rendered":"https:\/\/www.luxor.cz\/blog\/nezarazene\/co-cist-v-rijnu\/"},"modified":"2023-01-06T16:17:40","modified_gmt":"2023-01-06T15:17:40","slug":"co-cist-v-rijnu-325","status":"publish","type":"post","link":"https:\/\/www.luxor.cz\/blog\/nezarazene\/co-cist-v-rijnu-325\/","title":{"rendered":"Co \u010d\u00edst v \u0159\u00edjnu"},"content":{"rendered":"<\/p>\n<h2><\/h2>\n<\/p>\n<h2><a href=\"http:\/\/neoluxor.cz\/pripravujeme\/muj-zivot-po-zivote--289\/\" target=\"_blank\" rel=\"noopener\">Michal Viewegh: M\u016fj \u017eivot po \u017eivot\u011b<\/a><\/h2>\n<p>Ta zpr\u00e1va tehdy, v mraziv\u00e9m prosincov\u00e9m dni, ka\u017ed\u00e9ho zasko\u010dila. Michal Viewegh je v nemocnici, kde podsoupil operaci po praskl\u00e9 aort\u011b. Jeho \u017eivot byl v ohro\u017een\u00ed a \u010dten\u00e1\u0159i v \u0161oku. Ub\u011bhlo deset m\u011bs\u00edc\u016f a Michal Viewegh se st\u00e1le l\u00e9\u010d\u00ed. Pomalu se vrac\u00ed do \u017eivota a tento p\u0159\u00edb\u011bh vypr\u00e1v\u00ed ji\u017e p\u011btadvac\u00e1t\u00e1 kniha nazvan\u00e1 <a href=\"http:\/\/neoluxor.cz\/pripravujeme\/muj-zivot-po-zivote--289\/\" target=\"_blank\" rel=\"noopener\">M\u016fj \u017eivot po \u017eivot\u011b<\/a>. Pokou\u0161\u00ed se v n\u00ed zachytit, jak vypad\u00e1 \u017eivot \u010dlov\u011bka s t\u011b\u017ece po\u0161kozen\u00fdm mozkem, \u010dlov\u011bka, kter\u00fd by m\u011bl b\u00fdt \u0161\u0165astn\u00fd, \u017ee z\u016fstal na\u017eivu, m\u00edsto toho v\u0161ak se s\u00e1m sebe pt\u00e1, jestli by nebylo lep\u0161\u00ed, kdyby ten boj vzdal.<\/p>\n<\/p>\n<h2><a href=\"http:\/\/neoluxor.cz\/pripravujeme\/pad--126\/\" target=\"_blank\" rel=\"noopener\">Simon Mawer: P\u00e1d<\/a><\/h2>\n<p>Simon Mawer se u \u010desk\u00fdch \u010dten\u00e1\u0159\u016f dob\u0159e zapsal svou knihou <a href=\"http:\/\/neoluxor.cz\/beletrie\/skleneny-pokoj--195900\/\" target=\"_blank\" rel=\"noopener\">Sklen\u011bn\u00fd pokoj<\/a>. Vypr\u00e1v\u011bl fiktivn\u00ed p\u0159\u00edb\u011bh majitel\u016f skute\u010dn\u00e9 brn\u011bnsk\u00e9 vily Tugendhat, ve kter\u00e9m vykreslil osud na\u0161\u00ed zem\u011b v minul\u00e9m stolet\u00ed. Simon Mawer v\u0161ak nen\u00ed \u201eautorem jedn\u00e9 knihy\u201c, a tak se po rom\u00e1nech <a href=\"http:\/\/neoluxor.cz\/beletrie\/mendeluv-trpaslik--88026\/\" target=\"_blank\" rel=\"noopener\">Mendel\u016fv trpasl\u00edk<\/a> a <a href=\"http:\/\/neoluxor.cz\/beletrie\/divka-ktera-spadla-z-nebe--180514\/\" target=\"_blank\" rel=\"noopener\">D\u00edvka, kter\u00e1 spadla z nebe<\/a> k \u010desk\u00e9mu \u010dten\u00e1\u0159i dost\u00e1v\u00e1 rom\u00e1n <a href=\"http:\/\/neoluxor.cz\/pripravujeme\/pad--126\/\" target=\"_blank\" rel=\"noopener\">P\u00e1d<\/a>. Milostn\u00fd troj\u00faheln\u00edk, horolezeck\u00e9 prost\u0159ed\u00ed a pov\u00e1le\u010dn\u00e1 Anglie, to jsou p\u0159ita\u017eliv\u00e9 p\u0159\u00edsady t\u00e9to velmi l\u00e1kav\u00e9 knihy.<\/p>\n<\/p>\n<h2><a href=\"http:\/\/neoluxor.cz\/pripravujeme\/1q84-kniha-3--101\/\" target=\"_blank\" rel=\"noopener\">Haruki Murakami: 1Q84 &#8211; kniha t\u0159et\u00ed<\/a><\/h2>\n<p>Kdy\u017e v Japonsku vy\u0161la t\u0159et\u00ed kniha (\u010d\u00e1st) rom\u00e1nu <a href=\"http:\/\/neoluxor.cz\/pripravujeme\/1q84-kniha-3--101\/\" target=\"_blank\" rel=\"noopener\">1Q84<\/a>, byl to \u0161ok srovnateln\u00fd s atomovou bombou. M\u00e1lokdo tu\u0161il, co Murakami pro sv\u00e9 \u010dten\u00e1\u0159e p\u0159ipravil a jakou porci jim naserv\u00edroval. Op\u011bt potk\u00e1te zn\u00e1m\u00e9 postavy z prvn\u00edch dvou knih a samoz\u0159ejm\u011b &#8211; i zde se nach\u00e1z\u00edme v alternativn\u00edm sv\u011bt\u011b v roce 1Q84. Haruki Murakami op\u011bt p\u0159esv\u011bd\u010d\u00ed o sv\u00fdch kvalit\u00e1ch a o tom, \u017ee m\u00e1me tu \u010dest s jedn\u00edm z nejv\u00fdrazn\u011bj\u0161\u00edch spisovatel\u016f 20. (a 21.) stolet\u00ed.<\/p>\n<\/p>\n<h2><a href=\"http:\/\/neoluxor.cz\/pripravujeme\/fantomova-bolest--197\/\" target=\"_blank\" rel=\"noopener\">Thomas Enger: Fantomov\u00e1 bolest<\/a><\/h2>\n<p>U\u017e svou prvn\u00ed knihou <a href=\"http:\/\/neoluxor.cz\/beletrie\/kamenny-dest--188561\/\" target=\"_blank\" rel=\"noopener\">Kamenn\u00fd d\u00e9\u0161\u0165<\/a> Thomas Enger uk\u00e1zal, \u017ee co se t\u00fd\u010de seversk\u00e9 literatury, st\u00e1le m\u00e1me co objevovat, a \u017ee ty objevy stoj\u00ed za prozkoum\u00e1n\u00ed. Autor nekop\u00edruje zn\u00e1m\u011bj\u0161\u00ed tv\u00e1\u0159e seversk\u00e9 krimi, nalezl sv\u016fj vlastn\u00ed, origin\u00e1ln\u00ed styl. Detektivn\u00ed report\u00e9r Henning Juul je tentokr\u00e1t do p\u0159\u00edpadu vta\u017een\u00fd v\u00edce, ne\u017e kdy p\u0159edt\u00edm. Vra\u017eda jeho syna se toti\u017e odehr\u00e1la jinak, ne\u017e jak se v\u0161eobecn\u011b soud\u00ed.<\/p>\n<\/p>\n<h2><a href=\"http:\/\/neoluxor.cz\/pripravujeme\/skocny-priliv--261\/\" target=\"_blank\" rel=\"noopener\">Cilla a Rolf Borjlindovi: Sko\u010dn\u00fd p\u0159\u00edliv<\/a><\/h2>\n<p>Ve sv\u011bt\u011b seversk\u00e9 krimi je tato man\u017eelsk\u00e1 dvojice t\u00e9m\u011b\u0159 nezn\u00e1m\u00e1, p\u0159esto\u017ee maj\u00ed za sebou 25 sc\u00e9n\u00e1\u0159\u016f k film\u016fm s Martinem Beckem, detektivn\u00ed legendou man\u017eelsk\u00e9 dvojice Maj Sj\u00f6wallov\u00e1-Per Wahl\u00f6\u00f6 (jejich detektivky p\u0159ed rokem 1989 vych\u00e1zely i u n\u00e1s). Jejich \u00fasp\u011bch se pokusili napodobit debutem <a href=\"http:\/\/neoluxor.cz\/pripravujeme\/skocny-priliv--261\/\" target=\"_blank\" rel=\"noopener\">Sko\u010dn\u00fd p\u0159\u00edliv<\/a>, kter\u00fd pr\u00e1v\u011b vych\u00e1z\u00ed v \u010desk\u00e9m p\u0159ekladu. P\u0159\u00edb\u011bh se t\u00fdk\u00e1 vy\u0161et\u0159ov\u00e1n\u00ed dvacet let star\u00e9 vra\u017edy, ke kter\u00e9 se vrac\u00ed mlad\u00e1 policejn\u00ed studentka Olivia. Pomohou ji modern\u00ed metody a techniky, v dob\u011b vra\u017edy nezn\u00e1m\u00e9? Man\u017eel\u00e9 Borjlindovi jsou vedle zmi\u0148ovan\u00e9ho Thomase Engera dal\u0161\u00edm d\u016fkazem, \u017ee co se t\u00fd\u010de seversk\u00e9 krimi, st\u00e1le se m\u00e1me na co t\u011b\u0161it.<\/p>\n<\/p>\n<h2><a href=\"http:\/\/neoluxor.cz\/pripravujeme\/a-hory-odpovedely--272\/\" target=\"_blank\" rel=\"noopener\">Khaled Hosseini: A hory odpov\u011bd\u011bly<\/a><\/h2>\n<p>Ob\u011b zat\u00edm vy\u0161l\u00e9 Hosseiniho knihy, <a href=\"http:\/\/neoluxor.cz\/beletrie\/lovec-draku--23537\/\" target=\"_blank\" rel=\"noopener\">Lovec drak\u016f<\/a> a <a href=\"http:\/\/neoluxor.cz\/beletrie\/tisice-planoucich-slunci--172712\/\" target=\"_blank\" rel=\"noopener\">Tis\u00edce planouc\u00edch slunc\u00ed<\/a>, se staly dlouhotrvaj\u00edc\u00edmi bestsellery: knihami, kter\u00e9 si i po letech z\u00edsk\u00e1vaj\u00ed nov\u00e9 a nov\u00e9 \u010dten\u00e1\u0159e. O to netrp\u011bliv\u011bj\u0161\u00ed bylo \u010dek\u00e1n\u00ed na t\u0159et\u00ed Hosseiniho rom\u00e1n, kter\u00fd vych\u00e1z\u00ed pr\u00e1v\u011b te\u010f. Jmenuje se <a href=\"http:\/\/neoluxor.cz\/pripravujeme\/a-hory-odpovedely--272\/\" target=\"_blank\" rel=\"noopener\">A hory odpov\u011bd\u011bly<\/a>, ve kter\u00e9m se mimo jin\u00e9 op\u011bt vrac\u00ed do Afgh\u00e1nist\u00e1nu. Vypr\u00e1v\u00ed p\u0159\u00edb\u011bh sourozenc\u016f rozd\u011blen\u00fdch v d\u011btstv\u00ed. Abdullah vyr\u016fst\u00e1 v chudob\u011b afgh\u00e1nsk\u00e9ho venkova a nep\u0159est\u00e1v\u00e1 tou\u017eit po ztracen\u00e9 sest\u0159e, zat\u00edmco Pari, kter\u00e1 zapomn\u011bla, \u017ee kdy m\u011bla n\u011bjak\u00e9ho bratra, vychov\u00e1v\u00e1 bohat\u00e1 rodina v K\u00e1bulu a Pa\u0159\u00ed\u017ei. Na pozad\u00ed t\u00e9m\u011b\u0159 \u0161edes\u00e1ti let dramatick\u00e9 afgh\u00e1nsk\u00e9 historie se odehr\u00e1v\u00e1 p\u0159\u00edb\u011bh l\u00e1sky, ztr\u00e1t i ob\u011bt\u00ed.<\/p>\n<\/p>\n<h2><a href=\"http:\/\/neoluxor.cz\/pripravujeme\/syn-vetru-a-prsaty-muz--299\/\" target=\"_blank\" rel=\"noopener\">Josef Form\u00e1nek: Syn v\u011btru a prsat\u00fd mu\u017e<\/a><\/h2>\n<p>Je to u\u017e deset let, kdy Josef Form\u00e1nek vydal svou knihu <a href=\"http:\/\/neoluxor.cz\/beletrie\/prsaty-muz-a-zlodej-pribehu--101755\/\" target=\"_blank\" rel=\"noopener\">Prsat\u00fd mu\u017e a zlod\u011bj p\u0159\u00edb\u011bh\u016f<\/a>. Tento cestovatel a novin\u00e1\u0159 (zakladatel a dlouholet\u00fd \u0161\u00e9fredaktor \u010dasopisu Koktejl) \u0161okoval rom\u00e1nem, ve kter\u00e9m odhaluje temn\u00e1 z\u00e1kout\u00ed lidsk\u00e9 du\u0161e a hled\u00e1 odpov\u011b\u010f na ot\u00e1zku: co \u010dlov\u011bk najde na dn\u011b? Kniha <a href=\"http:\/\/neoluxor.cz\/pripravujeme\/syn-vetru-a-prsaty-muz--299\/\" target=\"_blank\" rel=\"noopener\">Syn v\u011btru a prsat\u00fd mu\u017e<\/a> se odehr\u00e1v\u00e1 osm let pot\u00e9. Jedine\u010dn\u00fd p\u0159\u00edb\u011bh o zm\u011bn\u011b tak velk\u00e9, \u017ee si ji jen t\u011b\u017eko dok\u00e1\u017eeme p\u0159edstavit. Kdo je Syn v\u011btru a jak ovlivnil p\u0159\u00edb\u011bh Davida Zaj\u00edce? Kniha je v\u011bnov\u00e1na m\u00edst\u016fm a bytostem, je\u017e zmizely, a l\u00e1sk\u00e1m, co z\u016fstaly.<\/p>\n<\/p>\n<h2><a href=\"http:\/\/neoluxor.cz\/pripravujeme\/po-strnisti-bos--225\/\" target=\"_blank\" rel=\"noopener\">Zden\u011bk Sv\u011br\u00e1k: Po strni\u0161ti bos<\/a><\/h2>\n<p>Zde\u0148ka Sv\u011br\u00e1ka nen\u00ed t\u0159eba p\u0159edstavovat. Nov\u00e1 kniha <a href=\"http:\/\/neoluxor.cz\/pripravujeme\/po-strnisti-bos--225\/\" target=\"_blank\" rel=\"noopener\">Po strni\u0161ti bos<\/a> t\u00e9to legendy \u010desk\u00e9ho humoru jsou autorovy autentick\u00e9 vzpom\u00ednky vypr\u00e1v\u011bn\u00e9 pohledem sedmilet\u00e9ho chlapce. Zden\u011bk Sv\u011br\u00e1k sv\u00e9 vzpom\u00ednky dopl\u0148uje fantazi\u00ed a vznik\u00e1 tak p\u0159\u00edb\u011bh ode\u0161l\u00e9ho d\u011btstv\u00ed, ve kter\u00e9m nechyb\u00ed nic, na\u010d jsme u knih Zde\u0148ka Sv\u011br\u00e1ka zvykl\u00ed: nadhled a laskav\u00fd humor.<\/p>\n<\/p>\n<h2><a href=\"http:\/\/neoluxor.cz\/pripravujeme\/uz-je-tady-zas--255\/\" target=\"_blank\" rel=\"noopener\">Timur Vermer: U\u017e je tady zas<\/a><\/h2>\n<p>P\u0159edstavte si, \u017ee by Hitler v roce 1945 nezem\u0159el, ale jen usnul. A \u017ee by se probudil v roce 2011. Nikdo nev\u011b\u0159\u00ed, \u017ee to je Adolf Hitler, maj\u00ed ho za po\u0161ahan\u00e9ho komika. Do t\u00e9 doby, ne\u017e se Adolf Hitler rozhodne vr\u00e1tit do politiky \u2013 a v p\u0159edvolebn\u00ed kampani si za t\u00e9ma zvol\u00ed ps\u00ed hrom\u00e1dky v ulic\u00edch. Tento satirick\u00fd rom\u00e1n je jednou z nejv\u011bt\u0161\u00edch senzac\u00ed n\u011bmeck\u00e9ho trhu, letos se prodal ji\u017e miliont\u00fd v\u00fdtisk. Za v\u00fdbu\u0161n\u00fdm a dr\u00e1\u017ediv\u00fdm humorem se skr\u00fdv\u00e1 z\u00e1va\u017en\u00e9 t\u00e9ma: nenahr\u00e1v\u00e1 dne\u0161n\u00ed doba jednoduch\u00fdm \u0159e\u0161en\u00edm, podobn\u00fdm t\u011bm, kter\u00e1 donesla k moci Adolfa Hitlera?<\/p>\n<\/p>\n<h2><a href=\"http:\/\/neoluxor.cz\/pripravujeme\/doktor-proktor-a-velka-loupez-zlata--298\/\" target=\"_blank\" rel=\"noopener\">Jo Nesb\u00f8: Doktor Proktor a velk\u00e1 loupe\u017e zlata<\/a><\/h2>\n<p>Zat\u00edmco dosp\u011bl\u00ed \u010dten\u00e1\u0159i se ji\u017e nemohou do\u010dkat, a\u017e v listopadu vyjde <a href=\"http:\/\/neoluxor.cz\/pripravujeme\/levhart--208\/\" target=\"_blank\" rel=\"noopener\">Levhart<\/a> Joa Nesb\u00f8ho , d\u011bti na nov\u00e9ho Nesb\u00f8ho \u010dekat nemusej\u00ed. \u010ctvrt\u00fd p\u0159\u00edb\u011bh s polo\u0161\u00edlen\u00fdm doktorem Proktorem (a jeho dv\u011bma mal\u00fdmi pomocn\u00edky) vych\u00e1z\u00ed v polovin\u011b \u0159\u00edjna. Tito t\u0159i (ne)hrdinov\u00e9 se tentokr\u00e1t rozhodli vyloupit lond\u00fdnskou banku. N\u011bkdo toti\u017e ukradl norsk\u00fd zlat\u00fd poklad. Nejde ale jen o zlato, jde tak\u00e9 o Ligu mistr\u016f a s jistotou m\u016f\u017eeme \u0159\u00edct, \u017ee i po \u010dtvrt\u00e9 se budeme skv\u011ble bavit.<\/p>\n<\/p>\n<h2><a href=\"http:\/\/neoluxor.cz\/pripravujeme\/co-je-tvoje-je-i-moje--216\/\" target=\"_blank\" rel=\"noopener\">Tess Stimson: Co je tvoje, je i moje<\/a><\/h2>\n<p>Dv\u011b sestry. Naprost\u00e9 protiklady. A dohoda, kter\u00e1 je spoj\u00ed &#8211; anebo nav\u017edy rozd\u011bl\u00ed.<\/p>\n<p>Grace Hamiltonov\u00e1 je d\u00edt\u011b \u0161t\u011bst\u011bny. Na co s\u00e1hne, to se vyda\u0159\u00ed. Av\u0161ak to, po \u010dem tou\u017e\u00ed ze v\u0161eho nejv\u00edce, m\u00edt nem\u016f\u017ee: vlastn\u00ed d\u00edt\u011b. Tato nenapln\u011bn\u00e1 touha se pl\u00ed\u017eiv\u011b p\u0159em\u011bn\u00ed v posedlost, kter\u00e1 dok\u00e1\u017ee rozleptat i ten nejdokonalej\u0161\u00ed \u017eivot. A pak se z Ameriky ne\u010dekan\u011b vr\u00e1t\u00ed jej\u00ed sestra. <a href=\"http:\/\/neoluxor.cz\/pripravujeme\/co-je-tvoje-je-i-moje--216\/\" target=\"_blank\" rel=\"noopener\">Co je tvoje, je i moje<\/a> je t\u0159et\u00ed kniha autorky, kter\u00e1 si rychle z\u00edskala srdce \u010desk\u00fdch \u010dten\u00e1\u0159ek.<\/p>\n<\/p>\n<h2><a href=\"http:\/\/neoluxor.cz\/pripravujeme\/retro--285\/\" target=\"_blank\" rel=\"noopener\">Michal Petrov: Retro \u010cS<\/a><\/h2>\n<p>\u0158\u00edk\u00e1 se, \u017ee pam\u011b\u0165 je milosrdn\u00e1. Na to zl\u00e9 z minulosti zapom\u00edn\u00e1me a v pam\u011bti n\u00e1m z\u016fst\u00e1vaj\u00ed vzpom\u00ednky na to dobr\u00e9. Kniha <a href=\"http:\/\/neoluxor.cz\/pripravujeme\/retro--285\/\" target=\"_blank\" rel=\"noopener\">Retro \u010cS<\/a> Michala Petrova \u010dten\u00e1\u0159e vr\u00e1t\u00ed do let socialistick\u00e9ho konzumu \u2013 k v\u011bcem ka\u017edodenn\u00ed spot\u0159eby, kter\u00e9 prov\u00e1zely (anebo v nedostatkov\u00e9 socialistick\u00e9 ekonomice naopak neprov\u00e1zely) pr\u016fm\u011brn\u00e9ho obyvatele \u010ceskoslovenska. Pestr\u00fd obrazov\u00fd doprovod umo\u017en\u00ed ka\u017ed\u00e9mu p\u0159ipomenout si \u00e9ru \u010dtyr dek\u00e1d p\u0159ed rokem 1989.<\/p>\n<\/p>\n<h2>Velk\u00fd kni\u017en\u00ed \u010dtvrtek<\/h2>\n<p>10. \u0159\u00edjna je dal\u0161\u00ed ro\u010dn\u00edk Velk\u00e9ho kni\u017en\u00edho \u010dtvrtku, b\u011bhem kter\u00e9ho v jeden jedin\u00fd den vyjde 12 podzimn\u00edch bestseller\u016f. Krom\u011b v\u00fd\u0161e zm\u00edn\u011bn\u00fdch knih <a href=\"http:\/\/neoluxor.cz\/pripravujeme\/pad--126\/\" target=\"_blank\" rel=\"noopener\">P\u00e1d<\/a>, <a href=\"http:\/\/neoluxor.cz\/pripravujeme\/a-hory-odpovedely--272\/\" target=\"_blank\" rel=\"noopener\">A hory odpov\u011bd\u011bly<\/a> a <a href=\"http:\/\/neoluxor.cz\/pripravujeme\/fantomova-bolest--197\/\" target=\"_blank\" rel=\"noopener\">Fantomov\u00e1 bolest<\/a> to budou tyto novinky:<\/p>\n<ul>\n<li>\n<p><a href=\"http:\/\/neoluxor.cz\/pripravujeme\/aristokratka-ve-varu--281\/\" target=\"_blank\" rel=\"noopener\">Ev\u017een Bo\u010dek: Aristokratka ve varu<\/a><\/p>\n<\/li>\n<li>\n<p><a href=\"http:\/\/neoluxor.cz\/pripravujeme\/foukaci-povidky--280\/\" target=\"_blank\" rel=\"noopener\">Petr Nikl: Foukac\u00ed pov\u00eddky<\/a><\/p>\n<\/li>\n<li>\n<p><a href=\"http:\/\/neoluxor.cz\/pripravujeme\/osvetimska-knihovnice--275\/\" target=\"_blank\" rel=\"noopener\">Antonio G. Iturbe: Osv\u011btimsk\u00e1 knihovnice<\/a><\/p>\n<\/li>\n<li>\n<p><a href=\"http:\/\/neoluxor.cz\/pripravujeme\/povolani-reziser--277\/\" target=\"_blank\" rel=\"noopener\">Bohdan Sl\u00e1ma: Povol\u00e1n\u00ed re\u017eis\u00e9r<\/a><\/p>\n<\/li>\n<li>\n<p><a href=\"http:\/\/neoluxor.cz\/pripravujeme\/pravda-o-pripadu-harryho-queberta--279\/\" target=\"_blank\" rel=\"noopener\">Jo\u00ebl Dicker: Pravda o p\u0159\u00edpadu Harryho Queberta<\/a><\/p>\n<\/li>\n<li>\n<p><a href=\"http:\/\/neoluxor.cz\/pripravujeme\/pruvodce-protektoratni-prahou--274\/\" target=\"_blank\" rel=\"noopener\">Ji\u0159\u00ed Padev\u011bt: Pr\u016fvodce protektor\u00e1tn\u00ed Prahou<\/a> <\/p>\n<\/li>\n<li>\n<p><a href=\"http:\/\/neoluxor.cz\/pripravujeme\/temny-pan--278\/\" target=\"_blank\" rel=\"noopener\">Jamie Thomson: Temn\u00fd p\u00e1n. \u0160koln\u00ed roky<\/a><\/p>\n<\/li>\n<li>\n<p><a href=\"http:\/\/neoluxor.cz\/pripravujeme\/varime-s-toskanskym-sluncem--273\/\" target=\"_blank\" rel=\"noopener\">Edward Mayes a Frances Mayesov\u00e1: Va\u0159\u00edme s tosk\u00e1nsk\u00fdm sluncem<\/a><\/p>\n<\/li>\n<li><a href=\"http:\/\/neoluxor.cz\/pripravujeme\/zamek-komiks--276\/\" target=\"_blank\" rel=\"noopener\">Jarom\u00edr 99, Franz Kafka: Z\u00e1mek \/komiks\/<\/a><\/li>\n<\/ul>\n<p>Pokud nechcete minout \u017e\u00e1dnou novinku, prohl\u00e9dn\u011bte si kategorii <a href=\"http:\/\/neoluxor.cz\/pripravujeme\/\" target=\"_blank\" rel=\"noopener\">P\u0159ipravujeme<\/a>. U jednotliv\u00fdch knih si m\u016f\u017eete nastavit upozorn\u011bn\u00ed na vyd\u00e1n\u00ed.<\/p>\n<p>Autor: Tom\u00e1\u0161 Fojt\u00edk<\/p>\n<p>Zdroj obr\u00e1zku: CC\u00a0petit hiboux<\/p>\n","protected":false},"excerpt":{"rendered":"<p>\u0158\u00edjen krom\u011b Velk\u00e9ho kni\u017en\u00edho \u010dtvrtku, kter\u00fd je op\u011bt nabit\u00fd bestsellery, p\u0159in\u00e1\u0161\u00ed i dal\u0161\u00ed v\u00e1rku l\u00e1kav\u00fdch novinek. Tak si vyberte.<\/p>\n","protected":false},"author":2,"featured_media":0,"comment_status":"open","ping_status":"open","sticky":false,"template":"","format":"standard","meta":{"_acf_changed":false,"_monsterinsights_skip_tracking":false,"_monsterinsights_sitenote_active":false,"_monsterinsights_sitenote_note":"","_monsterinsights_sitenote_category":0,"_EventAllDay":false,"_EventTimezone":"","_EventStartDate":"","_EventEndDate":"","_EventStartDateUTC":"","_EventEndDateUTC":"","_EventShowMap":false,"_EventShowMapLink":false,"_EventURL":"","_EventCost":"","_EventCostDescription":"","_EventCurrencySymbol":"","_EventCurrencyCode":"","_EventCurrencyPosition":"","_EventDateTimeSeparator":"","_EventTimeRangeSeparator":"","_EventOrganizerID":[],"_EventVenueID":[],"_OrganizerEmail":"","_OrganizerPhone":"","_OrganizerWebsite":"","_VenueAddress":"","_VenueCity":"","_VenueCountry":"","_VenueProvince":"","_VenueState":"","_VenueZip":"","_VenuePhone":"","_VenueURL":"","_VenueStateProvince":"","_VenueLat":"","_VenueLng":"","_VenueShowMap":false,"_VenueShowMapLink":false,"twitterCardType":"","cardImageID":0,"cardImage":"","cardTitle":"","cardDesc":"","cardImageAlt":"","cardPlayer":"","cardPlayerWidth":0,"cardPlayerHeight":0,"cardPlayerStream":"","cardPlayerCodec":"","footnotes":""},"categories":[1],"tags":[],"class_list":["post-2294","post","type-post","status-publish","format-standard","hentry","category-nezarazene"],"acf":{"related_products":null},"_links":{"self":[{"href":"https:\/\/www.luxor.cz\/blog\/wp-json\/wp\/v2\/posts\/2294","targetHints":{"allow":["GET"]}}],"collection":[{"href":"https:\/\/www.luxor.cz\/blog\/wp-json\/wp\/v2\/posts"}],"about":[{"href":"https:\/\/www.luxor.cz\/blog\/wp-json\/wp\/v2\/types\/post"}],"author":[{"embeddable":true,"href":"https:\/\/www.luxor.cz\/blog\/wp-json\/wp\/v2\/users\/2"}],"replies":[{"embeddable":true,"href":"https:\/\/www.luxor.cz\/blog\/wp-json\/wp\/v2\/comments?post=2294"}],"version-history":[{"count":0,"href":"https:\/\/www.luxor.cz\/blog\/wp-json\/wp\/v2\/posts\/2294\/revisions"}],"wp:attachment":[{"href":"https:\/\/www.luxor.cz\/blog\/wp-json\/wp\/v2\/media?parent=2294"}],"wp:term":[{"taxonomy":"category","embeddable":true,"href":"https:\/\/www.luxor.cz\/blog\/wp-json\/wp\/v2\/categories?post=2294"},{"taxonomy":"post_tag","embeddable":true,"href":"https:\/\/www.luxor.cz\/blog\/wp-json\/wp\/v2\/tags?post=2294"}],"curies":[{"name":"wp","href":"https:\/\/api.w.org\/{rel}","templated":true}]}}