{"id":2289,"date":"2013-09-27T13:25:00","date_gmt":"2013-09-27T11:25:00","guid":{"rendered":"https:\/\/www.luxor.cz\/blog\/nezarazene\/nejen-na-severu-umi-napsat-dobrou-detektivku\/"},"modified":"2023-01-06T16:17:40","modified_gmt":"2023-01-06T15:17:40","slug":"nejen-na-severu-umi-napsat-dobrou-detektivku-320","status":"publish","type":"post","link":"https:\/\/www.luxor.cz\/blog\/recenze\/nejen-na-severu-umi-napsat-dobrou-detektivku-320\/","title":{"rendered":"Nejen na severu um\u00ed napsat dobrou detektivku"},"content":{"rendered":"<\/p>\n<p><span><\/span><\/p>\n<\/p>\n<p><span>Po jej\u00edm do\u010dten\u00ed m\u016f\u017eu s klidn\u00fdm sv\u011bdom\u00edm p\u0159iznat, \u017ee jsem se radik\u00e1ln\u011b zm\u00fdlil. Jak to, \u017ee jsem tak ne\u010dekan\u011b zm\u011bnil n\u00e1zor?<\/span><\/p>\n<p><a href=\"http:\/\/neoluxor.cz\/beletrie\/konec-vosi-sezony--199551\/\" target=\"_blank\" rel=\"noopener\">Konec vos\u00ed sez\u00f3ny<\/a> je psan\u00fd jinak, ne\u017e klasick\u00e1 detektivka. R\u00e1mcov\u011b sice dodr\u017euje pravidla \u017e\u00e1nru, ale ve v\u0161em ostatn\u00edm se naprosto vymyk\u00e1. Nen\u00ed to klasick\u00e9 p\u00e1tr\u00e1n\u00ed a skl\u00e1d\u00e1n\u00ed st\u0159\u00edpk\u016f, jako t\u0159eba u Agathy Christie, kdy jste \u010dasto na konci p\u0159ekvapeni, t\u00edm, kdo ji sp\u00e1chal.<\/p>\n<p>V <a href=\"http:\/\/neoluxor.cz\/beletrie\/konec-vosi-sezony--199551\/\" target=\"_blank\" rel=\"noopener\">Konci vos\u00ed sez\u00f3ny<\/a> je v\u0161echno jinak. Stane se vra\u017eda, ale prakticky ihned dostaneme pom\u011brn\u011b jasnou p\u0159edstavu o tom, kdo je vrah. Co v\u0161ak nev\u00edme, a na co mus\u00edme p\u0159i \u010dten\u00ed p\u0159ij\u00edt, jsou vrahovy motivy a p\u0159\u00edb\u011bh. Stejn\u00e9 to je i s geni\u00e1ln\u00edm detektivem, kter\u00fd v\u0161e vy\u0159e\u0161\u00ed. \u017d\u00e1dn\u00fd takov\u00fd prost\u011b nen\u00ed! Tahle kniha nem\u00e1 \u017e\u00e1dn\u00e9 dobr\u00e9 nebo vysloven\u011b \u0161patn\u00e9 postavy. Ka\u017ed\u00fd z hlavn\u00edch charakter\u016f m\u00e1 sv\u00e9 temn\u00e9 str\u00e1nky a v ka\u017ed\u00e9m najdete i n\u011bco pozitivn\u00edho. T\u00edm se sice nepop\u00edr\u00e1 rozd\u011blen\u00ed na \u201epolicajty a zlod\u011bje\u201c, ale ob\u011b dv\u011b strany z\u00e1kona se v\u00edce p\u0159ibli\u017euj\u00ed realit\u011b, p\u016fsob\u00ed opravdov\u011bji a lid\u0161t\u011bji.<\/p>\n<p>A pr\u00e1v\u011b tady vid\u00edm d\u016fvod, pro\u010d byla tato kniha ocen\u011bn\u00e1 nejlep\u0161\u00ed detektivkou roku 2012. <b>Je to detektivka nov\u00e9ho druhu<\/b>, ve kter\u00e9 nejde tolik o fakta, jako sp\u00ed\u0161 o zprost\u0159edkov\u00e1n\u00ed n\u00e1lady, dokonal\u00e9 p\u0159enesen\u00ed psychologie postav a spole\u010densk\u00fdch re\u00e1li\u00ed, kter\u00e9 pom\u00e1h\u00e1 vc\u00edt\u011bn\u00ed \u010dten\u00e1\u0159e do d\u011bje. \u010cten\u00ed <a href=\"http:\/\/neoluxor.cz\/beletrie\/konec-vosi-sezony--199551\/\" target=\"_blank\" rel=\"noopener\">Konce vos\u00ed sez\u00f3ny<\/a> se tak st\u00e1v\u00e1 nesm\u00edrn\u011b p\u0159ita\u017eliv\u00fdm.<\/p>\n<\/p>\n<p>Nejsiln\u011bj\u0161\u00ed str\u00e1nkou knihy je propracovan\u00fd styl, kter\u00fdm autorka l\u00ed\u010d\u00ed policejn\u00ed pr\u00e1ci v zapadl\u00e9 skotsk\u00e9 provin\u010dn\u00ed oblasti, lenost, nekompetentnost \u00fa\u0159ad\u016f, nep\u0159\u00e1telsk\u00e9 postoje m\u00edstn\u00edch obyvatel v\u016f\u010di policist\u016fm a v\u0161udyp\u0159\u00edtomn\u00e9 p\u0159edsudky, kter\u00e9 prohlubuj\u00ed soci\u00e1ln\u00ed propast. Zjist\u00edte, \u017ee lid\u00e9 jsou v\u0161ichni stejn\u00ed a jsou schopn\u00ed doj\u00edt daleko za hranice konvenc\u00ed, jenom proto, aby ochr\u00e1nili svoje vlastn\u00ed z\u00e1jmy a pohodl\u00ed. <\/p>\n<p>Knihu ur\u010dit\u011b doporu\u010d\u00edm ka\u017ed\u00e9mu, kdo si chce p\u0159e\u010d\u00edst sv\u011b\u017e\u00ed a zaj\u00edmavou detektivku. Sice m\u00e1 podle m\u00e9ho n\u00e1zoru m\u00edsty stylistick\u00e9 nedostatky, ale d\u00edky perfektn\u00ed stavb\u011b d\u011bje si jich skoro nev\u0161imnete.<\/p>\n<\/p>\n<p>Denise Mina v<span style=\"font-size: 15px: line-height: 1.45em:\">ydala zat\u00edm 11 novel, v\u011bt\u0161inou detektivek. P\u0159edposledn\u00ed kniha, <a href=\"http:\/\/neoluxor.cz\/beletrie\/konec-vosi-sezony--199551\/\" target=\"_blank\" rel=\"noopener\">Konec vos\u00ed sez\u00f3ny<\/a>, byla ocen\u011bn\u00e1 jako nejlep\u0161\u00ed detektivka roku 2012 ve Velk\u00e9 Brit\u00e1nii. Krom\u011b klasick\u00fdch knih p\u00ed\u0161e tak\u00e9 divadeln\u00ed hry a sc\u00e9n\u00e1\u0159e komiks\u016f.<\/span><\/p>\n<\/p>\n<h2>Hodnocen\u00ed: 85 %<\/h2>\n<\/p>\n<p>Autor: Petr Mach\u00e1\u010dek<\/p>\n<p>Zdroj obr\u00e1zku: Denisemina.co.uk<\/p><\/p>\n","protected":false},"excerpt":{"rendered":"<p>Kdy\u017e se mi dostala do ruky, moc jsem nev\u011b\u0159il tomu, \u017ee byla v Brit\u00e1nii ocen\u011bn\u00e1 jako nejlep\u0161\u00ed detektivka roku 2012. Text na m\u011b p\u016fsobil rozt\u011bkan\u011b, p\u0159\u00edb\u011bh se mi zd\u00e1l tuctov\u011b oby\u010dejn\u00fd, prost\u011b nic zas tak sv\u011btoborn\u00e9ho. Ale pak&#8230;<\/p>\n","protected":false},"author":2,"featured_media":0,"comment_status":"open","ping_status":"open","sticky":false,"template":"","format":"standard","meta":{"_acf_changed":false,"_monsterinsights_skip_tracking":false,"_monsterinsights_sitenote_active":false,"_monsterinsights_sitenote_note":"","_monsterinsights_sitenote_category":0,"_EventAllDay":false,"_EventTimezone":"","_EventStartDate":"","_EventEndDate":"","_EventStartDateUTC":"","_EventEndDateUTC":"","_EventShowMap":false,"_EventShowMapLink":false,"_EventURL":"","_EventCost":"","_EventCostDescription":"","_EventCurrencySymbol":"","_EventCurrencyCode":"","_EventCurrencyPosition":"","_EventDateTimeSeparator":"","_EventTimeRangeSeparator":"","_EventOrganizerID":[],"_EventVenueID":[],"_OrganizerEmail":"","_OrganizerPhone":"","_OrganizerWebsite":"","_VenueAddress":"","_VenueCity":"","_VenueCountry":"","_VenueProvince":"","_VenueState":"","_VenueZip":"","_VenuePhone":"","_VenueURL":"","_VenueStateProvince":"","_VenueLat":"","_VenueLng":"","_VenueShowMap":false,"_VenueShowMapLink":false,"twitterCardType":"","cardImageID":0,"cardImage":"","cardTitle":"","cardDesc":"","cardImageAlt":"","cardPlayer":"","cardPlayerWidth":0,"cardPlayerHeight":0,"cardPlayerStream":"","cardPlayerCodec":"","footnotes":""},"categories":[7],"tags":[],"class_list":["post-2289","post","type-post","status-publish","format-standard","hentry","category-recenze"],"acf":{"related_products":null},"_links":{"self":[{"href":"https:\/\/www.luxor.cz\/blog\/wp-json\/wp\/v2\/posts\/2289","targetHints":{"allow":["GET"]}}],"collection":[{"href":"https:\/\/www.luxor.cz\/blog\/wp-json\/wp\/v2\/posts"}],"about":[{"href":"https:\/\/www.luxor.cz\/blog\/wp-json\/wp\/v2\/types\/post"}],"author":[{"embeddable":true,"href":"https:\/\/www.luxor.cz\/blog\/wp-json\/wp\/v2\/users\/2"}],"replies":[{"embeddable":true,"href":"https:\/\/www.luxor.cz\/blog\/wp-json\/wp\/v2\/comments?post=2289"}],"version-history":[{"count":0,"href":"https:\/\/www.luxor.cz\/blog\/wp-json\/wp\/v2\/posts\/2289\/revisions"}],"wp:attachment":[{"href":"https:\/\/www.luxor.cz\/blog\/wp-json\/wp\/v2\/media?parent=2289"}],"wp:term":[{"taxonomy":"category","embeddable":true,"href":"https:\/\/www.luxor.cz\/blog\/wp-json\/wp\/v2\/categories?post=2289"},{"taxonomy":"post_tag","embeddable":true,"href":"https:\/\/www.luxor.cz\/blog\/wp-json\/wp\/v2\/tags?post=2289"}],"curies":[{"name":"wp","href":"https:\/\/api.w.org\/{rel}","templated":true}]}}