{"id":2287,"date":"2013-09-24T23:16:00","date_gmt":"2013-09-24T21:16:00","guid":{"rendered":"https:\/\/www.luxor.cz\/blog\/nezarazene\/wallanderovci-na-scene\/"},"modified":"2023-01-06T16:17:40","modified_gmt":"2023-01-06T15:17:40","slug":"wallanderovci-na-scene-318","status":"publish","type":"post","link":"https:\/\/www.luxor.cz\/blog\/recenze\/wallanderovci-na-scene-318\/","title":{"rendered":"Wallanderovci na sc\u00e9ne"},"content":{"rendered":"<\/p>\n<p><span style=\"font-size: 15px: line-height: 1.45em:\"><\/span><\/p>\n<\/p>\n<p><span style=\"font-size: 15px: line-height: 1.45em:\"><\/p>\n<p><\/span><\/p>\n<p><span style=\"font-size: 15px: line-height: 1.45em:\">Kdesi v Guyane, koncom 70. rokov, prik\u00e1\u017ee vodca sekty svojim vern\u00fdm sp\u00e1cha\u0165 kolekt\u00edvnu samovra\u017edu. Pre\u017eije iba jeden \u010dlovek\u2026 O vy\u0161e 20 rokov nesk\u00f4r dostane no\u010dn\u00e1 slu\u017eba na policajnej stanici anonymn\u00e9 hl\u00e1senie, \u017ee nad jazerom preleteli horiace labute.<\/span><\/p>\n<p>Tieto dve zdanlivo nes\u00favisiace udalosti otv\u00e1raj\u00fa dej krimin\u00e1lky <a href=\"http:\/\/neoluxor.cz\/beletrie\/nez-prijde-mraz--197954\/\" target=\"_blank\" rel=\"noopener\">Ne\u017e p\u0159ijde mr\u00e1z<\/a> naj\u010d\u00edtanej\u0161ieho \u0161v\u00e9dskeho spisovate\u013ea Henninga Mankella. Vystupuje tu s\u00edce jeho komis\u00e1r Kurt Wallander, ale hlavnou postavou tu je jeho dc\u00e9ra Linda. T\u00e1 do\u0161tudovala policajn\u00fa akad\u00e9miu a teraz \u010dak\u00e1, k\u00fdm za\u010diatkom jesene bude m\u00f4c\u0165 nast\u00fapi\u0165 k zboru. Otec a dc\u00e9ra maj\u00fa zlo\u017eit\u00fd vz\u0165ah pozna\u010den\u00fd ich sklonom k prchkosti, k v\u00fdbuchom hnevu.<\/p>\n<p>Wallander berie na miesto ut\u00fdrania labut\u00ed aj dc\u00e9ru, ktor\u00e1 toho teraz nem\u00e1 ve\u013ea na pr\u00e1ci. No nenach\u00e1dzaj\u00fa \u017eiadne stopy. Za p\u00e1r dn\u00ed pr\u00eddu \u010fal\u0161ie zvieracie obete&#8230; a za\u010dn\u00fa mizn\u00fa\u0165 \u013eudia. Z jednej z obet\u00ed sa n\u00e1jde v lesnej chatr\u010di len hlava a odseknut\u00e9 ruky vzopnut\u00e9 k modlitbe. Na bl\u00edzku je biblia s pozn\u00e1mkami, ktor\u00e9 prepisuj\u00fa jej obsah. Strat\u00ed sa aj Lindina kamar\u00e1tka z detstva, mierne zvl\u00e1\u0161tna, uzavret\u00e1 Anna. Nepri\u0161la na dohodnut\u00e9 stretnutie, \u010do sa jej v\u00f4bec nepodob\u00e1. Pred p\u00e1r d\u0148ami vraj na ulici zahliadla svojho otca, ktor\u00fd ale zmizol z jej \u017eivota pred desiatkami rokov. Linda za\u010dne po nej p\u00e1tra\u0165 po vlastnej ose a \u010doskoro zis\u0165uje, \u017ee sa poznala s obe\u0165ou z lesnej chatr\u010de\u2026<\/p>\n<\/p>\n<p>Autor t\u00fato dejov\u00fa l\u00edniu, p\u00e1tranie po Anne, a\u017e ne\u00famerne uprednost\u0148uje a na\u0165ahuje bez v\u00fdraznej\u0161ej grad\u00e1cie. Sna\u017e\u00ed sa rozpitva\u0165 psychiku mlad\u00e9ho \u010dloveka v \u010dase prechodu medzi obdob\u00edm \u0161t\u00fadia a n\u00e1stupu do pr\u00e1ce. Len m\u00e1m trochu pochybnosti, nako\u013eko \u00faspe\u0161ne sa mu to dar\u00ed. Linda p\u00f4sob\u00ed mierne dezorientovane, sna\u017e\u00ed sa n\u00e1js\u0165 svoje miesto v \u017eivote a vymedzi\u0165 sa vo\u010di otcovi. Kon\u00e1 impulz\u00edvne a pri h\u013eadan\u00ed Anny rob\u00ed nov\u00e1\u010dikovsk\u00e9 chyby, pochopite\u013en\u00e9, ale \u017eivotu nebezpe\u010dn\u00e9. Postupne, spolu s otcom, odha\u013euj\u00fa fanatick\u00e9, no vypo\u010d\u00edtav\u00e9 a nebezpe\u010dn\u00e9 n\u00e1bo\u017eensk\u00e9 sprisahanie. K z\u00e1veru je dej p\u00fatav\u00fd a vskutku sa \u010d\u00edta jedn\u00fdm dychom. No vy\u00fastenie mi pri\u0161lo m\u00e1lo presved\u010div\u00e9. Mankell sa pr\u00edli\u0161 s\u00fastredil na vykreslenie my\u0161lienkov\u00fdch pochodov z\u00fa\u010dastnen\u00fdch a pozabudol na dej. Pri\u0161lo mi, \u017ee ods\u00fadenie sekty, ktor\u00e1 krut\u00fdm sp\u00f4sobom zabila nieko\u013eko \u013eud\u00ed a chystala nie\u010do omnoho hor\u0161ie, nejako vyprchalo.<\/p>\n<p>Mankell vykres\u013euje \u0160v\u00e9dsko na prelome tis\u00edcro\u010dia, ktor\u00e9 u\u017e nie je tak pr\u00edvetiv\u00e9, ako svojho \u010dasu b\u00fdvalo. Rodiny sa rozpadaj\u00fa, \u013eudia s\u00fa deprimovan\u00ed a osamel\u00ed, h\u013eadaj\u00faci nejak\u00fd zmysel \u017eivota. Tieto postmodern\u00e9 soci\u00e1lne probl\u00e9my s\u00fa \u017eivnou p\u00f4dou pre r\u00f4zne sekty a manipul\u00e1torov. Autor sa sna\u017e\u00ed pochopi\u0165 mot\u00edvy a vn\u00fatorn\u00fa logiku procesu, ke\u010f \u013eudia v mene bo\u017eom, v snahe o najv\u00e4\u010d\u0161ie dobro, p\u00e1chaj\u00fa tie najotrasnej\u0161ie skutky. Ale k\u013e\u00fa\u010dov\u00fdm mot\u00edvom (hlavne z dlhodob\u00e9ho h\u013eadiska vo\u010di celej s\u00e9rii) je dospievanie a premena vz\u0165ahu otca a dc\u00e9ry, h\u013eadanie, ko\u013eko toho maj\u00fa spolo\u010dn\u00e9ho.<\/p>\n<p><span><a href=\"http:\/\/neoluxor.cz\/beletrie\/nez-prijde-mraz--197954\/\" target=\"_blank\" rel=\"noopener\">Ne\u017e p\u0159ijde mr\u00e1z<\/a> je tak viac psychologick\u00fdm thrillerom, ne\u017e klasickou krimin\u00e1lkou. V\u0161eobecne vzato je to dobre nap\u00edsan\u00e9, n\u00e1padit\u00e9 roz\u0161\u00edrenie s\u00e9rie s Kurtom Wallanderom, ktor\u00e1 Henninga Mankella presl\u00e1vila a teraz postupne vych\u00e1dza v \u010deskom preklade. <\/span><\/p>\n<\/p>\n<h2>Hodnocen\u00ed: 70 %<\/h2>\n<\/p>\n<p>Autor: Juraj Hladk\u00fd<\/p>\n<p>Zdroje obr\u00e1zk\u016f: Host, Henningmankell.com<\/p>\n","protected":false},"excerpt":{"rendered":"<p>Henning Mankell v atmosf\u00e9rickom thrilleri neumiestnil do stredu komis\u00e1ra Kurta Wallandera, ale jeho dc\u00e9ru Lindu, absolventku policajnej akad\u00e9mie. Spolu sa sna\u017eia zastavi\u0165 zlo vykon\u00e1van\u00e9 v mene bo\u017eom.<\/p>\n","protected":false},"author":2,"featured_media":0,"comment_status":"open","ping_status":"open","sticky":false,"template":"","format":"standard","meta":{"_acf_changed":false,"_monsterinsights_skip_tracking":false,"_monsterinsights_sitenote_active":false,"_monsterinsights_sitenote_note":"","_monsterinsights_sitenote_category":0,"_EventAllDay":false,"_EventTimezone":"","_EventStartDate":"","_EventEndDate":"","_EventStartDateUTC":"","_EventEndDateUTC":"","_EventShowMap":false,"_EventShowMapLink":false,"_EventURL":"","_EventCost":"","_EventCostDescription":"","_EventCurrencySymbol":"","_EventCurrencyCode":"","_EventCurrencyPosition":"","_EventDateTimeSeparator":"","_EventTimeRangeSeparator":"","_EventOrganizerID":[],"_EventVenueID":[],"_OrganizerEmail":"","_OrganizerPhone":"","_OrganizerWebsite":"","_VenueAddress":"","_VenueCity":"","_VenueCountry":"","_VenueProvince":"","_VenueState":"","_VenueZip":"","_VenuePhone":"","_VenueURL":"","_VenueStateProvince":"","_VenueLat":"","_VenueLng":"","_VenueShowMap":false,"_VenueShowMapLink":false,"twitterCardType":"","cardImageID":0,"cardImage":"","cardTitle":"","cardDesc":"","cardImageAlt":"","cardPlayer":"","cardPlayerWidth":0,"cardPlayerHeight":0,"cardPlayerStream":"","cardPlayerCodec":"","footnotes":""},"categories":[7],"tags":[],"class_list":["post-2287","post","type-post","status-publish","format-standard","hentry","category-recenze"],"acf":{"related_products":null},"_links":{"self":[{"href":"https:\/\/www.luxor.cz\/blog\/wp-json\/wp\/v2\/posts\/2287","targetHints":{"allow":["GET"]}}],"collection":[{"href":"https:\/\/www.luxor.cz\/blog\/wp-json\/wp\/v2\/posts"}],"about":[{"href":"https:\/\/www.luxor.cz\/blog\/wp-json\/wp\/v2\/types\/post"}],"author":[{"embeddable":true,"href":"https:\/\/www.luxor.cz\/blog\/wp-json\/wp\/v2\/users\/2"}],"replies":[{"embeddable":true,"href":"https:\/\/www.luxor.cz\/blog\/wp-json\/wp\/v2\/comments?post=2287"}],"version-history":[{"count":0,"href":"https:\/\/www.luxor.cz\/blog\/wp-json\/wp\/v2\/posts\/2287\/revisions"}],"wp:attachment":[{"href":"https:\/\/www.luxor.cz\/blog\/wp-json\/wp\/v2\/media?parent=2287"}],"wp:term":[{"taxonomy":"category","embeddable":true,"href":"https:\/\/www.luxor.cz\/blog\/wp-json\/wp\/v2\/categories?post=2287"},{"taxonomy":"post_tag","embeddable":true,"href":"https:\/\/www.luxor.cz\/blog\/wp-json\/wp\/v2\/tags?post=2287"}],"curies":[{"name":"wp","href":"https:\/\/api.w.org\/{rel}","templated":true}]}}