{"id":2281,"date":"2013-09-12T18:30:00","date_gmt":"2013-09-12T16:30:00","guid":{"rendered":"https:\/\/www.luxor.cz\/blog\/nezarazene\/v-sedych-tonech\/"},"modified":"2023-01-06T16:17:54","modified_gmt":"2023-01-06T15:17:54","slug":"v-sedych-tonech-312","status":"publish","type":"post","link":"https:\/\/www.luxor.cz\/blog\/recenze\/v-sedych-tonech-312\/","title":{"rendered":"V \u0161ed\u00fdch t\u00f3nech"},"content":{"rendered":"<\/p>\n<p>Lina je patn\u00e1ctilet\u00e1 holka. Nen\u00ed na n\u00ed nic zvl\u00e1\u0161tn\u00edho, pr\u00e1v\u011b se poprv\u00e9 zamilovala a zjistila, \u017ee m\u00e1 obrovsk\u00fd talent na malov\u00e1n\u00ed. P\u0159ijali ji na vysn\u011bnou \u0161kolu, \u017eije ve spokojen\u00e9 rodin\u011b s miluj\u00edc\u00edmi rodi\u010di a mlad\u0161\u00edm br\u00e1\u0161kou. Ide\u00e1ln\u00ed \u017eivot\u2026 Tedy<span>, byl by ide\u00e1ln\u00ed, kdyby se nepsal rok 1941 a Lina ne\u017eila v Litv\u011b. V t\u00e9 Litv\u011b, kterou si podmanil Stalin a nepohodln\u00e9 Litevce vyhnal na Sibi\u0159. Tam se ocit\u00e1 i Lina s maminkou a br\u00e1\u0161kou Jonasem. Tat\u00ednek s nimi nen\u00ed, nemaj\u00ed o n\u011bm t\u00e9m\u011b\u0159 \u017e\u00e1dn\u00e9 zpr\u00e1vy. V krut\u00fdch podm\u00ednk\u00e1ch Sibi\u0159e spolu s dal\u0161\u00edmi v\u011bzni bojuj\u00ed nejen o to, aby se do\u017eili r\u00e1na (mnoz\u00ed se ho nedo\u017eij\u00ed), ale tak\u00e9 o svou d\u016fstojnost (tu mnoz\u00ed prodaj\u00ed za pohodln\u011bj\u0161\u00ed \u017eivot). Lina s pomoc\u00ed sv\u00e9 touhy po n\u00e1vratu do Litvy a d\u00edky sv\u00e9mu v\u00fdtvarn\u00e9mu talentu hled\u00e1 cestu a s\u00edlu k p\u0159e\u017eit\u00ed.<\/span><\/p>\n<p>Kdy\u017e knihu do\u010dtete, napadne v\u00e1s jedno jedin\u00e9 slovo: Hr\u016fza. Hr\u016fza z toho, jak se \u017eivot spo\u0159\u00e1dan\u00e9 intelektu\u00e1ln\u00ed rodiny b\u011bhem patn\u00e1cti minut m\u016f\u017ee zm\u011bnit v peklo. Hr\u016fza z toho, jak si lidsk\u00e1 rasa dovede ubli\u017eovat. Hr\u016fza z toho, \u010d\u00edm v\u0161\u00edm v ned\u00e1vn\u00e9 minulosti museli proj\u00edt lid\u00e9, jejich\u017e jedin\u00fdm proh\u0159e\u0161kem bylo to, \u017ee se n\u011bkomu nehodili do jeho pl\u00e1nu. Tu hr\u016fzu c\u00edt\u00edte v ka\u017ed\u00e9 kapitole, v ka\u017ed\u00e9m dal\u0161\u00edm p\u0159\u00edb\u011bhu.<\/p>\n<p>Ruta Sepetysov\u00e1 psala knihu tak, aby si ji mohlo p\u0159e\u010d\u00edst i dosp\u00edvaj\u00edc\u00ed d\u00edt\u011b. Vyh\u00fdb\u00e1 se ko\u0161at\u00fdm pas\u00e1\u017e\u00edm a komplikovan\u00fdm obrat\u016fm a z\u016fst\u00e1v\u00e1 st\u0159\u00eddm\u00e1 a v\u011bcn\u00e1. \u201eP\u0159em\u00fd\u0161leli jste n\u011bkdy o tom, jakou cenu m\u00e1 lidsk\u00fd \u017eivot? To r\u00e1no m\u011bl ten br\u00e1\u0161k\u016fv cenu kapesn\u00edch hodinek.\u201c Podobn\u011b stru\u010dn\u00fdch v\u011bcn\u00fdch pas\u00e1\u017e\u00ed je v knize n\u011bkolik. Kniha t\u00edm z\u016fst\u00e1v\u00e1 na pomez\u00ed mezi literaturou pro ml\u00e1de\u017e a literaturou pro dosp\u011bl\u00e9. Autorka vytvo\u0159ila n\u011bkolik zaj\u00edmav\u00fdch vedlej\u0161\u00edch postav, kter\u00e9 nemaj\u00ed v knize moc prostoru, ale funguj\u00ed jako dokonal\u00e1 ilustrace spole\u010denstv\u00ed. Je tu ple\u0161at\u00fd, v\u011b\u010dn\u011b nespokojen\u00fd p\u00e1n. Jsou tu lid\u00e9, kte\u0159\u00ed podlehli n\u00e1tlaku NKVD a podepsali spolupr\u00e1ci. Jsou tu lid\u00e9, kte\u0159\u00ed pro dobro sv\u00fdch d\u011bt\u00ed prodali svou d\u016fstojnost, svou \u010dest. Jsou tu lid\u00e9, kte\u0159\u00ed se nedo\u010dkali \u0161\u0165astn\u00e9ho konce. V knize je utrpen\u00ed, b\u00edda a smrt, ale sou\u010dasn\u011b l\u00e1ska, nad\u011bje a touha po \u017eivot\u011b.<\/p>\n<p><a href=\"http:\/\/neoluxor.cz\/beletrie\/v-sedych-tonech--198752\/\" target=\"_blank\" rel=\"noopener\">V \u0161ed\u00fdch t\u00f3nech<\/a> se ur\u010dit\u011b nestane kultovn\u00ed literaturou typu Souostrov\u00ed Gulag. Ale v\u0161ude, kde vy\u0161la, slavila obrovsk\u00fd \u00fasp\u011bch. Nen\u00ed divu. Ani\u017e by ze \u010dten\u00e1\u0159e \u017ed\u00edmala litry slz (n\u011bkter\u00e9 v\u0161ak jistojist\u011b uk\u00e1pnou) popisuje p\u0159\u00edb\u011bh, kter\u00fd je stejn\u011b tak dojemn\u00fd, jako je krut\u00fd. P\u0159ipom\u00edn\u00e1 zv\u011brstva, kter\u00e1 nejsou (narozd\u00edl od t\u011bch n\u011bmeck\u00fdch) \u010dast\u00fdm n\u00e1m\u011btem literatury. Mysl\u00edm, \u017ee si kniha V \u0161ed\u00fdch t\u00f3nech zaslou\u017e\u00ed b\u00fdt za\u0159azena na seznam doporu\u010den\u00e9 literatury pro studenty st\u0159edn\u00edch \u0161kol. Je pot\u0159eba, aby se nezapom\u00ednalo. Aby se z pam\u011bti lidstva nevytratilo, \u017ee nejen N\u011bmci likvidovali sv\u00e9 nepohodln\u00e9.<\/p>\n<p>V\u011b\u0159\u00edm, \u017ee t\u00edmto debutem se Ruta Sepetysov\u00e1 etabluje i u n\u00e1s a ji\u017e te\u010f v\u00e1m mohu prozradit, \u017ee na jaro 2014 chyst\u00e1 nakladatelstv\u00ed CooBoo jej\u00ed druhou knihu, v origin\u00e1le nazvanou <i>Out of the easy<\/i>.\u00a0<\/p>\n<\/p>\n<h2>Hodnocen\u00ed: 100%<\/h2>\n<p>Autor: Tom\u00e1\u0161 Fojt\u00edk<\/p>\n","protected":false},"excerpt":{"rendered":"<p>V patn\u00e1cti letech chcete m\u00edt norm\u00e1ln\u00ed pubert\u00e1ln\u00ed starosti. \u0158e\u0161it \u0161kolu, prvn\u00ed d\u011btsk\u00e9 l\u00e1sky a objevovat sv\u016fj talent. Rozhodn\u011b nechcete \u0159e\u0161it, jestli do ve\u010dera p\u0159e\u017eijete, nebo ne. V \u0161ed\u00fdch t\u00f3nech je p\u016fsobiv\u00e1 a emotivn\u00ed v\u00fdpov\u011b\u010f o temn\u00e9 str\u00e1nce evropsk\u00e9 historie.<\/p>\n","protected":false},"author":2,"featured_media":0,"comment_status":"open","ping_status":"open","sticky":false,"template":"","format":"standard","meta":{"_acf_changed":false,"_monsterinsights_skip_tracking":false,"_monsterinsights_sitenote_active":false,"_monsterinsights_sitenote_note":"","_monsterinsights_sitenote_category":0,"_EventAllDay":false,"_EventTimezone":"","_EventStartDate":"","_EventEndDate":"","_EventStartDateUTC":"","_EventEndDateUTC":"","_EventShowMap":false,"_EventShowMapLink":false,"_EventURL":"","_EventCost":"","_EventCostDescription":"","_EventCurrencySymbol":"","_EventCurrencyCode":"","_EventCurrencyPosition":"","_EventDateTimeSeparator":"","_EventTimeRangeSeparator":"","_EventOrganizerID":[],"_EventVenueID":[],"_OrganizerEmail":"","_OrganizerPhone":"","_OrganizerWebsite":"","_VenueAddress":"","_VenueCity":"","_VenueCountry":"","_VenueProvince":"","_VenueState":"","_VenueZip":"","_VenuePhone":"","_VenueURL":"","_VenueStateProvince":"","_VenueLat":"","_VenueLng":"","_VenueShowMap":false,"_VenueShowMapLink":false,"twitterCardType":"","cardImageID":0,"cardImage":"","cardTitle":"","cardDesc":"","cardImageAlt":"","cardPlayer":"","cardPlayerWidth":0,"cardPlayerHeight":0,"cardPlayerStream":"","cardPlayerCodec":"","footnotes":""},"categories":[7],"tags":[],"class_list":["post-2281","post","type-post","status-publish","format-standard","hentry","category-recenze"],"acf":{"related_products":null},"_links":{"self":[{"href":"https:\/\/www.luxor.cz\/blog\/wp-json\/wp\/v2\/posts\/2281","targetHints":{"allow":["GET"]}}],"collection":[{"href":"https:\/\/www.luxor.cz\/blog\/wp-json\/wp\/v2\/posts"}],"about":[{"href":"https:\/\/www.luxor.cz\/blog\/wp-json\/wp\/v2\/types\/post"}],"author":[{"embeddable":true,"href":"https:\/\/www.luxor.cz\/blog\/wp-json\/wp\/v2\/users\/2"}],"replies":[{"embeddable":true,"href":"https:\/\/www.luxor.cz\/blog\/wp-json\/wp\/v2\/comments?post=2281"}],"version-history":[{"count":0,"href":"https:\/\/www.luxor.cz\/blog\/wp-json\/wp\/v2\/posts\/2281\/revisions"}],"wp:attachment":[{"href":"https:\/\/www.luxor.cz\/blog\/wp-json\/wp\/v2\/media?parent=2281"}],"wp:term":[{"taxonomy":"category","embeddable":true,"href":"https:\/\/www.luxor.cz\/blog\/wp-json\/wp\/v2\/categories?post=2281"},{"taxonomy":"post_tag","embeddable":true,"href":"https:\/\/www.luxor.cz\/blog\/wp-json\/wp\/v2\/tags?post=2281"}],"curies":[{"name":"wp","href":"https:\/\/api.w.org\/{rel}","templated":true}]}}