{"id":2266,"date":"2013-08-26T11:21:00","date_gmt":"2013-08-26T09:21:00","guid":{"rendered":"https:\/\/www.luxor.cz\/blog\/nezarazene\/11-narozeniny-palace-knih-luxor\/"},"modified":"2023-01-06T16:17:54","modified_gmt":"2023-01-06T15:17:54","slug":"11-narozeniny-palace-knih-luxor-296","status":"publish","type":"post","link":"https:\/\/www.luxor.cz\/blog\/nezarazene\/11-narozeniny-palace-knih-luxor-296\/","title":{"rendered":"11. narozeniny Pal\u00e1ce knih Luxor"},"content":{"rendered":"<p >\n<\/p>\n<p>Po cel\u00fd den je pro v\u00e1s p\u0159ipraveno mnoho p\u0159ekvapen\u00ed. Od r\u00e1na a\u017e do ve\u010dera bude na v\u0161echny d\u011btsk\u00e9 knihy sleva 20 %, v\u017edy\u0165 prv\u0148\u00e1\u010dkov\u00e9 budou pro\u017e\u00edvat sv\u016fj prvn\u00ed \u0161koln\u00ed den a my jim ho chceme zp\u0159\u00edjemnit. Zrekonstruovali jsme prvn\u00ed patro Pal\u00e1ce knih Luxor a d\u011btsk\u00e9 odd\u011blen\u00ed te\u010f bude je\u0161t\u011b kr\u00e1sn\u011bj\u0161\u00ed a pro d\u011bti l\u00e1kav\u011bj\u0161\u00ed, ne\u017e dote\u010f. V nov\u011b otev\u0159en\u00e9m <b>Sv\u011bt\u011b d\u011bt\u00ed<\/b> bude cel\u00fd den p\u0159ipraven\u00fd zaj\u00edmav\u00fd doprovodn\u00fd program. Ve Sv\u011bt\u011b d\u011bt\u00ed se nap\u0159\u00edklad potk\u00e1te s Petrem Mork\u00e9sem, v\u00fdtvarn\u00edkem a autorem <a href=\"http:\/\/neoluxor.cz\/vyhledavani\/?query=Komisa%C5%99+Vr%C5%A5apka\" target=\"_blank\" rel=\"noopener\">Komisa\u0159e Vr\u0165apky<\/a>, kter\u00fd zde bude m\u00edt svou v\u00fdtvarnou d\u00edlnu. M\u016f\u017eete si nechat namalovat na obli\u010dej obr\u00e1zek dle va\u0161eho p\u0159\u00e1n\u00ed od Petry Svetl\u00e1kov\u00e9 nebo lehce po poledni p\u0159ij\u00edt na bublinovou show Mat\u011bje Kode\u0161e.<\/p>\n<p>A co star\u0161\u00ed \u010dten\u00e1\u0159i? Mysl\u00edme i na n\u011b. B\u011bhem dne se m\u016f\u017eete t\u011b\u0161it na mimo\u0159\u00e1dnou slevu v r\u00e1mci Happy Hour, slevov\u00e9 vouchery do divadla Kalich a Studia DVA, d\u00e1le na d\u00e1rkov\u00e9 pouk\u00e1zky do Luxoru a hlavn\u011b: na bohat\u00fd program, d\u00edky kter\u00e9mu se vyplat\u00ed b\u00fdt v Pal\u00e1ci knih Luxor od r\u00e1na a\u017e do ve\u010dera. Setkat se m\u016f\u017eete nap\u0159\u00edklad se spisovatelkou a here\u010dkou Ivankou Dev\u00e1tou nebo kucha\u0159sk\u00fdm mistrem Zde\u0148kem Pohlreichem. Cel\u00fdm dnem bude prov\u00e1zet moder\u00e1torka Hanka Koutn\u00e1.<\/p>\n<p>D\u00e1rk\u016f a p\u0159ekvapen\u00ed, kter\u00e9 jsme pro v\u00e1s letos p\u0159ipravili je hodn\u011b a v\u011b\u0159\u00edme, \u017ee si den s na\u0161\u00edm Pal\u00e1cem knih Luxor u\u017eijete stejn\u011b jako my.<\/p>\n<\/p>\n<h2>Na co se m\u016f\u017eete t\u011b\u0161it:<\/h2>\n<\/p>\n<p><b>V\u00edt\u00e1n\u00ed prv\u0148\u00e1\u010dk\u016f a otev\u0159en\u00ed odd\u011blen\u00ed Sv\u011bt d\u011bt\u00ed<\/b><\/p>\n<ul>\n<li>sleva 20% na d\u011btsk\u00e9 knihy po cel\u00fd den<\/li>\n<li>d\u00e1rky pro d\u011bti \u00a0<\/li>\n<li>program pro d\u011btsk\u00e9 n\u00e1v\u0161t\u011bvn\u00edky<\/li>\n<\/ul>\n<p><b>D\u00e1rkov\u00e1 pouk\u00e1zka za ka\u017ed\u00fd 11. n\u00e1kup<\/b><\/p>\n<ul>\n<li>08:00\u00a0\u2013\u00a019:00 ke ka\u017ed\u00e9mu 11. n\u00e1kupu d\u00e1rkov\u00e1 pouk\u00e1zka v\u00a0hodnot\u011b 100,- K\u010d na dal\u0161\u00ed n\u00e1kup<\/li>\n<\/ul>\n<p><b>Happy hour v\u00a0Pal\u00e1ci knih Luxor<\/b><\/p>\n<ul>\n<li>19:00 \u2013 20:00 sleva 20% na v\u0161e<\/li>\n<\/ul>\n<p><b>D\u00e1rek za jednor\u00e1zov\u00fd n\u00e1kup nad 599,- K\u010d<\/b><\/p>\n<ul>\n<li>slevov\u00fd voucher do Divadla Kalich a Divadla Studio DVA<\/li>\n<\/ul>\n<p><b>Sklenka v\u00edna v Caf\u00e9 Luxor za n\u00e1kup s knihou<\/b><\/p>\n<\/p>\n<ul>\n<li><span style=\"line-height: 1.45em:\">sklenka v\u00edna v Caf\u00e9 Luxor po p\u0159edlo\u017een\u00ed paragonu od n\u00e1kupu s knihou ze dne 2. 9. 2013<\/span><\/li>\n<\/ul>\n<p><\/p>\n<p>Slevov\u00e9 akce a d\u00e1rky k n\u00e1kup\u016fm plat\u00ed dne 2. 9. 2013 v Pal\u00e1ci knih Luxor, nevztahuj\u00ed se na zbo\u017e\u00ed objednan\u00e9 p\u0159es internetov\u00fd obchod.\u00a0<\/p>\n<p><\/p>\n<p><span style=\"color: rgb(0, 0, 0): font-size: 30px: font-weight: bold: line-height: 38px:\">Program dne:<\/span><\/p>\n<\/p>\n<p><b>10:00<\/b><\/p>\n<p>Zah\u00e1jen\u00ed oslavy narozeninov\u00e9ho dne Pal\u00e1ce knih Luxor moder\u00e1torkou Hankou Koutnou.<\/p>\n<\/p>\n<p><b>10:00 \u2013 13:00<\/b><\/p>\n<\/p>\n<ul>\n<li>v\u00fdtvarn\u00e1 d\u00edlna v\u00fdtvarn\u00edka\u00a0<b>Petra Morkese<\/b>\u00a0a jeho kouzeln\u00e9 postavi\u010dky komisa\u0159e Vr\u0165apky \u2013 kreslen\u00ed, hry, sout\u011b\u017ee<\/li>\n<li>malov\u00e1n\u00ed na obli\u010dej s\u00a0<b>Petrou Svetl\u00e1kovou<\/b><\/li>\n<li>testy a rozvojov\u00e9 hry spole\u010dnosti\u00a0<b>Scio<\/b><\/li>\n<li>stav\u011bn\u00ed je\u0159\u00e1b\u016f origami v\u00a0r\u00e1mci projektu\u00a0<b>1\u00a0000 je\u0159\u00e1b\u016f pro Kub\u00edka<\/b>, ur\u010den\u00fdch na pomoc t\u011b\u017ece nemocn\u00e9mu chlapci\u00a0<\/li>\n<\/ul>\n<p><b>13:00<\/b><\/p>\n<p>Bublinov\u00e1 show profesion\u00e1ln\u00edho \u201ebublin\u00e1\u0159e\u201c a sv\u011btov\u00e9ho rekordmana\u00a0<b>Mat\u011bje Kode\u0161e.<\/b><\/p>\n<\/p>\n<p><b>14:00<\/b><\/p>\n<p>Prezentace \u00fasp\u011b\u0161n\u00e9 knihy Ji\u0159\u00edho Vok\u00e1\u010de \u010cmol\u00edka\u00a0<a href=\"http:\/\/neoluxor.cz\/popularne-naucna\/trhak--194472\/\" target=\"_blank\" rel=\"noopener\">Trh\u00e1k<\/a><b>,\u00a0<\/b>kter\u00e1 je p\u0159ekvapuj\u00edc\u00ed a \u0161okuj\u00edc\u00ed knihou o lidsk\u00e9m mozku.<\/p>\n<p><i>Nakladatelstv\u00ed Pragma\u00a0<\/i><\/p>\n<\/p>\n<p><b>15:00<\/b><\/p>\n<p>Prezentace nov\u00e9 knihy obl\u00edben\u00e9 autorky Ivanky Dev\u00e1t\u00e9\u00a0<a href=\"http:\/\/neoluxor.cz\/beletrie\/jak-jsem-se-zblaznila--196652\/\" target=\"_blank\" rel=\"noopener\">Jak jsem se zbl\u00e1znila<\/a>, spojen\u00e1 s\u00a0autogrami\u00e1dou.<\/p>\n<p><i>Nakladatelstv\u00ed Motto<\/i><\/p>\n<\/p>\n<p><b>16:00<\/b><\/p>\n<p>K\u0159est nov\u00e9 knihy Spejbla a Hurv\u00ednka\u00a0<b><i>Hurv\u00ednek mezi osly<\/i>,<\/b>\u00a0za \u00fa\u010dasti slavn\u00fdch postavi\u010dek a \u010dlen\u016f\u00a0Divadla Spejbla a Hurv\u00ednka.<\/p>\n<p><i>Nakladatelstv\u00ed Fragment<\/i><\/p>\n<\/p>\n<p><b>17:00<\/b><\/p>\n<p>Autogrami\u00e1da kucha\u0159sk\u00e9ho mistra Zde\u0148ka Pohlreicha k\u00a0jeho knih\u00e1m.<\/p>\n<p><i>Nakladatelstv\u00ed Closer Publishing<\/i><\/p>\n<p><b>18:00<\/b><\/p>\n<p>Vystoupen\u00ed herc\u016f a zp\u011bv\u00e1k\u016f z\u00a0p\u0159ipravovan\u00e9ho muzik\u00e1lu Gabriely Osvaldov\u00e9 a Ond\u0159eje Soukupa<b>\u00a0<i>Maugl\u00ed<\/i>,\u00a0<\/b>kter\u00fd p\u0159ipravuje a brzy uvede Divadlo Kalich.<\/p>\n<p><i>Divadlo Kalich<\/i><\/p>\n<p>PRO DOBROU POHODU BUDE B\u011aHEM DNE \u00a0HR\u00c1T DJ ZE SEEJAY R\u00c1DIA (<a href=\"http:\/\/www.seejay.cz\/\" target=\"_blank\" rel=\"noopener\">WWW.SEEJAY.CZ<\/a>)<\/p>\n<p><span style=\"line-height: 1.45em:\" ><br \/><\/span><\/p>\n<p><span style=\"line-height: 1.45em:\" >Zm\u011bna programu vyhrazena.<\/span><\/p>\n<p><span style=\"line-height: 1.45em:\" ><br \/><\/span><\/p>\n","protected":false},"excerpt":{"rendered":"<p>Pal\u00e1c knih Luxor je tu pro v\u00e1s ji\u017e 11 let. Tyto kr\u00e1sn\u00e9 narozeniny oslav\u00edme v pond\u011bl\u00ed 2. 9. a jako ka\u017ed\u00fd rok i letos budeme r\u00e1di, oslav\u00edte-li je s n\u00e1mi.<\/p>\n","protected":false},"author":2,"featured_media":0,"comment_status":"open","ping_status":"open","sticky":false,"template":"","format":"standard","meta":{"_acf_changed":false,"_monsterinsights_skip_tracking":false,"_monsterinsights_sitenote_active":false,"_monsterinsights_sitenote_note":"","_monsterinsights_sitenote_category":0,"_EventAllDay":false,"_EventTimezone":"","_EventStartDate":"","_EventEndDate":"","_EventStartDateUTC":"","_EventEndDateUTC":"","_EventShowMap":false,"_EventShowMapLink":false,"_EventURL":"","_EventCost":"","_EventCostDescription":"","_EventCurrencySymbol":"","_EventCurrencyCode":"","_EventCurrencyPosition":"","_EventDateTimeSeparator":"","_EventTimeRangeSeparator":"","_EventOrganizerID":[],"_EventVenueID":[],"_OrganizerEmail":"","_OrganizerPhone":"","_OrganizerWebsite":"","_VenueAddress":"","_VenueCity":"","_VenueCountry":"","_VenueProvince":"","_VenueState":"","_VenueZip":"","_VenuePhone":"","_VenueURL":"","_VenueStateProvince":"","_VenueLat":"","_VenueLng":"","_VenueShowMap":false,"_VenueShowMapLink":false,"twitterCardType":"","cardImageID":0,"cardImage":"","cardTitle":"","cardDesc":"","cardImageAlt":"","cardPlayer":"","cardPlayerWidth":0,"cardPlayerHeight":0,"cardPlayerStream":"","cardPlayerCodec":"","footnotes":""},"categories":[1],"tags":[],"class_list":["post-2266","post","type-post","status-publish","format-standard","hentry","category-nezarazene"],"acf":{"related_products":null},"_links":{"self":[{"href":"https:\/\/www.luxor.cz\/blog\/wp-json\/wp\/v2\/posts\/2266","targetHints":{"allow":["GET"]}}],"collection":[{"href":"https:\/\/www.luxor.cz\/blog\/wp-json\/wp\/v2\/posts"}],"about":[{"href":"https:\/\/www.luxor.cz\/blog\/wp-json\/wp\/v2\/types\/post"}],"author":[{"embeddable":true,"href":"https:\/\/www.luxor.cz\/blog\/wp-json\/wp\/v2\/users\/2"}],"replies":[{"embeddable":true,"href":"https:\/\/www.luxor.cz\/blog\/wp-json\/wp\/v2\/comments?post=2266"}],"version-history":[{"count":0,"href":"https:\/\/www.luxor.cz\/blog\/wp-json\/wp\/v2\/posts\/2266\/revisions"}],"wp:attachment":[{"href":"https:\/\/www.luxor.cz\/blog\/wp-json\/wp\/v2\/media?parent=2266"}],"wp:term":[{"taxonomy":"category","embeddable":true,"href":"https:\/\/www.luxor.cz\/blog\/wp-json\/wp\/v2\/categories?post=2266"},{"taxonomy":"post_tag","embeddable":true,"href":"https:\/\/www.luxor.cz\/blog\/wp-json\/wp\/v2\/tags?post=2266"}],"curies":[{"name":"wp","href":"https:\/\/api.w.org\/{rel}","templated":true}]}}