{"id":2259,"date":"2013-08-25T12:41:00","date_gmt":"2013-08-25T10:41:00","guid":{"rendered":"https:\/\/www.luxor.cz\/blog\/nezarazene\/nekdy-je-kachna-proste-jen-kachna\/"},"modified":"2023-01-06T16:17:54","modified_gmt":"2023-01-06T15:17:54","slug":"nekdy-je-kachna-proste-jen-kachna-288","status":"publish","type":"post","link":"https:\/\/www.luxor.cz\/blog\/recenze\/nekdy-je-kachna-proste-jen-kachna-288\/","title":{"rendered":"N\u011bkdy je kachna prost\u011b jen kachna"},"content":{"rendered":"<\/p>\n<\/p>\n<p>Hlavn\u00ed hrdina August je <a href=\"http:\/\/neoluxor.cz\/detske\/neobycejny-kluk--197726\/\" target=\"_blank\" rel=\"noopener\">(Ne)oby\u010dejn\u00fd kluk<\/a> v prav\u00e9m slova smyslu. Kdy\u017e se mi kn\u00ed\u017eka dostala do rukou, moc se mi jej\u00ed n\u00e1zev nel\u00edbil. P\u0159i\u0161el mi vzhledem k p\u0159\u00edb\u011bhu p\u0159\u00edli\u0161\u2026 no, oby\u010dejn\u00fd. Ale po p\u0159e\u010dten\u00ed jsem pochopila, \u017ee funguje dokonale. Origin\u00e1ln\u00ed <i>Wonder<\/i>, tedy z\u00e1zrak, by \u010desky zn\u011bl mo\u017en\u00e1 a\u017e moc pateticky. August se sice c\u00edt\u00ed a chov\u00e1 jako norm\u00e1ln\u00ed kluk, ale ani trochu tak nevypad\u00e1. Narodil se s deformovan\u00fdm obli\u010dejem, a to, \u017ee p\u0159e\u017eil, je opravdu takov\u00fd mal\u00fd z\u00e1zrak. Te\u010f poprv\u00e9 nastupuje do \u0161koly. Do p\u00e1t\u00e9 t\u0159\u00eddy. Jak bude sn\u00e1\u0161et u\u017easl\u00e9 pohledy spolu\u017e\u00e1k\u016f? A kdyby tak z\u016fstali jen u pohled\u016f\u2026 D\u011bti v tomhle v\u011bku dovedou b\u00fdt neuv\u011b\u0159iteln\u011b krut\u00e9 k n\u011bkomu, kdo vypad\u00e1 trochu jinak ne\u017e oni. Ale August se s t\u00edm vyrovn\u00e1v\u00e1 obdivuhodn\u011b, co\u017e koneckonc\u016f \u010dlov\u011bk od podobn\u00e9 kn\u00ed\u017eky \u010dek\u00e1. Nav\u00edc m\u00e1 b\u00e1je\u010dn\u00e9 z\u00e1zem\u00ed, rodi\u010de ho miluj\u00ed a m\u00e1 i skv\u011blou sestru. Ta v\u0161ak pr\u00e1v\u011b nastoupila na st\u0159edn\u00ed \u0161kolu a ob\u010das doslova c\u00edt\u00ed vinu za to, \u017ee je na rozd\u00edl od sv\u00e9ho bratra norm\u00e1ln\u00ed.<\/p>\n<p>Kn\u00ed\u017eka je v\u00fdjime\u010dn\u00e1 tak\u00e9 t\u00edm, \u017ee v n\u00ed nejde jen o August\u016fv p\u0159\u00edb\u011bh, ale o p\u0159\u00edb\u011bhy v\u0161ech lid\u00ed kolem n\u011bj, kte\u0159\u00ed s n\u00edm maj\u00ed n\u011bco spole\u010dn\u00e9ho. N\u011bkolikr\u00e1t se prost\u0159\u00eddaj\u00ed vyprav\u011b\u010di, tak\u017ee na vlastn\u00ed k\u016f\u017ei pochop\u00edme, jak\u00e9 to je m\u00edt takov\u00e9ho bratra, kamar\u00e1da \u010di \u201enep\u0159\u00edtele\u201c. Mus\u00edm \u0159\u00edct, \u017ee tyhle pas\u00e1\u017ee m\u011b bavily nejv\u00edc. A kapitoly, kter\u00e9 jsou vypr\u00e1v\u011bny z pohledu Augustovy sestry Vii se mi zd\u00e1ly nejzaj\u00edmav\u011bj\u0161\u00ed. Via (cel\u00fdm jm\u00e9nem Olivia, odte\u010f j\u00ed tak \u0159\u00edkejme, p\u0159eje si to, nov\u00e1 \u0161kola, nov\u00e9 jm\u00e9no, nov\u00e1 identita\u2026) m\u00e1 sv\u00e9ho mal\u00e9ho br\u00e1\u0161ku moc r\u00e1da. Ale ob\u010das je toho na ni moc. P\u0159ece jen se odjak\u017eiva v\u0161echno to\u010dilo jen kolem n\u011bj a ona byla trochu stranou, proto\u017ee ona je ta zdrav\u00e1. To se ka\u017ed\u00e9mu \u010dasem za\u010dne zaj\u00eddat, v\u0161ichni pot\u0159ebujeme b\u00fdt pro sv\u00e9 nejbli\u017e\u0161\u00ed t\u011bmi nejd\u016fle\u017eit\u011bj\u0161\u00edmi. Ale Olivia m\u00e1 b\u00e1je\u010dnou povahu a tahle jej\u00ed pot\u00ed\u017e vede jedin\u011b k tomu, \u017ee se styd\u00ed, proto\u017ee se styd\u00ed za sv\u00e9ho bratra.<\/p>\n<p><\/p>\n<p>August\u016fv p\u0159\u00edb\u011bh m\u00e1 v z\u00e1sad\u011b velmi pozitivn\u00ed vyzn\u011bn\u00ed. A\u017e jsem uva\u017eovala, zda nen\u00ed pozitivn\u00ed a\u017e moc. Ve\u0161ker\u00e1 nen\u00e1vist, kter\u00e1 kolem n\u011bj byla, vyprch\u00e1 a \u00fast\u0159edn\u00ed nep\u0159\u00edtel zmiz\u00ed z jeho \u0161koly. Nejsem si jist\u00e1, zda je to opravdu mo\u017en\u00e9. Zda jsou toho d\u011bti v tomhle v\u011bku schopn\u00e9. Zda toho pozitivna v t\u00e9hle kn\u00ed\u017ece nakonec nen\u00ed a\u017e p\u0159\u00edli\u0161 mnoho. Ale asi je to tak spr\u00e1vn\u011b. Divnost se po chv\u00edli okouk\u00e1 a p\u0159estane b\u00fdt \u201ezaj\u00edmav\u00e1\u201c. D\u011bti si na Augusta \u010dasem \u201ezvyknou\u201c a budou ho vn\u00edmat opravdu skoro jako oby\u010dejn\u00e9ho a norm\u00e1ln\u00edho kluka. Ale jak je to t\u011b\u017ek\u00e9 dokazuje i s\u00e1m \u0159editel \u0161koly, dosp\u011bl\u00fd \u010dlov\u011bk s otev\u0159enou mysl\u00ed. I on hled\u00e1 na Augustovi zvl\u00e1\u0161tnosti, kde nejsou. Z\u00e1\u0159n\u00fdm p\u0159\u00edkladem toho je, kdy\u017e maj\u00ed d\u011bti za \u00fakol nakreslit samy sebe coby n\u011bjak\u00e9 zv\u00ed\u0159e a August si vybere kachnu:<\/p>\n<p><i> \u201e\u2026ale pro\u010d pr\u00e1v\u011b kachna? Kv\u016fli t\u00e9 poh\u00e1dce\u2026 jak se z o\u0161kliv\u00e9ho kach\u0148\u00e1tka vyklube kr\u00e1sn\u00e1 labu\u0165?&#8220;<br \/><\/i><i style=\"line-height: 1.45em:\">\u201eTo v\u016fbec ne,\u201c rozesm\u00e1l jsem se a vrt\u011bl jsem hlavou. \u201eNe, j\u00e1 si mysl\u00edm, \u017ee vypad\u00e1m jako kachna.\u201c<br \/><\/i><i style=\"line-height: 1.45em:\">\u201eAha!\u201c \u0158editel na m\u011b vykulil o\u010di a za\u010dal se sm\u00e1t. \u201eOpravdu? Hm. Tak vid\u00ed\u0161, j\u00e1 jsem v tom hledal n\u011bjak\u00e9 symboly a metafory a\u2026 n\u011bkdy je kachna prost\u011b jen kachna!\u201c<\/i><\/p>\n<\/p>\n<h2>Hodnocen\u00ed: 85 %<\/h2>\n<\/p>\n<p>Autorka: Tereza Peckov\u00e1<\/p>\n","protected":false},"excerpt":{"rendered":"<p>Recenze na tuhle kn\u00ed\u017eku se mi nepsala snadno. Musela jsem vyv\u00e1\u017eit patos, ke kter\u00e9mu po jej\u00edm p\u0159e\u010dten\u00ed nutn\u011b budete m\u00edt sklony. A hlavn\u011b si uv\u011bdomit, \u017ee je to d\u011btsk\u00e9 \u010dten\u00ed, tak\u017ee jist\u00e1 m\u00edra naivity je tu v po\u0159\u00e1dku, ne-li o\u010dek\u00e1van\u00e1. Obzvl\u00e1\u0161\u0165 u t\u00e9mat, jako je tohle. Nav\u00edc je to kniha, kter\u00e1 dojme i dosp\u011bl\u00e9 \u010dten\u00e1\u0159e. Nachystejte si kapesn\u00ed\u010dky! A dejte (Ne)oby\u010dejn\u00e9ho kluka p\u0159e\u010d\u00edst sv\u00fdm d\u011btem.<\/p>\n","protected":false},"author":2,"featured_media":0,"comment_status":"open","ping_status":"open","sticky":false,"template":"","format":"standard","meta":{"_acf_changed":false,"_monsterinsights_skip_tracking":false,"_monsterinsights_sitenote_active":false,"_monsterinsights_sitenote_note":"","_monsterinsights_sitenote_category":0,"_EventAllDay":false,"_EventTimezone":"","_EventStartDate":"","_EventEndDate":"","_EventStartDateUTC":"","_EventEndDateUTC":"","_EventShowMap":false,"_EventShowMapLink":false,"_EventURL":"","_EventCost":"","_EventCostDescription":"","_EventCurrencySymbol":"","_EventCurrencyCode":"","_EventCurrencyPosition":"","_EventDateTimeSeparator":"","_EventTimeRangeSeparator":"","_EventOrganizerID":[],"_EventVenueID":[],"_OrganizerEmail":"","_OrganizerPhone":"","_OrganizerWebsite":"","_VenueAddress":"","_VenueCity":"","_VenueCountry":"","_VenueProvince":"","_VenueState":"","_VenueZip":"","_VenuePhone":"","_VenueURL":"","_VenueStateProvince":"","_VenueLat":"","_VenueLng":"","_VenueShowMap":false,"_VenueShowMapLink":false,"twitterCardType":"","cardImageID":0,"cardImage":"","cardTitle":"","cardDesc":"","cardImageAlt":"","cardPlayer":"","cardPlayerWidth":0,"cardPlayerHeight":0,"cardPlayerStream":"","cardPlayerCodec":"","footnotes":""},"categories":[7],"tags":[],"class_list":["post-2259","post","type-post","status-publish","format-standard","hentry","category-recenze"],"acf":{"related_products":null},"_links":{"self":[{"href":"https:\/\/www.luxor.cz\/blog\/wp-json\/wp\/v2\/posts\/2259","targetHints":{"allow":["GET"]}}],"collection":[{"href":"https:\/\/www.luxor.cz\/blog\/wp-json\/wp\/v2\/posts"}],"about":[{"href":"https:\/\/www.luxor.cz\/blog\/wp-json\/wp\/v2\/types\/post"}],"author":[{"embeddable":true,"href":"https:\/\/www.luxor.cz\/blog\/wp-json\/wp\/v2\/users\/2"}],"replies":[{"embeddable":true,"href":"https:\/\/www.luxor.cz\/blog\/wp-json\/wp\/v2\/comments?post=2259"}],"version-history":[{"count":0,"href":"https:\/\/www.luxor.cz\/blog\/wp-json\/wp\/v2\/posts\/2259\/revisions"}],"wp:attachment":[{"href":"https:\/\/www.luxor.cz\/blog\/wp-json\/wp\/v2\/media?parent=2259"}],"wp:term":[{"taxonomy":"category","embeddable":true,"href":"https:\/\/www.luxor.cz\/blog\/wp-json\/wp\/v2\/categories?post=2259"},{"taxonomy":"post_tag","embeddable":true,"href":"https:\/\/www.luxor.cz\/blog\/wp-json\/wp\/v2\/tags?post=2259"}],"curies":[{"name":"wp","href":"https:\/\/api.w.org\/{rel}","templated":true}]}}