{"id":2252,"date":"2013-08-27T14:57:00","date_gmt":"2013-08-27T12:57:00","guid":{"rendered":"https:\/\/www.luxor.cz\/blog\/nezarazene\/jack-kerouack-pro-teenagery\/"},"modified":"2023-01-06T16:17:54","modified_gmt":"2023-01-06T15:17:54","slug":"jack-kerouack-pro-teenagery-281","status":"publish","type":"post","link":"https:\/\/www.luxor.cz\/blog\/recenze\/jack-kerouack-pro-teenagery-281\/","title":{"rendered":"Jack Kerouac pro teenagery? (+sout\u011b\u017e)"},"content":{"rendered":"<\/p>\n<p><span><\/span><\/p>\n<\/p>\n<p><span>Roadtrip je p\u0159ita\u017eliv\u00e9 t\u00e9ma. Vd\u011b\u010dn\u00e9. A sk\u00fdt\u00e1 v z\u00e1sad\u011b neomezen\u00e9 mo\u017enosti. Morgan Matsonov\u00e1, autorka kn\u00ed\u017eky <a href=\"http:\/\/neoluxor.cz\/detske\/amy-a-roger-na-ceste--197858\/\" target=\"_blank\" rel=\"noopener\">Amy a Roger: Na cest\u011b<\/a> jich dovedla bezezbytku vyu\u017e\u00edt. P\u0159edkl\u00e1d\u00e1 n\u00e1m na prvn\u00ed pohled docela oby\u010dejn\u00fd p\u0159\u00edb\u011bh, nijak z\u00e1sadn\u00ed, kter\u00fd v\u0161ak dovede chytit za srdce. Tahle kn\u00ed\u017eka m\u00e1 jednozna\u010dn\u011b potenci\u00e1l st\u00e1t se \u201eguilty pleasure\u201c, ani\u017e budete v\u011bd\u011bt pro\u010d vlastn\u011b. Je to \u010dten\u00ed, o kter\u00e9m v\u00edte, \u017ee v\u00e1m nic moc extra nep\u0159inese, ani v\u00e1s nijak nepovznese \u010di neposune d\u00e1l. Ale p\u0159esto v\u00e1s bav\u00ed, proto\u017ee m\u00e1 v sob\u011b n\u011bco p\u0159ita\u017eliv\u00e9ho. A budete se doj\u00edmat, to v\u00e1m slibuju!<\/span><\/p>\n<p>Hlavn\u00ed hrdinka Amy je norm\u00e1ln\u00ed holka s kupou probl\u00e9m\u016f, co se na ni zni\u010dehonic navalily. To sice na prvn\u00ed pohled nen\u00ed nijak origin\u00e1ln\u00ed, ale zp\u016fsob, jak\u00fdm je jej\u00ed p\u0159\u00edb\u011bh podan\u00fd, v\u00e1s dojme. Budete s n\u00ed c\u00edtit. Jen si to p\u0159edstavte, v\u00e1\u0161 otec zem\u0159e p\u0159i autonehod\u011b a vy jste u toho. Co v\u00edc, vy \u0159\u00edd\u00edte! Dovedli byste se pak posadit za volant? Pod\u00edvat se matce do o\u010d\u00ed? Nav\u00edc m\u00e1te bratra, kter\u00fd m\u00e1 tolik probl\u00e9m\u016f s\u00e1m se sebou, s alkoholem a s b\u016fhv\u00ed\u010d\u00edm je\u0161t\u011b, \u017ee ten v\u00e1m nejsp\u00ed\u0161 nepom\u016f\u017ee se z toho dostat. A v t\u00e9hle zapeklit\u00e9 situaci se va\u0161e matka rozhodne p\u0159est\u011bhovat na druh\u00fd konec St\u00e1t\u016f. Co\u017e je pochopiteln\u00e9. Pry\u010d od minulosti, kter\u00e1 bol\u00ed. Ov\u0161em na druhou stranu zem\u011b je nutn\u00e9 p\u0159ev\u00e9st i auto. Ale Amy od t\u00e9 tragick\u00e9 ud\u00e1losti ne\u0159\u00edd\u00ed. A v tu chv\u00edli p\u0159ich\u00e1z\u00ed na sc\u00e9nu Roger, kluk, kter\u00e9ho si m\u00e1 pamatovat z d\u011btstv\u00ed. Nepamatuje. Ale ani se nenad\u011bje a sed\u00ed s n\u00edm v aut\u011b.<\/p>\n<p>Tahle kn\u00ed\u017eka je zaj\u00edmav\u00e1 u\u017e na prvn\u00ed pohled. Kdy\u017e j\u00ed toti\u017e trochu prolistujete, najdete v n\u00ed nejen samotn\u00fd p\u0159\u00edb\u011bh, ale i spoustu obrazov\u00e9ho materi\u00e1lu. Amy si toti\u017e vede n\u011bco jako cestovn\u00ed den\u00edk, fot\u00ed, schov\u00e1v\u00e1 si let\u00e1ky, \u00fa\u010dtenky, b\u00e1sni\u010dky haiku, prost\u011b v\u0161echno. A sepisuje playlisty p\u00edsni\u010dek, kter\u00e9 si cestou s Rogerem pou\u0161t\u00ed. V\u0161echny si je m\u016f\u017eete poslechnout t\u0159eba <a href=\"http:\/\/grooveshark.com\/#!\/morganmatson\/playlists\" target=\"_blank\" rel=\"noopener\"><\/a><a href=\"http:\/\/grooveshark.com\/#!\/morganmatson\/playlists\" target=\"_blank\" rel=\"noopener\">tady<\/a>. Na z\u00e1v\u011br je i p\u00e1r autor\u010din\u00fdch fotek z roadtrip\u016f, kter\u00e9 sama podnikla, spole\u010dn\u011b s tipy, jak na to. Dod\u00e1v\u00e1 to kn\u00ed\u017ece na autenti\u010dnosti a dynamiku, kterou by mo\u017en\u00e1 samotn\u00fd text nem\u011bl. Chv\u00edlemi je mali\u010dko rozvlekl\u00fd a p\u0159ece jen je \u010dty\u0159i sta stran na oby\u010dejn\u00e9 letn\u00ed \u010dten\u00ed docela dost. S takov\u00fdmhle rozpt\u00fdlen\u00edm ho ale p\u0159el\u00e9tnete, ani nebudete v\u011bd\u011bt jak. A jakmile kn\u00ed\u017eku do\u010dtete, budete m\u00edt chu\u0165 vyrazit n\u011bkam do d\u00e1lek\u2026<\/p>\n<\/p>\n<h2>P\u0159e\u010dt\u011bte si uk\u00e1zku:<\/h2>\n<\/p>\n<p><span style=\"color: rgb(0, 0, 0): font-size: 30px: font-weight: bold: line-height: 38px:\">Hodnocen\u00ed: 90 %<\/span><\/p>\n<\/p>\n<p>Autorka: Tereza Peckov\u00e1<\/p>\n<\/p>\n<h2>Sout\u011b\u017e o 3 kn\u00ed\u017eky Amy a Roger<\/h2>\n<p>Odpov\u011bzte spr\u00e1vn\u011b na sout\u011b\u017en\u00ed ot\u00e1zku a za\u0159a\u010fte se do slosov\u00e1n\u00ed. Sout\u011b\u017e kon\u010d\u00ed 3. z\u00e1\u0159\u00ed 2013. V\u00fdherce budeme kontaktovat e-mailem.<\/p>\n","protected":false},"excerpt":{"rendered":"<p>Otazn\u00edk za nadpisem nen\u00ed jen tak pro nic za nic. P\u0159em\u00fd\u0161l\u00edm, zda to nep\u0159eh\u00e1n\u00edm. Ale a\u0165 na to kouk\u00e1m horem dolem, p\u0159\u00edb\u011bh Amy a Rogera, kter\u00fd v t\u011bchto dnech p\u0159ich\u00e1z\u00ed na pulty knihkupectv\u00ed, takov\u00fd vlastn\u011b je. S trochou nads\u00e1zky. A v r\u00e1mci \u017e\u00e1nru. Tak\u017ee mo\u017en\u00e1 by ten titulek m\u011bl b\u00fdt t\u0159eba v uvozovk\u00e1ch.<\/p>\n","protected":false},"author":2,"featured_media":0,"comment_status":"open","ping_status":"open","sticky":false,"template":"","format":"standard","meta":{"_acf_changed":false,"_monsterinsights_skip_tracking":false,"_monsterinsights_sitenote_active":false,"_monsterinsights_sitenote_note":"","_monsterinsights_sitenote_category":0,"_EventAllDay":false,"_EventTimezone":"","_EventStartDate":"","_EventEndDate":"","_EventStartDateUTC":"","_EventEndDateUTC":"","_EventShowMap":false,"_EventShowMapLink":false,"_EventURL":"","_EventCost":"","_EventCostDescription":"","_EventCurrencySymbol":"","_EventCurrencyCode":"","_EventCurrencyPosition":"","_EventDateTimeSeparator":"","_EventTimeRangeSeparator":"","_EventOrganizerID":[],"_EventVenueID":[],"_OrganizerEmail":"","_OrganizerPhone":"","_OrganizerWebsite":"","_VenueAddress":"","_VenueCity":"","_VenueCountry":"","_VenueProvince":"","_VenueState":"","_VenueZip":"","_VenuePhone":"","_VenueURL":"","_VenueStateProvince":"","_VenueLat":"","_VenueLng":"","_VenueShowMap":false,"_VenueShowMapLink":false,"twitterCardType":"","cardImageID":0,"cardImage":"","cardTitle":"","cardDesc":"","cardImageAlt":"","cardPlayer":"","cardPlayerWidth":0,"cardPlayerHeight":0,"cardPlayerStream":"","cardPlayerCodec":"","footnotes":""},"categories":[7],"tags":[],"class_list":["post-2252","post","type-post","status-publish","format-standard","hentry","category-recenze"],"acf":{"related_products":null},"_links":{"self":[{"href":"https:\/\/www.luxor.cz\/blog\/wp-json\/wp\/v2\/posts\/2252","targetHints":{"allow":["GET"]}}],"collection":[{"href":"https:\/\/www.luxor.cz\/blog\/wp-json\/wp\/v2\/posts"}],"about":[{"href":"https:\/\/www.luxor.cz\/blog\/wp-json\/wp\/v2\/types\/post"}],"author":[{"embeddable":true,"href":"https:\/\/www.luxor.cz\/blog\/wp-json\/wp\/v2\/users\/2"}],"replies":[{"embeddable":true,"href":"https:\/\/www.luxor.cz\/blog\/wp-json\/wp\/v2\/comments?post=2252"}],"version-history":[{"count":0,"href":"https:\/\/www.luxor.cz\/blog\/wp-json\/wp\/v2\/posts\/2252\/revisions"}],"wp:attachment":[{"href":"https:\/\/www.luxor.cz\/blog\/wp-json\/wp\/v2\/media?parent=2252"}],"wp:term":[{"taxonomy":"category","embeddable":true,"href":"https:\/\/www.luxor.cz\/blog\/wp-json\/wp\/v2\/categories?post=2252"},{"taxonomy":"post_tag","embeddable":true,"href":"https:\/\/www.luxor.cz\/blog\/wp-json\/wp\/v2\/tags?post=2252"}],"curies":[{"name":"wp","href":"https:\/\/api.w.org\/{rel}","templated":true}]}}