{"id":2239,"date":"2013-07-28T16:09:00","date_gmt":"2013-07-28T14:09:00","guid":{"rendered":"https:\/\/www.luxor.cz\/blog\/nezarazene\/comic-con-konecne-komiksy\/"},"modified":"2023-01-06T16:18:16","modified_gmt":"2023-01-06T15:18:16","slug":"comic-con-konecne-komiksy-267","status":"publish","type":"post","link":"https:\/\/www.luxor.cz\/blog\/nezarazene\/comic-con-konecne-komiksy-267\/","title":{"rendered":"Comic-Con: kone\u010dn\u011b komiksy"},"content":{"rendered":"<\/p>\n<h2><\/h2>\n<\/p>\n<h2>Amazing Spiderman 2<\/h2>\n<p>Restart  Spidermana se evidentn\u011b vyda\u0159il, proto\u017ee krom\u011b druh\u00e9ho d\u00edlu se nejsp\u00ed\u0161 do\u010dk\u00e1me  i toho t\u0159et\u00edho. Panel pavou\u010d\u00edho mu\u017ee byl jeden z\u00a0t\u011bch origin\u00e1ln\u011bj\u0161\u00edch u\u017e  jenom proto, \u017ee si s\u00a0n\u00edm fanou\u0161ci mohli popov\u00eddat p\u0159\u00edmo. Krom\u011b toho to  Spiderman m\u00e1lem na sv\u016fj vlastn\u00ed panel nestihl kv\u016fli ochrance\u2026 alespo\u0148 to  ukazuje kr\u00e1tk\u00e9 intro na za\u010d\u00e1tku panelu. Druh\u00e9ho d\u00edlu se do\u010dk\u00e1me v\u00a0dubnu  2014.<\/p>\n<p><\/p>\n<\/p>\n<h2><\/h2>\n<\/p>\n<h2>Avengers: Age of Ultron<\/h2>\n<p>Nejv\u011bt\u0161\u00ed  filmov\u00ed hrdinov\u00e9 MARVELu se se\u0161li v\u00a0obrovsk\u00e9m blockbusteru, aby nakopali  zadky, p\u0159edky i boky emz\u00e1k\u016fm, kte\u0159\u00ed si cht\u011bli zotro\u010dit n\u00e1\u0161 sv\u011bt. Tro\u0161ku  pobourali Manhattan a stihli zava\u0159it i Lokimu. Hlavn\u011b vyd\u011blali hodn\u011b, hodn\u011b  pen\u011bz. A tak si to studio chce zopakovat. Druh\u00fd d\u00edl by m\u011bl do zahrani\u010dn\u00edch kin  dorazit v l\u00e9t\u011b 2015 a n\u00e1\u0161 obl\u00edben\u00fd t\u00fdm by se m\u011bl rozr\u016fst o dal\u0161\u00ed postavy \u2013 Quciksilvera,  Visiona, Ant-Mana a samoz\u0159ejm\u011b z\u00e1por\u00e1ka automatona Ultrona. Nat\u00e1\u010den\u00ed by m\u011blo  za\u010d\u00edt v\u00a0Lond\u00fdn\u011b na za\u010d\u00e1tku roku 2014. Re\u017eis\u00e9r Joss Whedon se ov\u0161em  v\u00a0rozhovoru zm\u00ednil, \u017ee maj\u00ed v\u00a0\u00famyslu vytvo\u0159it vlastn\u00ed verzi p\u016fvodn\u00ed  p\u0159edlohy p\u0159\u00edb\u011bhu. <\/p>\n<\/p>\n<h2><\/h2>\n<\/p>\n<h2>Captain America 2: The Winter Soldier<\/h2>\n<p>Nabu\u0161en\u00fd  a probuzen\u00fd kapit\u00e1n Amerika se mus\u00ed nau\u010dit \u017e\u00edt v\u00a0modern\u00edm sv\u011bt\u011b. Ocit\u00e1me  se v\u00a0dob\u011b po prvn\u00edch Avengers a na sc\u00e9n\u011b se uk\u00e1\u017ee nebezpe\u010dn\u00fd zabij\u00e1k zvan\u00fd  Zimn\u00ed voj\u00e1k, kter\u00fd je nebezpe\u010dn\u011bj\u0161\u00ed, ne\u017e se na prvn\u00ed pohled zd\u00e1. A tak ho  bude muset n\u00e1\u0161 hrdina zlikvidovat za pomoci Black Widow, kterou zn\u00e1me u\u017e  z\u00a0Iron Mana. Filmovou premi\u00e9ru si odbudeme v\u00a0dubnu 2014.<\/p>\n<p><\/p>\n<\/p>\n<h2><\/h2>\n<\/p>\n<h2>Guardians of the Galaxy<\/h2>\n<p>Str\u00e1\u017eci  Galaxie jsou jednou z\u00a0nejvyhl\u00ed\u017een\u011bj\u0161\u00edch komiksov\u00fdch adaptac\u00ed posledn\u00ed  doby. Okolo obsazen\u00ed se toho namluvilo, napsalo i natou\u017eilo hodn\u011b. Na panelu  byli p\u0159edstaveni v\u0161ichni herci a uk\u00e1z\u00e1n n\u011bjak\u00fd ten z\u00e1b\u011br z\u00a0filmu, kde jsou  hlavn\u00ed hrdinov\u00e9 p\u0159ij\u00edm\u00e1ni do v\u011bzen\u00ed J. C. Reillym. Str\u00e1\u017ec\u016f se do\u010dk\u00e1me v\u00a0l\u00e9t\u011b  2014.<\/p>\n<p><\/p>\n<\/p>\n<h2><\/h2>\n<\/p>\n<h2>Kick-Ass 2<\/h2>\n<p>Prvn\u00ed  filmov\u00e1 adaptace drs\u0148\u00e1ck\u00e9ho komiksu uk\u00e1zala, \u017ee hrdiny m\u016f\u017eete b\u00fdt, i kdy\u017e \u017e\u00e1dn\u00e9  zvl\u00e1\u0161tn\u00ed schopnosti nem\u00e1te. Krom\u011b neuv\u011b\u0159iteln\u011b nadupan\u00e9ho soundtracku,  po\u0159\u00e1dn\u00fdch nakl\u00e1da\u010dek, krve a hromady vyst\u0159\u00edlen\u00fdch kulek, ve fanou\u0161c\u00edch  zanechala touhu po pokra\u010dov\u00e1n\u00ed. Po t\u0159ech letech je kone\u010dn\u011b tady! Druh\u00fd d\u00edl tak  do kin p\u0159ijde v\u00a0srpnu 2013 a op\u011bt p\u0159inese po\u0159\u00e1dnou akci.<\/p>\n<\/p>\n<h3>Panel:<\/h3>\n<p><i><br \/><\/i><\/p>\n<\/p>\n<h3>Trailer:<\/h3>\n<p><\/p>\n<\/p>\n<h2><\/h2>\n<\/p>\n<h2>Superman vs. Batman<\/h2>\n<p>Nejv\u011bt\u0161\u00ed  komiksovou novinkou se uk\u00e1zal crossover mezi Supermanem a Batmanem. \u0158\u00edk\u00e1te si,  co je to za bl\u00e1znovstv\u00ed? Inu, pr\u00e1v\u011b tahle novinka po Comic-Conu h\u00fdbe nerdovsk\u00fdm  sv\u011btem nejv\u00edc. Mu\u017e z\u00a0oceli toti\u017e uk\u00e1zal, \u017ee restart Batmana nebyl jedin\u00fdm filmem  z\u00a0konkuren\u010dn\u00ed komiksov\u00e9 st\u00e1je DC Comics, kter\u00fd se dok\u00e1\u017ee t\u00e9m\u011b\u0159 vyrovnat filmov\u00e9mu monopolu Marvelu. A pro\u010d toho nevyu\u017e\u00edt, \u017ee? M\u00e1me tu crossover, aneb  Superman a Batman v\u00a0jednom filmu. A u\u017e v\u00a0roce 2015. Fanou\u0161ci se tak  m\u016f\u017eou t\u011b\u0161it nejen na druh\u00fd d\u00edl o Clarku Kentovi, ale tak\u00e9 na nov\u00e9ho Bruce  Waynea, kter\u00fd Clarkovi po\u0159\u00e1dn\u011b zava\u0159\u00ed. Tedy, Kal Elovi. DC Comics  za\u010d\u00edn\u00e1 pomalu, ale jist\u011b, budovat svou protiv\u00e1hu Avengers. V\u00a0p\u0159\u00ed\u0161t\u00edch  letech se tak m\u016f\u017eeme do\u010dkat Justice League.<\/p>\n<p><\/p>\n<\/p>\n<h2><\/h2>\n<\/p>\n<h2>X-Men: Days of Future Past<\/h2>\n<p>Kdo  u\u017e vid\u011bl posledn\u00edho filmov\u00e9ho Wolverine, v\u00ed, \u017ee na\u0161i X-Meni maj\u00ed jist\u00fd probl\u00e9m\u2026  a proto se budou muset vr\u00e1tit do minulosti, aby zachr\u00e1nili svou budoucnost.  Zamotan\u00e9? Mo\u017en\u00e1. Ka\u017edop\u00e1dn\u011b ka\u017ed\u00fd fanou\u0161ek X-Menovsk\u00e9ho universa netrp\u011bliv\u011b  o\u010dek\u00e1v\u00e1, co se v\u00a0druh\u00e9m d\u00edle p\u016fvodn\u00ed trilogie vlastn\u011b stane. Wolverine  n\u011bco m\u00e1lo prozradil o nat\u00e1\u010den\u00ed sv\u00e9ho filmu, a pak mezi \u0159e\u010d\u00ed zm\u00ednil, \u017ee by r\u00e1d  p\u0159edstavil tak\u00e9 jeden indie film, kter\u00fd je\u0161t\u011b stihl nato\u010dit\u2026 a na panel p\u0159i\u0161lo  v\u00edce jak 15 lid\u00ed z\u00a0Days of Future Past. Nov\u00fdch X-Men\u016f bychom se m\u011bli  do\u010dkat na ja\u0159e 2014.<\/p>\n<\/p>\n<h3>Panel Wolverine:<\/h3>\n<p><i><br \/><\/i><\/p>\n<\/p>\n<h3>Panel Days of Future Past:<\/h3>\n<p><i><br \/><\/i><\/p>\n<p>Autorka: Petra S\u00fdkorov\u00e1 (Syki)<\/p>\n<p>Zdroj  obr\u00e1zk\u016f: Collider.com<\/p>\n","protected":false},"excerpt":{"rendered":"<p>M\u00e1me zde z\u00e1v\u011br na\u0161eho t\u00fddne s Comic-Conem. A \u010d\u00edm jin\u00fdm palbu novinek zakon\u010dit, ne\u017e komiksy a jejich filmov\u00fdmi adaptacemi! O agentech S.H.I.E.L.D. u\u017e jsme informovali v minul\u00e9m \u010dl\u00e1nku, ale leto\u0161n\u00ed rok toho p\u0159inesl mnohem v\u00edc. M\u00e1me se na co t\u011b\u0161it.<\/p>\n","protected":false},"author":2,"featured_media":0,"comment_status":"open","ping_status":"open","sticky":false,"template":"","format":"standard","meta":{"_acf_changed":false,"_monsterinsights_skip_tracking":false,"_monsterinsights_sitenote_active":false,"_monsterinsights_sitenote_note":"","_monsterinsights_sitenote_category":0,"_EventAllDay":false,"_EventTimezone":"","_EventStartDate":"","_EventEndDate":"","_EventStartDateUTC":"","_EventEndDateUTC":"","_EventShowMap":false,"_EventShowMapLink":false,"_EventURL":"","_EventCost":"","_EventCostDescription":"","_EventCurrencySymbol":"","_EventCurrencyCode":"","_EventCurrencyPosition":"","_EventDateTimeSeparator":"","_EventTimeRangeSeparator":"","_EventOrganizerID":[],"_EventVenueID":[],"_OrganizerEmail":"","_OrganizerPhone":"","_OrganizerWebsite":"","_VenueAddress":"","_VenueCity":"","_VenueCountry":"","_VenueProvince":"","_VenueState":"","_VenueZip":"","_VenuePhone":"","_VenueURL":"","_VenueStateProvince":"","_VenueLat":"","_VenueLng":"","_VenueShowMap":false,"_VenueShowMapLink":false,"twitterCardType":"","cardImageID":0,"cardImage":"","cardTitle":"","cardDesc":"","cardImageAlt":"","cardPlayer":"","cardPlayerWidth":0,"cardPlayerHeight":0,"cardPlayerStream":"","cardPlayerCodec":"","footnotes":""},"categories":[1],"tags":[],"class_list":["post-2239","post","type-post","status-publish","format-standard","hentry","category-nezarazene"],"acf":{"related_products":null},"_links":{"self":[{"href":"https:\/\/www.luxor.cz\/blog\/wp-json\/wp\/v2\/posts\/2239","targetHints":{"allow":["GET"]}}],"collection":[{"href":"https:\/\/www.luxor.cz\/blog\/wp-json\/wp\/v2\/posts"}],"about":[{"href":"https:\/\/www.luxor.cz\/blog\/wp-json\/wp\/v2\/types\/post"}],"author":[{"embeddable":true,"href":"https:\/\/www.luxor.cz\/blog\/wp-json\/wp\/v2\/users\/2"}],"replies":[{"embeddable":true,"href":"https:\/\/www.luxor.cz\/blog\/wp-json\/wp\/v2\/comments?post=2239"}],"version-history":[{"count":0,"href":"https:\/\/www.luxor.cz\/blog\/wp-json\/wp\/v2\/posts\/2239\/revisions"}],"wp:attachment":[{"href":"https:\/\/www.luxor.cz\/blog\/wp-json\/wp\/v2\/media?parent=2239"}],"wp:term":[{"taxonomy":"category","embeddable":true,"href":"https:\/\/www.luxor.cz\/blog\/wp-json\/wp\/v2\/categories?post=2239"},{"taxonomy":"post_tag","embeddable":true,"href":"https:\/\/www.luxor.cz\/blog\/wp-json\/wp\/v2\/tags?post=2239"}],"curies":[{"name":"wp","href":"https:\/\/api.w.org\/{rel}","templated":true}]}}