{"id":2238,"date":"2013-07-27T20:24:00","date_gmt":"2013-07-27T18:24:00","guid":{"rendered":"https:\/\/www.luxor.cz\/blog\/nezarazene\/comic-con-serialy-s-papirovou-predlohou\/"},"modified":"2023-01-06T16:18:16","modified_gmt":"2023-01-06T15:18:16","slug":"comic-con-serialy-s-papirovou-predlohou-266","status":"publish","type":"post","link":"https:\/\/www.luxor.cz\/blog\/nezarazene\/comic-con-serialy-s-papirovou-predlohou-266\/","title":{"rendered":"Comic-Con: seri\u00e1ly s pap\u00edrovou p\u0159edlohou"},"content":{"rendered":"<\/p>\n<\/p>\n<\/p>\n<h2>The 100<\/h2>\n<\/p>\n<p>Podzimn\u00ed  novinka televizn\u00ed stanice The CW s\u00e1z\u00ed na kni\u017en\u00ed p\u0159edlohu z\u00a0d\u00edlny <b>Kass Morgan<\/b>, kter\u00e1 m\u00e1 v\u00a0zahrani\u010d\u00ed  vyj\u00edt teprve v\u00a0z\u00e1\u0159\u00ed tohoto roku a jak to tak vypad\u00e1, do\u010dk\u00e1me se j\u00ed tak\u00e9  v\u00a0\u010desk\u00e9 podob\u011b v nakladatelstv\u00ed CooBoo. Seri\u00e1l se podle dostupn\u00fdch informac\u00ed od knihy v\u00a0lec\u010dems  li\u0161\u00ed, proto si budeme na oboj\u00ed muset po\u010dkat a posoudit sami. Jde o scifi drama  o postapokalyptick\u00e9 Zemi a teenagerech, kte\u0159\u00ed jsou na planetu vysl\u00e1ni, aby ji  znovuos\u00eddlili. Produkce na Comic-Conu uvedla, \u017ee a\u010dkoliv je seri\u00e1l ur\u010den  prim\u00e1rn\u011b pro dosp\u00edvaj\u00edc\u00ed, m\u00e1 se od jemu podobn\u00fdch v\u00fdrazn\u011b li\u0161it, cht\u011bj\u00ed jej vypr\u00e1v\u011bt  sp\u00ed\u0161e temn\u011bj\u0161\u00ed formou. Nebude pr\u00fd nouze o po\u0159\u00e1dn\u00e9 dobrodru\u017estv\u00ed a nebezpe\u010dn\u00e9  sc\u00e9ny, kdy se hrdinov\u00e9 budou sna\u017eit p\u0159e\u017e\u00edt a ubr\u00e1nit se zmutovan\u00fdm p\u0159\u00ed\u0161er\u00e1m.  Produkce slibuje, \u017ee se nebude jednat o \u017e\u00e1dn\u00fd modern\u00ed Dawson\u016fv sv\u011bt.<\/p>\n<p><\/p>\n<\/p>\n<\/p>\n<\/p>\n<h2>Agents  of S.H.I.E.L.D.<\/h2>\n<\/p>\n<p><span>Ka\u017ed\u00fd fanou\u0161ek komiks\u016f u\u017e od Avengers  zamilovan\u011b vyhl\u00ed\u017e\u00ed ohl\u00e1\u0161en\u00fd seri\u00e1l, kter\u00fd si vezme na pa\u0161k\u00e1l agenturu  figuruj\u00edc\u00ed v\u00a0nejednom universu MARVELu. Za seri\u00e1lem stoj\u00ed obl\u00edben\u00fd  re\u017eis\u00e9r, sc\u00e9n\u00e1rista a naprost\u00fd nerd, <b>Joss  Whedon<\/b>, kter\u00e9ho si fanou\u0161ci zamilovali p\u0159ev\u00e1\u017en\u011b d\u00edky nezapomenuteln\u00e9mu  seri\u00e1lu Buffy, p\u0159emo\u017eitelka up\u00edr\u016f. V jeho verzi Avengers se se\u0161li takov\u00e9 ikony, jako Hulk,  Thor, Captain America, Hawkeye a Black Widow. Jedna v\u011bt\u0161\u00ed hv\u011bzda komiksov\u00e9ho  sv\u011bta vedle druh\u00e9. Jeliko\u017e m\u011bl film nev\u00eddan\u00fd \u00fasp\u011bch, seri\u00e1l m\u011bl dve\u0159e otev\u0159en\u00e9.  Na Comic-Conu se fanou\u0161ci Whedona ptali, jestli jim uk\u00e1\u017ee n\u011bjak\u00e9 video  z\u00a0prvn\u00edho d\u00edlu, ten vtipkoval o tom, \u017ee cht\u011bli, ale nepro\u0161lo to p\u0159es pr\u00e1vn\u00edky  Disneyho. Proto jim rad\u011bji pustili d\u00edl cel\u00fd. Pilotn\u00ed epizoda se do\u010dkala  velik\u00e9ho uzn\u00e1n\u00ed, div\u00e1ci se sm\u00e1li tam, kde m\u011bli, povzbuzovali hrdiny, jak m\u011bli, a na konci se strhl ohromn\u00fd aplaus. Seri\u00e1l na  podzim p\u0159inese televizn\u00ed stanice ABC.<\/span><\/p>\n<\/p>\n<p><b><\/b><\/p>\n<p style=\"display: inline !important: \"><b><br \/><\/b><\/p>\n<\/p>\n<p style=\"display: inline !important: \">\n<\/p>\n<h2>Sleepy Hollow<\/h2>\n<\/p>\n<p>Seri\u00e1lov\u00e1 novinka, kter\u00e1 zam\u00ed\u0159\u00ed na  zahrani\u010dn\u00ed obrazovky d\u00edky televizn\u00ed stanici FOX, m\u00e1 z\u00a0novinek snad  ty nejvy\u0161\u0161\u00ed c\u00edle. Hodl\u00e1 za\u00fato\u010dit na \u017eeb\u0159\u00ed\u010dky sledovanosti ve velk\u00e9m. Na  Comic-Conu m\u011bli fanou\u0161ci mo\u017enost shl\u00e9dnout pilotn\u00ed epizodu seri\u00e1lu, z\u00a0n\u00ed\u017e  byli v\u0161ichni opravdu nad\u0161en\u00ed. Legendu o Sleepy Hollow zn\u00e1me z\u00a0pera  spisovatele Washingtona Irvinga.  Seri\u00e1l p\u0159ev\u00e1d\u00ed tuto legendu do modern\u00edho sv\u011bta, kdy se po 250-ti letech sp\u00e1nku  probud\u00ed bezhlav\u00fd jezdec a z\u00e1rove\u0148 s\u00a0n\u00edm tak\u00e9 hlavn\u00ed hrdina seri\u00e1lu,  Ichabod Crane, kter\u00fd tvrd\u00ed, \u017ee jezdce dok\u00e1\u017ee zne\u0161kodnit. V\u00a0seri\u00e1lu tak  nebude nouze o star\u00e9 dobr\u00e9 \u010darod\u011bjnictv\u00ed, ale tak\u00e9 o po\u0159\u00e1dnou hororovou  akci a nap\u011bt\u00ed. Tv\u016frci seri\u00e1lu potvrdili, \u017ee se pokou\u0161eli vych\u00e1zet  z\u00a0p\u016fvodn\u00ed sedmn\u00e1cti-str\u00e1nkov\u00e9 koncepce, ale vdechli j\u00ed nov\u00fd punc.    <\/p>\n<p><\/p>\n<\/p>\n<p><span style=\"font-weight: normal: \">    <\/span><\/p>\n<p style=\"font-weight: bold: \"><span style=\"font-weight: normal:\"><\/span><\/p>\n<h2 style=\"font-weight: bold: \"><\/h2>\n<p style=\"font-weight: bold: \">\n<h2><span style=\"font-weight: normal:\">Once Upon a Time  &#038; Once Upon a Time in Wonderland<\/span><\/h2>\n<\/p>\n<p><span style=\"font-weight: normal:\">OUaT se v\u00a0roce 2011 stal jedn\u00edm  z\u00a0nejobl\u00edben\u011bj\u0161\u00edch televizn\u00edch seri\u00e1l\u016f v\u016fbec, a to d\u00edky jednoduch\u00e9 v\u011bci \u2013 poh\u00e1dk\u00e1m. P\u0159\u00edb\u011bhy, kter\u00e9 jsme  poslouchali p\u0159ed span\u00edm, na kter\u00e9 jsme se pozd\u011bji mohli d\u00edvat i  v\u00a0televizi, anebo se k\u00a0n\u00e1m s\u00a0pozd\u011bj\u0161\u00edm v\u011bkem dostaly jejich  r\u016fzn\u00e9 variace, se na obrazovk\u00e1ch slily do jednoho zaj\u00edmav\u00e9ho kousku, jen\u017e  rozhodn\u011b dok\u00e1zal div\u00e1ky p\u0159il\u00e1kat. Nejen poprv\u00e9, ale tak\u00e9 podruh\u00e9 a vypad\u00e1 to,  \u017ee krom\u011b t\u0159et\u00edho regul\u00e9rn\u00edho l\u00e1k\u00e1n\u00ed, se do\u010dk\u00e1 tak\u00e9 sv\u00e9ho spin-offu. Tentokr\u00e1t  se nepod\u00edv\u00e1me do za\u010darovan\u00e9ho sv\u011bta Storybrooke, ale nahl\u00e9dneme tak\u00e9 za  kouzeln\u00e9 zrcadlo, spole\u010dn\u011b s\u00a0Alenkou. <\/span><\/p>\n<\/p>\n<p><span style=\"font-weight: normal:\">Tv\u016frci do obou seri\u00e1l\u016f vkl\u00e1daj\u00ed nemal\u00e9  nad\u011bje a na Comic-Conu se oba seri\u00e1ly do\u010dkaly sv\u00fdch panel\u016f. V\u00a0t\u0159et\u00ed s\u00e9rii  p\u016fvodn\u00edho seri\u00e1lu se hlavn\u00ed hrdinov\u00e9 dostanou do Zem\u011b Nezem\u011b, div\u00e1ci se ale  nemus\u00ed b\u00e1t, \u017ee by o klasickou linii ze Storybrooke p\u0159i\u0161li, sc\u00e9n\u00e1\u0159 ob\u011b m\u00edsta  spoj\u00ed netradi\u010dn\u00edm zp\u016fsobem. Za to Alenka bude hledat svou ztracenou l\u00e1sku, tedy  v\u00a0p\u0159\u00edpad\u011b, \u017ee dok\u00e1\u017ee uv\u011b\u0159it jednomu kr\u00e1l\u00edkovi, kter\u00fd ji tvrd\u00ed, \u017ee rozhodn\u011b  nen\u00ed bl\u00e1zen a \u0158\u00ed\u0161e div\u016f existuje. <\/span><\/p>\n<\/p>\n<p><\/p>\n<\/p>\n<p><span style=\"font-weight: normal: \">    <\/span><\/p>\n<p style=\"font-weight: bold: \"><span style=\"font-weight: normal:\"><\/span><\/p>\n<h2 style=\"font-weight: bold: \"><\/h2>\n<p style=\"font-weight: bold: \">\n<h2><span style=\"font-weight: normal:\">The Vampire Diaries &#038; The Originals &#038; True Blood<\/span><\/h2>\n<\/p>\n<p><span style=\"font-weight: normal:\">Zat\u00edmco filmov\u00ed up\u00ed\u0159i u\u017e tolik  net\u00e1hnou, ti seri\u00e1lov\u00ed maj\u00ed o oblibu postar\u00e1no. The Vampire Diaries jdou do sv\u00e9 p\u00e1t\u00e9 \u0159ady, a i kdy\u017e by \u010dlov\u011bk \u0159ekl, \u017ee snad u\u017e nebudou m\u00edt o \u010dem  vypr\u00e1v\u011bt, sc\u00e9n\u00e1risti si s\u00a0t\u00edm hlavu nel\u00e1mou. Kdyby se toti\u017e \u0159\u00eddili t\u00edm, co  jim vymyslela autorka kni\u017en\u00ed p\u0159edlohy, L. J. Smith,  nejsp\u00ed\u0161 by tolik div\u00e1k\u016f za ty roky nez\u00edskali. Mezi up\u00edry to na konci \u010dtvrt\u00e9  s\u00e9rie po\u0159\u00e1dn\u011b zav\u00ed\u0159ilo a fanou\u0161ci seri\u00e1lu \u010dekali, \u017ee se na Comic-Conu  dozv\u00ed n\u011bco zaj\u00edmav\u00e9ho. Dozv\u011bd\u011bli se akor\u00e1t to, \u017ee p\u0159i \u0161t\u011bst\u00ed neexistuje \u017e\u00e1dn\u00e9  drama, ov\u0161em sc\u00e9n\u00e1ristka Julie Plec div\u00e1ky ujistila, \u017ee si s\u00a0postavami  tolik nepohraje a nech\u00e1 jim n\u011bjakou tu veselou chvilku, sp\u00ed\u0161 se budou m\u00edt co  oh\u00e1n\u011bt, proto\u017ee nebezpe\u010d\u00ed na n\u011b \u010d\u00edh\u00e1 na ka\u017ed\u00e9m rohu. <\/span><\/p>\n<\/p>\n<p><span style=\"font-weight: normal:\">Fanou\u0161ci ov\u0161em nemus\u00ed smutnit, proto\u017ee  se seri\u00e1l do\u010dkal plnohodnotn\u00e9ho spin-offu, kde zjist\u00edme, jak si vedou obl\u00edben\u00ed  P\u016fvodn\u00ed &#8211; tedy p\u016fvodn\u00ed up\u00ed\u0159i. Zm\u011bn\u00edme prost\u0159ed\u00ed a pod\u00edv\u00e1me se do New  Orleans, co\u017e bude po t\u00e9m\u011b\u0159 vyvra\u017ed\u011bn\u00e9m Mystic Falls ur\u010dit\u011b p\u0159\u00edjemn\u00e1 zm\u011bna.  Fanou\u0161ci by r\u00e1di vid\u011bli n\u011bjak\u00fd pokrok ve vztahu Klause a Caroline, le\u010d produkce  zaryt\u011b ml\u010d\u00ed a sp\u00ed\u0161e krout\u00ed hlavou. A\u010dkoliv nikdy ne\u0159\u00edkejme nikdy, v\u00a0tomto seri\u00e1lu je toti\u017e mo\u017en\u00e9 naprosto v\u0161e. <\/span><\/p>\n<\/p>\n<p><span style=\"font-weight: normal:\">A kdy\u017e \u0159\u00edk\u00e1m naprosto v\u0161e, mysl\u00edm t\u00edm  naprosto v\u0161e. A jak je na tom Sookie? V\u00a0sou\u010dasn\u00e9 dob\u011b b\u011b\u017e\u00ed \u0161est\u00e1 s\u00e9rie a  na p\u0159\u00ed\u0161t\u00ed rok je v\u00a0pl\u00e1nu tak\u00e9 sedm\u00e1. Fanou\u0161ci se na panelu do\u010dkali uk\u00e1zek  z nadch\u00e1zej\u00edc\u00ed epizody, a p\u0159esto\u017ee se mezi herci neobjevil seri\u00e1lov\u00fd Eric,  nemuseli div\u00e1ci smutnit, proto\u017ee jej v\u00a0seri\u00e1lu je\u0161t\u011b do konce \u0159ady  dozajista uvid\u00ed. Abych toho zbyte\u010dn\u011b moc nevyspoilerovala, jeliko\u017e internetem  proud\u00ed jedna informace za druhou, prozrad\u00edm v\u00e1m, \u017ee se v\u0161ichni shodli na tom,  \u017ee z\u00e1v\u011bre\u010dn\u00fd d\u00edl \u0161est\u00e9 s\u00e9rie, n\u00e1s zavede zp\u00e1tky ke ko\u0159en\u016fm. A\u0165 u\u017e to tedy  znamen\u00e1 cokoliv.<\/span><\/p>\n<\/p>\n<p><\/p>\n<\/p>\n<p><span style=\"font-weight: normal: \">    <\/span><\/p>\n<p style=\"font-weight: bold: \"><span style=\"font-weight: normal:\"><span><\/span><\/span><\/p>\n<h2 style=\"font-weight: bold: \"><\/h2>\n<p style=\"font-weight: bold: \">\n<h2><span style=\"font-weight: normal:\">Dvakr\u00e1t King &#8211; aneb  Haven &#038; Under the Dome<\/span><\/h2>\n<\/p>\n<p><span style=\"font-weight: normal:\">Filmov\u00ed i seri\u00e1lov\u00ed tv\u016frci se u\u017e d\u00e1vno  p\u0159esv\u011bd\u010dili o tom, \u017ee Stephen King  t\u00e1hne. A\u0165 u\u017e se ve sv\u00fdch t\u00e9matech opakuje, nebo ne, a\u0165 u\u017e vykr\u00e1d\u00e1 s\u00e1m sebe,  nebo ne. Dob\u0159e se na jeho d\u00edla kouk\u00e1. Zat\u00edmco m\u011bste\u010dko Haven se na Comic-Conu  objevilo v\u00a0samostatn\u00e9m panelu \u00fapln\u011b poprv\u00e9, a to letos b\u011b\u017e\u00ed jeho \u010dtvrt\u00e1  \u0159ada, Under the Dome jede ve velk\u00e9m hned od za\u010d\u00e1tku. Letn\u00ed seri\u00e1lov\u00e1 novinka si  rychle z\u00edskala \u0161irokou z\u00e1kladnu fanou\u0161k\u016f a podle \u010d\u00edsel sledovanosti v\u0161e vypad\u00e1  docela dob\u0159e. Na panelu tv\u016frci seri\u00e1lu div\u00e1k\u016fm zodpov\u00eddali dotazy na v\u0161echny  mo\u017en\u00e9 i nemo\u017en\u00e9 z\u00e1hady p\u0159\u00edb\u011bhu a nezapomn\u011bli fanou\u0161ky upozornit, \u017ee 7 epizoda  naprosto zm\u011bn\u00ed hru. Celkov\u00e9 fin\u00e1le seri\u00e1lu kon\u010d\u00ed obrovsk\u00fdm cliffhangerem a  tv\u016frci rozhodn\u011b m\u00edn\u00ed pokra\u010dovat druhou s\u00e9ri\u00ed. Snad jim na CBS neutnou tipec.<\/span><\/p>\n<\/p>\n<p><\/p>\n<\/p>\n<p><span style=\"font-weight: normal: \">    <\/span><\/p>\n<p style=\"font-weight: bold: \"><span style=\"font-weight: normal:\"><\/span><\/p>\n<h2 style=\"font-weight: bold: \"><\/h2>\n<p style=\"font-weight: bold: \">\n<h2><span style=\"font-weight: normal:\">The Walking Dead &#038; Game of Thrones<\/span><\/h2>\n<\/p>\n<p><span style=\"font-weight: normal:\">A na z\u00e1v\u011br dv\u011b obl\u00edben\u00e9 seri\u00e1lov\u00e9  vyvra\u017e\u010fova\u010dky, jedna se zomb\u00edky a druh\u00e1\u2026 taky se zomb\u00edky, ale sp\u00ed\u0161e hromadou  mocensk\u00fdch boj\u016f a tahanic\u00ed o jeden d\u011bsiv\u00fd tr\u016fn. Produkce The Walking Dead  vsadila na d\u011bsivost \u2013 fanou\u0161ci seri\u00e1lu si tak mohli proj\u00edt men\u0161\u00ed expozic\u00ed  s\u00a0voskov\u00fdmi figur\u00ednami ne\u017eiv\u00fdch, s\u00a0nimi\u017e se tak\u00e9 velice r\u00e1di pofotili  (Facebook toho byl pln\u00fd, alespo\u0148 podle zm\u00ednek zahrani\u010dn\u00edch m\u00e9di\u00ed),  v\u00a0samotn\u00e9m panelu div\u00e1ci vyzv\u00eddali, jestli ze \u010dtvrt\u00e9 s\u00e9rie odejde n\u011bjak\u00e1  v\u00fdznamn\u00e1 postava a kolik nov\u00e1\u010dk\u016f do t\u00fdmu p\u0159ibude, le\u010d nic v\u011bhlasn\u00e9ho se  nedozv\u011bd\u011bli. Budeme si tak muset po\u010dkat na samotn\u00fd seri\u00e1l, a\u010dkoliv v\u00a0panelu  zazn\u011bla v\u011bta \u201eJakmile se jednou stanete sou\u010d\u00e1st\u00ed seri\u00e1lu, u\u017e jej neopust\u00edte.\u201c <\/span><\/p>\n<\/p>\n<p><span style=\"font-weight: normal:\">V\u0161ichni zaryt\u00ed fanou\u0161ci Game of Thrones  v\u00ed, \u017ee p\u0159edposledn\u00ed d\u00edl t\u0159et\u00ed s\u00e9rie byl zna\u010dn\u011b\u2026 krvav\u00fd. Cel\u00fd panel seri\u00e1lu  za\u010dal videem s\u00a0podtitulem In Memoriam, v\u00a0n\u011bm\u017e se rozlou\u010d\u00edme se v\u0161emi  padl\u00fdmi postavami. A\u017e se \u010dlov\u011bku nechce v\u011b\u0159it, s\u00a0kolika herci jsme  se za ty t\u0159i roky rozlou\u010dili. Video je vhodn\u00e9 pouze pro ty, kte\u0159\u00ed vid\u011bli  v\u0161echny t\u0159i s\u00e9rie, pro ostatn\u00ed je pln\u00e9 spoiler\u016f. Krom\u011b toho, \u017ee herci  odpov\u00eddali na dotazy fanou\u0161k\u016f, postarali se tak\u00e9 o jist\u00e9 zpest\u0159en\u00ed. Na p\u00f3dium  toti\u017e v\u00a0jednom okam\u017eiku vb\u011bhl Jason Momoa (v seri\u00e1lu Khal Drogo) a pol\u00edbil  Emilii Clarke (v seri\u00e1lu jeho man\u017eelka, Daenerys) se slovy \u201eJe\u0161t\u011b nejsem mrtv\u00fd.\u201c  \u017de by n\u011bjak\u00fd ten spoiler do budoucna, anebo jen legr\u00e1cka? To v\u00ed  s\u00a0ur\u010ditost\u00ed pouze ti, co \u010detli kni\u017en\u00ed p\u0159edlohu George R. R. Martina.<\/span><\/p>\n<\/p>\n<p><\/p>\n<\/p>\n<p><span style=\"font-weight: normal:\">Autorka: Petra S\u00fdkorov\u00e1 (Syki)<\/span><\/p>\n<p><span style=\"font-weight: normal:\">Zdroj obr\u00e1zk\u016f: HollywoodReporter.com<\/span><\/p>\n","protected":false},"excerpt":{"rendered":"<p>Zat\u00edmco filmov\u00e9 adaptace obl\u00edben\u00fdch knih na Comic-Conu zase tak velk\u00e9 zastoupen\u00ed nem\u011bly \u2013 t\u0159eba Vamp\u00fdrsk\u00e1 akademie se neobjevila v\u016fbec a v\u0161ichni nad\u0161en\u00ed fanou\u0161ci st\u00e1le nedo\u010dkav\u011b vyhl\u00ed\u017eej\u00ed jak\u00e9koliv nov\u00e9 informace \u2013 u t\u011bch seri\u00e1lov\u00fdch toho bylo po\u017eehnan\u011b.<\/p>\n","protected":false},"author":2,"featured_media":0,"comment_status":"open","ping_status":"open","sticky":false,"template":"","format":"standard","meta":{"_acf_changed":false,"_monsterinsights_skip_tracking":false,"_monsterinsights_sitenote_active":false,"_monsterinsights_sitenote_note":"","_monsterinsights_sitenote_category":0,"_EventAllDay":false,"_EventTimezone":"","_EventStartDate":"","_EventEndDate":"","_EventStartDateUTC":"","_EventEndDateUTC":"","_EventShowMap":false,"_EventShowMapLink":false,"_EventURL":"","_EventCost":"","_EventCostDescription":"","_EventCurrencySymbol":"","_EventCurrencyCode":"","_EventCurrencyPosition":"","_EventDateTimeSeparator":"","_EventTimeRangeSeparator":"","_EventOrganizerID":[],"_EventVenueID":[],"_OrganizerEmail":"","_OrganizerPhone":"","_OrganizerWebsite":"","_VenueAddress":"","_VenueCity":"","_VenueCountry":"","_VenueProvince":"","_VenueState":"","_VenueZip":"","_VenuePhone":"","_VenueURL":"","_VenueStateProvince":"","_VenueLat":"","_VenueLng":"","_VenueShowMap":false,"_VenueShowMapLink":false,"twitterCardType":"","cardImageID":0,"cardImage":"","cardTitle":"","cardDesc":"","cardImageAlt":"","cardPlayer":"","cardPlayerWidth":0,"cardPlayerHeight":0,"cardPlayerStream":"","cardPlayerCodec":"","footnotes":""},"categories":[1],"tags":[],"class_list":["post-2238","post","type-post","status-publish","format-standard","hentry","category-nezarazene"],"acf":{"related_products":null},"_links":{"self":[{"href":"https:\/\/www.luxor.cz\/blog\/wp-json\/wp\/v2\/posts\/2238","targetHints":{"allow":["GET"]}}],"collection":[{"href":"https:\/\/www.luxor.cz\/blog\/wp-json\/wp\/v2\/posts"}],"about":[{"href":"https:\/\/www.luxor.cz\/blog\/wp-json\/wp\/v2\/types\/post"}],"author":[{"embeddable":true,"href":"https:\/\/www.luxor.cz\/blog\/wp-json\/wp\/v2\/users\/2"}],"replies":[{"embeddable":true,"href":"https:\/\/www.luxor.cz\/blog\/wp-json\/wp\/v2\/comments?post=2238"}],"version-history":[{"count":0,"href":"https:\/\/www.luxor.cz\/blog\/wp-json\/wp\/v2\/posts\/2238\/revisions"}],"wp:attachment":[{"href":"https:\/\/www.luxor.cz\/blog\/wp-json\/wp\/v2\/media?parent=2238"}],"wp:term":[{"taxonomy":"category","embeddable":true,"href":"https:\/\/www.luxor.cz\/blog\/wp-json\/wp\/v2\/categories?post=2238"},{"taxonomy":"post_tag","embeddable":true,"href":"https:\/\/www.luxor.cz\/blog\/wp-json\/wp\/v2\/tags?post=2238"}],"curies":[{"name":"wp","href":"https:\/\/api.w.org\/{rel}","templated":true}]}}