{"id":2236,"date":"2013-07-30T10:04:00","date_gmt":"2013-07-30T08:04:00","guid":{"rendered":"https:\/\/www.luxor.cz\/blog\/nezarazene\/genius-na-planete-idiotu\/"},"modified":"2023-01-06T16:18:15","modified_gmt":"2023-01-06T15:18:15","slug":"genius-na-planete-idiotu-264","status":"publish","type":"post","link":"https:\/\/www.luxor.cz\/blog\/nezarazene\/genius-na-planete-idiotu-264\/","title":{"rendered":"G\u00e9nius na planet\u011b idiot\u016f"},"content":{"rendered":"<\/p>\n<\/p>\n<\/p>\n<p><a href=\"http:\/\/neoluxor.cz\/popularne-naucna\/steve-jobs--126440\/\" target=\"_blank\" rel=\"noopener\">Walter Isaacson: Steve Jobs<\/a>. Kniha vy\u0161la p\u0159ed V\u00e1nocemi 2011. Byla p\u0159edur\u010dena k v\u00fdslun\u00ed. Prvn\u00ed ofici\u00e1ln\u00ed biografie s Jobsov\u00fdm jm\u00e9nem v titulu musela z\u00e1konit\u011b strhnout pozornost i t\u011bch, co se produkt\u016fm od Applu vyh\u00fdbaj\u00ed. Kdy\u017e odmysl\u00edme zku\u0161en\u00e9ho Isaacsona, z\u016fst\u00e1v\u00e1 tlustotlust\u00e9 knize dosud neutuchaj\u00edc\u00ed aura osobnosti, kter\u00e1 se nikdy neodst\u0159ihla od sv\u00e9 hippies minulosti a sou\u010dasn\u011b m\u00edlov\u00fdmi kroky p\u0159eskakovala konkurenci v IT inovac\u00edch. Ale kdyby jen to. Jobs si nesl b\u0159\u00edm\u011b odlo\u017een\u00e9ho d\u00edt\u011bte. Byl veganem, kter\u00fd odm\u00edtal maso a v dob\u011b sv\u00e9 nemoci tak\u00e9 b\u011b\u017enou l\u00e9\u010dbu. Nep\u0159izp\u016fsobiv\u00fdm asoci\u00e1lem, co d\u011blal z lid\u00ed trosky, nebo je dok\u00e1zal vt\u00e1hnout do procesu, j\u00edm\u017e m\u011bnil sv\u011bt. Byl objevitelem i stvo\u0159itelem. Neb\u00e1l se ale ani kop\u00edrovat, nebo chcete-li kr\u00e1st. O\u017eivovat, stejn\u011b rychle n\u011bco a n\u011bkoho poh\u0159b\u00edt. \u010ctete knihu a \u0159\u00edk\u00e1te si: <i>Ty jo, to by byl bij\u00e1k!<\/i> Uplynulo p\u00e1r \u00fapl\u0148k\u016f a na pl\u00e1tnech kin se prom\u00edtne Jobsova tv\u00e1\u0159 a st\u0159\u00edpky jeho \u017eivota. Ten film je p\u0159edur\u010den k pozornosti.<\/p>\n<p><span style=\"line-height: 1.45em:\">U\u017e t\u0159eba jen proto, \u017ee si na n\u011bm smlsnou kritici, co tak r\u00e1di komparuj\u00ed. Knihy a filmy, skute\u010dn\u00e9 lidi a biografie a b\u016fhv\u00edco je\u0161t\u011b. \u017de seda\u010dky zaplav\u00ed geekov\u00e9 a nerdi, fanou\u0161ci Applu, tak\u00e9 roztodivn\u00ed uct\u00edva\u010di. A \u017ee tam n\u011bkde v p\u0159\u00edtm\u00ed usednou i ti, kte\u0159\u00ed bytostn\u011b dikt\u00e1tory a totalit\u00e1rn\u00ed Apple nesn\u00e1\u0161ej\u00ed. Ostatn\u011b, sledovat, jak se tyto dv\u011b skupinky nerd-hooligans popasuj\u00ed se sebou navz\u00e1jem, by mohlo b\u00fdt kdy\u017e ne na dal\u0161\u00ed film, tak aspo\u0148 na \u010dl\u00e1nek do (pseudo)v\u011bdeck\u00e9ho \u010dasopisu o sociologii a psychologii.<\/span><\/p>\n<p>(Mimochodem, na \u010cSFD u\u017e nyn\u00ed m\u016f\u017eete naj\u00edt prvn\u00ed hodnocen\u00ed doposud nikde neprezentovan\u00e9ho filmu, p\u0159i\u010dem\u017e u\u017eivatel-g\u00e9nius, co se zove Brondy, d\u00e1v\u00e1 jednu hv\u011bzdi\u010dku filmu proto, \u017ee odm\u00edt\u00e1 na ten film j\u00edt. Stejn\u011b jako Jobs nej\u00edm maso a jsem proti n\u00e1sil\u00ed, ale n\u011bco mi \u0159\u00edk\u00e1, \u017ee i on by si Brondyho dal jako z\u00e1kusek po ob\u011bdov\u00e9m tofu.)<\/p>\n<p><\/p>\n<p>A pro\u010d se vlastn\u011b na knihu nebo na film pod\u00edvat? Pravda, pokud r\u00e1di pali\u010dkujete slov\u00e1ck\u00e9 vzory, exkurze do zrodu prvn\u00edho osobn\u00ed po\u010d\u00edta\u010de v\u00e1m \u017e\u00e1dn\u00e9 <i>zimomriavky<\/i> nep\u0159ivod\u00ed. N\u00e1m ostatn\u00edm, co (t\u0159eba tento \u010dl\u00e1nek) klepou do kl\u00e1vesnice a koukaj\u00ed do monitor\u016f, m\u00e1 ale \u017eivotopis Jobse co \u0159\u00edct. O tom, jak vlastn\u011b takov\u00e9 produkty ovl\u00e1dat. K \u010demu jsou dobr\u00e9? Pro\u010d vypadaj\u00ed tak, jak vypadaj\u00ed? (A pro\u010d &#8211; zcela pochopiteln\u011b &#8211; <i>Windows sucks?<\/i>) Jobsova biografie je fascinuj\u00edc\u00ed v tom, kolik poloh v n\u00ed najdeme:<\/p>\n<p><b>Zaj\u00edmav\u00fd p\u0159\u00edb\u011bh<\/b>, proto\u017ee Jobs cel\u00fd \u017eivot trp\u011bl t\u00edm, \u017ee se jej biologi\u010dt\u00ed rodi\u010de vzdali. Pro\u017eil a nesl si v sob\u011b stopy hippies. M\u011bl dojem, \u017ee je g\u00e9nius, a proto se neb\u00e1l ostatn\u00ed ur\u00e1\u017eet a odhazovat p\u0159es palubu. Sou\u010dasn\u011b miloval svou rodinu a odm\u00edtal n\u00e1sil\u00ed na zv\u00ed\u0159atech. Onemocn\u011bl rakovinou, bojoval s n\u00ed a prohr\u00e1l.<\/p>\n<p><b>U\u010debnici leadershipu a podnik\u00e1n\u00ed<\/b>, proto\u017ee Jobs m\u016f\u017ee poslou\u017eit jako ide\u00e1ln\u00ed\/varovn\u00fd vzor. Uk\u00e1zat, jak (ne)jednat se zam\u011bstnanci. Jak prezentovat a prod\u00e1vat sv\u00e9 produkty, jak zmanipulovat dav a p\u0159esv\u011bd\u010dit jej, \u017ee chce to, co Jobs vymyslel.<\/p>\n<p><b>U\u010debnici designu<\/b>, proto\u017ee ka\u017ed\u00e9 ze za\u0159\u00edzen\u00ed od Applu d\u011bl\u00e1 z\u00e1\u0159ez do historie sv\u011btov\u00e9ho designu, a\u0165 u\u017e se v\u00e1m to l\u00edb\u00ed, nebo ne. Dozv\u00edte se, jak zakomponovat podobu \u017eiv\u00e9ho mo\u0159sk\u00e9ho tvora do stoln\u00edho po\u010d\u00edta\u010de, jak znemo\u017enit u\u017eivatel\u016fm, aby v\u00e1m va\u0161e dokonal\u00e9 d\u00edlo rozvrtali, nebo co je to minimalismus a pro\u010d v\u00e1s m\u016f\u017ee osvobodit.<\/p>\n<\/p>\n<p>Zat\u00edm lze jen odhadovat, kter\u00e9 z motiv\u016f z Jobsova \u017eivota a biografie zhmotn\u00ed Joshua Michael Stern, re\u017eis\u00e9r <i>nobody<\/i>. Zda d\u00e1 p\u0159ednost \u017eivotn\u00edmu p\u0159\u00edb\u011bhu (asi), nebo se pokus\u00ed div\u00e1ky zasv\u011btit i do Jobsovy filozofie a tedy i filozofie firmy Apple. (To stoj\u00ed za to, proto\u017ee najednou ta zd\u00e1nliv\u00e1 omezen\u00ed a podivnosti na za\u0159\u00edzen\u00edch za\u010dnou d\u00e1vat smysl, i kdy\u017e se v\u00e1m nebudou l\u00edbit.) Up\u0159\u00edmn\u011b, on ani Ashton Kutcher nevyvol\u00e1v\u00e1 kdov\u00edjak\u00e1 o\u010dek\u00e1v\u00e1n\u00ed. Vypad\u00e1 jako Jobs, ale bude jej um\u011bt i zahr\u00e1t? Nech\u00e1me se p\u0159ekvapit&#8230;<\/p>\n<p><b>Vid\u011bli jste film Jobs a m\u00e1te chu\u0165 zjistit v\u00edc? Na Jobs\u016fv autorizovan\u00fd \u017eivotopis od Waltera Issacsona v\u00e1m a\u017e do 30. z\u00e1\u0159\u00ed d\u00e1me v\u00fdm\u011bnou za pou\u017eit\u00fd l\u00edstek do kina na film Jobs slevu 100 K\u010d.<\/b><\/p>\n<p>Autor: Luk\u00e1\u0161 Gregor<\/p><\/p>\n","protected":false},"excerpt":{"rendered":"<p>Myslel jinak. A v\u011b\u0159il, \u017ee l\u00e9pe ne\u017e 99,9% planety. Zat\u00edmco to promile (v \u010dele s n\u00edm) p\u0159edstavuj\u00ed g\u00e9niov\u00e9, pro ostatn\u00ed zbyla m\u00edsta idiot\u016f. Byl asoci\u00e1l, jeho\u017e slova bolela v\u00edce ne\u017e n\u00e1raz do zdi, p\u0159esto pro n\u011bj tou\u017eili pracovat ti nejtalentovan\u011bj\u0161\u00ed mana\u017ee\u0159i i technici a lid\u00e9, v\u010detn\u011b bytost\u00ed z m\u00e9di\u00ed, prahli aspo\u0148 po kousku jeho pohledu. Steve Jobs v\u011b\u0159il, \u017ee m\u011bn\u00ed sv\u011bt. M\u011bl pravdu&#8230;<\/p>\n","protected":false},"author":2,"featured_media":0,"comment_status":"open","ping_status":"open","sticky":false,"template":"","format":"standard","meta":{"_acf_changed":false,"_monsterinsights_skip_tracking":false,"_monsterinsights_sitenote_active":false,"_monsterinsights_sitenote_note":"","_monsterinsights_sitenote_category":0,"_EventAllDay":false,"_EventTimezone":"","_EventStartDate":"","_EventEndDate":"","_EventStartDateUTC":"","_EventEndDateUTC":"","_EventShowMap":false,"_EventShowMapLink":false,"_EventURL":"","_EventCost":"","_EventCostDescription":"","_EventCurrencySymbol":"","_EventCurrencyCode":"","_EventCurrencyPosition":"","_EventDateTimeSeparator":"","_EventTimeRangeSeparator":"","_EventOrganizerID":[],"_EventVenueID":[],"_OrganizerEmail":"","_OrganizerPhone":"","_OrganizerWebsite":"","_VenueAddress":"","_VenueCity":"","_VenueCountry":"","_VenueProvince":"","_VenueState":"","_VenueZip":"","_VenuePhone":"","_VenueURL":"","_VenueStateProvince":"","_VenueLat":"","_VenueLng":"","_VenueShowMap":false,"_VenueShowMapLink":false,"twitterCardType":"","cardImageID":0,"cardImage":"","cardTitle":"","cardDesc":"","cardImageAlt":"","cardPlayer":"","cardPlayerWidth":0,"cardPlayerHeight":0,"cardPlayerStream":"","cardPlayerCodec":"","footnotes":""},"categories":[1],"tags":[],"class_list":["post-2236","post","type-post","status-publish","format-standard","hentry","category-nezarazene"],"acf":{"related_products":null},"_links":{"self":[{"href":"https:\/\/www.luxor.cz\/blog\/wp-json\/wp\/v2\/posts\/2236","targetHints":{"allow":["GET"]}}],"collection":[{"href":"https:\/\/www.luxor.cz\/blog\/wp-json\/wp\/v2\/posts"}],"about":[{"href":"https:\/\/www.luxor.cz\/blog\/wp-json\/wp\/v2\/types\/post"}],"author":[{"embeddable":true,"href":"https:\/\/www.luxor.cz\/blog\/wp-json\/wp\/v2\/users\/2"}],"replies":[{"embeddable":true,"href":"https:\/\/www.luxor.cz\/blog\/wp-json\/wp\/v2\/comments?post=2236"}],"version-history":[{"count":0,"href":"https:\/\/www.luxor.cz\/blog\/wp-json\/wp\/v2\/posts\/2236\/revisions"}],"wp:attachment":[{"href":"https:\/\/www.luxor.cz\/blog\/wp-json\/wp\/v2\/media?parent=2236"}],"wp:term":[{"taxonomy":"category","embeddable":true,"href":"https:\/\/www.luxor.cz\/blog\/wp-json\/wp\/v2\/categories?post=2236"},{"taxonomy":"post_tag","embeddable":true,"href":"https:\/\/www.luxor.cz\/blog\/wp-json\/wp\/v2\/tags?post=2236"}],"curies":[{"name":"wp","href":"https:\/\/api.w.org\/{rel}","templated":true}]}}