{"id":2234,"date":"2013-07-24T18:55:00","date_gmt":"2013-07-24T16:55:00","guid":{"rendered":"https:\/\/www.luxor.cz\/blog\/nezarazene\/comic-con-filmove-adaptace\/"},"modified":"2023-01-06T16:18:16","modified_gmt":"2023-01-06T15:18:16","slug":"comic-con-filmove-adaptace-262","status":"publish","type":"post","link":"https:\/\/www.luxor.cz\/blog\/nezarazene\/comic-con-filmove-adaptace-262\/","title":{"rendered":"Comic-Con: filmov\u00e9 adaptace"},"content":{"rendered":"<\/p>\n<h2><\/h2>\n<\/p>\n<h2>City of Bones\u00a0<\/h2>\n<\/p>\n<p>Prvn\u00ed d\u00edl obl\u00edben\u00e9 nadp\u0159irozen\u00e9 sextalogie o lovc\u00edch d\u00e9mon\u016f se na \u010desk\u00e1 pl\u00e1tna kin dostane <b>12. z\u00e1\u0159\u00ed 2013<\/b>. Marketingov\u00e1 kampa\u0148 k filmu je obrovsk\u00e1, fanou\u0161ci jsou ka\u017ed\u00fd den zaplavov\u00e1ni nov\u00fdmi fotkami, rozhovory a dal\u0161\u00edmi zaj\u00edmavostmi. Ve Spojen\u00fdch st\u00e1tech si m\u016f\u017eete po\u0159\u00eddit tak\u00e9 speci\u00e1ln\u00ed makeup k filmu, filmov\u00e9 plak\u00e1ty, pohledy i reedici prvn\u00edho d\u00edlu s filmovou ob\u00e1lkou. V pl\u00e1nu je tak\u00e9 ofici\u00e1ln\u00ed filmov\u00fd pr\u016fvodce. Obou knih bychom se m\u011bli do\u010dkat i v \u010de\u0161tin\u011b.\u00a0<\/p>\n<p><\/p>\n<p>Nen\u00ed se tedy \u010demu divit, \u017ee byl filmov\u00fd panel na Comic-Conu narvan\u00fd k prasknut\u00ed. M\u016f\u017eete se na z\u00e1znam pod\u00edvat t\u0159eba <a href=\"http:\/\/youtu.be\/xQRWP7rU4zg\" target=\"_blank\" rel=\"noopener\">tady<\/a>. Krom\u011b herc\u016f se na panelu objevila tak\u00e9 autorka kni\u017en\u00ed p\u0159edlohy\u00a0<b>Cassandra Clare<\/b>, na kter\u00e9 bylo poznat, \u017ee si pozornost n\u00e1ramn\u011b u\u017e\u00edv\u00e1. Mezi perli\u010dkami z nat\u00e1\u010den\u00ed bylo nap\u0159\u00edklad \u0159e\u010deno, \u017ee se v prvn\u00edm filmu objev\u00ed tak\u00e9 polibek, kter\u00fd by fanou\u0161ci nejsp\u00ed\u0161 ne\u010dekali. Nep\u016fjde toti\u017e o polibek mezi hlavn\u00edmi hrdiny, ale sp\u00ed\u0161e t\u011bmi vedlej\u0161\u00edmi. Lily \u0159ekla, \u017ee nejt\u011b\u017e\u0161\u00ed pro ni na roli Clary byly krati\u010dk\u00e9 sukn\u011b a vysok\u00e9 podpatky. Kevin na to, \u017ee pro n\u011bj bylo nejt\u011b\u017e\u0161\u00ed \u010d\u00e1st\u00ed hran\u00ed pracovat s Bowerem (filmov\u00fd Jace). Pro Jamieho to byla \u010dokol\u00e1da, kterou nesm\u011bl j\u00edst.\u00a0<\/p>\n<p>Sotva byl dokon\u010den prvn\u00ed d\u00edl, kter\u00fd se v p\u0159\u00ed\u0161t\u00edch m\u011bs\u00edc\u00edch dostane do kin, produkce filmu na Twitteru 21. \u010dervence ozn\u00e1mila, \u017ee nat\u00e1\u010den\u00ed pokra\u010dov\u00e1n\u00ed &#8211;\u00a0<b>City of Ashes <\/b>&#8211;\u00a0za\u010dne v Torontu u\u017e 23. z\u00e1\u0159\u00ed.\u00a0<\/p>\n<\/p>\n<h2><\/h2>\n<\/p>\n<h2>Ender\u2019s Game\u00a0<\/h2>\n<\/p>\n<p>Fanou\u0161ci Enderovy hry si mohli na Comic-Conu vyzkou\u0161et pravou Ender\u2019s Game Experince. Co to je? Jedn\u00e1 se o speci\u00e1ln\u00ed pr\u016fchod, ve kter\u00e9m mohli fanou\u0161ci na vlastn\u00ed o\u010di vid\u011bt, jak\u00e9 to je b\u00fdt Enderem a \u010d\u00edm v\u0161\u00edm si jako voj\u00e1k mus\u00edte proj\u00edt. \u00da\u010dastn\u00edci si tak mohli p\u0159\u00edmo sednout do vesm\u00edrn\u00e9 lodi, pod\u00edvat se do Enderova kadetsk\u00e9ho pokoje a sed\u011bt i v jednotliv\u00fdch tr\u00e9ninkov\u00fdch k\u0159eslech, kde je vyu\u010doval p\u0159\u00edmo Harrison Ford skrz instrukt\u00e1\u017en\u00ed video. Pokud v\u00e1s zaj\u00edm\u00e1, jak to uvnit\u0159 vypadalo, pod\u00edvejte se <a href=\"http:\/\/youtu.be\/nkZru-jZi1Q\" target=\"_blank\" rel=\"noopener\">sem<\/a>. V\u0161ichni \u00fa\u010dastn\u00edci se shodli na tom, \u017ee u\u017e dlouho neza\u017eili nic tak \u00fa\u017easn\u00e9ho. Mrkn\u011bte i na n\u00e1borov\u00e9 video:\u00a0<\/p>\n<p><\/p>\n<p>Cel\u00e9mu panelu a vlastn\u011b i v\u0161em rozhovor\u016fm na Comic-Conu v\u00e9vodil neuv\u011b\u0159iteln\u011b charismatick\u00fd Harrison Ford. V panelu si pro fanou\u0161ky re\u017eis\u00e9r p\u0159ipravil nov\u00e9 fotky i r\u016fzn\u00e1 videa podporuj\u00edc\u00ed cel\u00fd filmov\u00fd sv\u011bt. Okolo filmu se mot\u00e1 jist\u00e1 nep\u0159\u00edjemn\u00e1 skute\u010dnost, a to kritika protihomosexu\u00e1ln\u00edch n\u00e1zor\u016f autora kni\u017en\u00ed p\u0159edlohy, <b>Orsona Scotta Carda<\/b>. Autor je kritizov\u00e1n za sv\u016fj siln\u011b odm\u00edtav\u00fd postoj k homosexualit\u011b, v zahrani\u010d\u00ed dokonce vznikla petice za bojkot filmov\u00e9 adaptace. Na druhou stranu se zase postavili fanou\u0161ci knihy, kte\u0159\u00ed ostatn\u00edm chytrol\u00edn\u016fm rad\u00ed, \u017ee kniha je kniha, film je film a \u017ee by si to lidi m\u011bli hlavn\u011b u\u017e\u00edt. \u010cesk\u00e1 premi\u00e9ra filmu je napl\u00e1nov\u00e1na na <b>31. \u0159\u00edjna 2013<\/b>.\u00a0<\/p>\n<\/p>\n<h2><\/h2>\n<\/p>\n<h2>Catching Fire\u00a0<\/h2>\n<\/p>\n<p>Po minul\u00e9m Comic-Conu byl panel k druh\u00e9mu d\u00edlu Hunger Games o\u010dek\u00e1v\u00e1n ve velk\u00e9m. Produkce fanou\u0161k\u016fm toti\u017e sl\u00edbila zve\u0159ejn\u011bn\u00ed druh\u00e9ho ofici\u00e1ln\u00edho traileru. Ka\u017ed\u00fd cht\u011bl vid\u011bt, jak vypad\u00e1 zku\u0161en\u011bj\u0161\u00ed a odv\u00e1\u017en\u011bj\u0161\u00ed Katniss i Turn\u00e9 v\u00edt\u011bz\u016f\u2026 a taky, jak dob\u0159e vypad\u00e1 svle\u010den\u00fd Finnick.\u00a0<\/p>\n<p><span style=\"line-height: 1.45em:\"><br \/><\/span><\/p>\n<p><span style=\"line-height: 1.45em:\">Na speci\u00e1ln\u00edm panelu k filmu, na kter\u00fd se m\u016f\u017eete pod\u00edvat t\u0159eba <a href=\"http:\/\/youtu.be\/7vrjT30Cdc0\" target=\"_blank\" rel=\"noopener\">tady<\/a>, se se\u0161li star\u00e9 zn\u00e1m\u00e9 tv\u00e1\u0159e, i ty nov\u00e9. Herci odpov\u00eddali na zvl\u00e1\u0161tn\u00ed ot\u00e1zky fanou\u0161k\u016f, jako t\u0159eba, jestli na place dodr\u017eovali n\u011bjakou zvl\u00e1\u0161tn\u00ed v\u00fd\u017eivu i v\u00fdcvik. Jennifer \u0159ekla, \u017ee j\u00ed bohat\u011b sta\u010dilo ka\u017ed\u00fd den b\u011bhat po kopc\u00edch, dal\u0161\u00ed posilov\u00e1n\u00ed by nejsp\u00ed\u0161 u\u017e bylo moc. Tak\u00e9 se rozpov\u00eddala o tom, jak je pro Katniss te\u010f \u017eivot nov\u00fd, nemus\u00ed se b\u00e1t o j\u00eddlo, p\u0159\u00edst\u0159e\u0161\u00ed a pen\u00edze. Jej\u00ed vztah s Peetou je jin\u00fd, proto\u017ee si oba pro\u0161li t\u00edmt\u00e9\u017e a navz\u00e1jem se ch\u00e1pou, na druhou stranu je tu st\u00e1le Hurik\u00e1n a to, \u017ee se znaj\u00ed cel\u00fd \u017eivot. Josh nezapomn\u011bl p\u0159ipomenout zvl\u00e1\u0161tn\u00ed milostn\u00fd troj\u00faheln\u00edk. Zat\u00edmco Katnissina l\u00e1ska k Peetovi byla jen hrou pro kamery, k Hurik\u00e1novi Katniss c\u00edt\u00ed n\u011bco docela jin\u00e9ho, a\u010dkoliv si postupem \u010dasu za\u010d\u00edn\u00e1 uv\u011bdomovat, \u017ee j\u00ed ani Peeta nen\u00ed lhostejn\u00fd.\u00a0<\/span><\/p>\n<p><span style=\"line-height: 1.45em:\">Na sc\u00e9n\u00e1\u0159i ke <b>Catching Fire<\/b> op\u011bt pracovala samotn\u00e1 autorka, <b>Suzanne Collins<\/b>, kter\u00e1 ned\u00e1vno ozn\u00e1mila, \u017ee m\u00e1 v pl\u00e1nu se k psan\u00ed pro dosp\u00edvaj\u00edc\u00ed vr\u00e1tit. Jestli m\u016f\u017eeme \u010dekat dal\u0161\u00ed dystopickou trilogii, kter\u00e1 pobl\u00e1zn\u00ed sv\u011bt, anebo se do\u010dk\u00e1me n\u011b\u010deho \u00fapln\u011b jin\u00e9ho, se teprve uvid\u00ed. Autorka zat\u00edm v\u0161e dr\u017e\u00ed pod pokli\u010dkou. \u010cesk\u00e1 filmov\u00e1 premi\u00e9ra druh\u00e9ho filmu je napl\u00e1nov\u00e1na na <b>21. listopadu 2013<\/b>. Nezapome\u0148te zaj\u00edt do kina, abyste na vlastn\u00ed o\u010di vid\u011bli, jak se Katniss vr\u00e1t\u00ed tam, kam si myslela, \u017ee se u\u017e nepod\u00edv\u00e1 a bude znovu bojovat o \u017eivot \u2013 tentokr\u00e1t ov\u0161em nep\u016fjde jen o ten jej\u00ed.\u00a0<\/span><\/p>\n<p><span style=\"line-height: 1.45em:\"><\/span><\/p>\n<h2><\/h2>\n<\/p>\n<h2>The Maze Runner\u00a0<\/h2>\n<\/p>\n<p><span style=\"line-height: 1.45em:\">Maze Runner byl na Comic-Conu sou\u010d\u00e1st\u00ed panelu Nerd *HQ* \u010cesk\u00e1 premi\u00e9ra filmu je pl\u00e1nov\u00e1na na <b>14. \u00fanor 2014<\/b>. Ned\u00e1vno byla prod\u00e1na tak\u00e9 \u010desk\u00e1 pr\u00e1va na kni\u017en\u00ed p\u0159edlohu, pokud v\u0161echno p\u016fjde dob\u0159e, mohli bychom se prvn\u00edho d\u00edlu s\u00e9rie do\u010dkat u\u017e p\u0159ed premi\u00e9rou.<\/span><\/p>\n<p><span style=\"line-height: 1.45em:\"><br \/><\/span><\/p>\n<p><span style=\"line-height: 1.45em:\">Nat\u00e1\u010den\u00ed filmu bylo ukon\u010deno teprve p\u0159ed p\u00e1r dny, v panelu se objevil tak\u00e9 autor kni\u017en\u00ed p\u0159edlohy, <b>James Dashner<\/b>, kter\u00fd se s fanou\u0161ky pozd\u011bji velice r\u00e1d fotil i podepisoval jejich knihy. Cel\u00fd rozhovor byl v rukou Dashnera, producenta Godfreyho, re\u017eis\u00e9ra Ball a samoz\u0159ejm\u011b hlavn\u00edho p\u0159edstavitele hrdiny filmu, Dylana, na n\u011bho\u017e se p\u0159i\u0161la pod\u00edvat v\u011bt\u0161ina osazenstva.\u00a0<\/span><\/p>\n<p><span style=\"line-height: 1.45em:\">Dylan prozradil, jak moc je nejsp\u00ed\u0161 nesn\u00e1\u0161eli v hotelu, ve kter\u00e9m bydleli, proto\u017ee cel\u00e1 parta herc\u016f \u010dasto spole\u010dn\u011b vyr\u00e1\u017eela na p\u00e1rty. Tak\u00e9 se p\u0159iznal k tomu, \u017ee na place v\u0161ichni \u010dasto tan\u010dili, aby si zkr\u00e1tili dlouhou chv\u00edli. Toto tvrzen\u00ed potvrdil re\u017eis\u00e9r se slovy, \u017ee m\u00e1 nato\u010den\u00fd dostatek tanc\u016f Dylana a Blakea. Autor prozradil, \u017ee byl dvakr\u00e1t na nat\u00e1\u010den\u00ed a \u017ee to samoz\u0159ejm\u011b nikomu neuniklo, proto\u017ee o tom nemohl na sv\u00e9m Twitteru p\u0159estat mluvit. Z cel\u00e9ho nat\u00e1\u010den\u00ed byl nad\u0161en\u00fd a l\u00edb\u00ed se mu, jak je jeho kniha p\u0159evedena.\u00a0<\/span><\/p>\n<p><span style=\"line-height: 1.45em:\"><\/span><\/p>\n<h2><\/h2>\n<\/p>\n<h2>Divergent\u00a0<\/h2>\n<\/p>\n<p><span style=\"line-height: 1.45em:\">Adaptace dystopick\u00e9 kni\u017en\u00e9 s\u00e9rie <b>Veronicy Roth<\/b> je jedna z vysoce o\u010dek\u00e1van\u00fdch, produkce sl\u00edbila, \u017ee se na Comic-Conu do\u010dkaj\u00ed prvn\u00ed filmov\u00e9 uk\u00e1zky. Bohu\u017eel je\u0161t\u011b nen\u00ed nikde na internetu, abychom zjistili, nakolik se film poda\u0159il. Doufejme, \u017ee se objev\u00ed brzy, v\u0161ichni jej netrp\u011bliv\u011b vyhl\u00ed\u017e\u00edme. \u010cesk\u00e1 premi\u00e9ra je stanovena na <b>3. dubna 2014<\/b>.\u00a0<\/span><\/p>\n<p><span style=\"line-height: 1.45em:\"><\/span><\/p>\n<p><span style=\"line-height: 1.45em:\">N\u011bkte\u0159\u00ed fanou\u0161ci nebyli zrovna nad\u0161en\u00ed z toho, \u017ee se n\u011bkter\u00e9 postavy p\u0159\u00edb\u011bhu postar\u0161ily, konkr\u00e9tn\u011b \u010cty\u0159ka nem\u00e1 ve filmu 18 let, ale 24. Shailene tak\u00e9 p\u0159iznala, \u017ee a\u010dkoliv by m\u011blo b\u00fdt Tris 16, ve filmu to nen\u00ed nijak v\u00fdrazn\u011b zd\u016frazn\u011bno. Sp\u00ed\u0161e je nazna\u010deno, \u017ee je Tris o dva roky v\u00edc, co\u017e by znamenalo, \u017ee obyvatel\u00e9 nov\u00e9ho Chicaga chod\u00ed ke sv\u00e9 volb\u011b v osmn\u00e1cti letech. Autorka v jednom z rozhovor\u016f pro MTV tak\u00e9 poznamenala, \u017ee si sc\u00e9n\u00e1\u0159 s n\u011bkter\u00fdmi sc\u00e9nami pohr\u00e1l po sv\u00e9m, proto se ve filmu n\u011bco m\u016f\u017ee odehr\u00e1t v jin\u00e9m sledu, p\u0159\u00edpadn\u011b m\u00edrn\u011b jinak. Uvid\u00edme, nakolik produkce zas\u00e1hla do d\u011bje knihy. Theo ve sv\u00e9m rozhovoru dokonce p\u0159iznal, \u017ee v jednom ze z\u00e1b\u011br\u016f filmu zahl\u00e9dneme jeho odhalenou p\u016flku. T\u011b\u017eko \u0159\u00edct, jestli je to pravda, nebo si z fanou\u0161k\u016f herec d\u011bl\u00e1 legraci. Theo to toti\u017e d\u011bl\u00e1 velice r\u00e1d.\u00a0<\/span><\/p>\n<p><span style=\"line-height: 1.45em:\"><\/span><\/p>\n<h2><\/h2>\n<\/p>\n<h2>Seventh Son\u00a0<\/h2>\n<\/p>\n<p><span style=\"line-height: 1.45em:\">Na Comic-Conu se p\u0159edstavil tak\u00e9 Seventh Son. Sv\u011btov\u00e1 premi\u00e9ra filmu byla posunuta z \u0159\u00edjna na <b>17. leden 2014<\/b>. V panelu se objevily v\u0161echny hlavn\u00ed hereck\u00e9 tv\u00e1\u0159e a pod\u011blily se s fanou\u0161ky o sv\u00e9 z\u00e1\u017eitky z nat\u00e1\u010den\u00ed. Na z\u00e1znam z panelu se m\u016f\u017eete pod\u00edvat nap\u0159\u00edklad <a href=\"http:\/\/youtu.be\/aU4AdphbsPk\" target=\"_blank\" rel=\"noopener\">tady<\/a>.\u00a0<\/span><\/p>\n<p><span style=\"line-height: 1.45em:\"><br \/><\/span><\/p>\n<p><span style=\"line-height: 1.45em:\">Antje (hraje Faoru v Man of Steel) se sv\u011b\u0159ila s t\u00edm, \u017ee pro ni bylo nejt\u011b\u017e\u0161\u00ed bojovat v tak lehou\u010dk\u00e9m oble\u010den\u00ed. Ben odhalil, \u017ee n\u011bkter\u00e9 sc\u00e9ny jsou daleko t\u011b\u017e\u0161\u00ed, ne\u017e to vypad\u00e1 \u2013 nap\u0159\u00edklad lezen\u00ed a v\u0161echny \u017eelezn\u00e9 \u0159et\u011bzy. Kit spolu s Jeffem z\u00edskali nejv\u011bt\u0161\u00ed ohlasy, Jeff za to, \u017ee je hlavn\u00edm tahounem filmu a Kit proto, \u017ee jej v\u011bt\u0161ina fanou\u0161k\u016f zn\u00e1 z \u00fasp\u011b\u0161n\u00e9ho seri\u00e1lu Game of Thrones.\u00a0<\/span><\/p>\n<p><span style=\"line-height: 1.45em:\">Autorka: Petra S\u00fdkorov\u00e1 (Syki)<\/span><\/p>\n<p><span style=\"line-height: 1.45em:\">Zdroje: MTV.com, EW.com<\/span><\/p>\n","protected":false},"excerpt":{"rendered":"<p>Pokra\u010dujeme v t\u00fddenn\u00edm p\u0159ehledu toho nejzaj\u00edmav\u011bj\u0161\u00edho z Comic-Conu. Tentokr\u00e1t se pod\u00edv\u00e1me na vysoce o\u010dek\u00e1van\u00e9 filmov\u00e9 adaptace obl\u00edben\u00fdch kni\u017en\u00edch p\u0159edloh. Pokud v\u00e1m sv\u011bt filmu alespo\u0148 n\u011bco \u0159\u00edk\u00e1, u\u017e jste o n\u011bkter\u00fdch dozajista sly\u0161eli a tou\u017eebn\u011b je vyhl\u00ed\u017e\u00edte, o jin\u00fdch jste t\u0159eba ani nev\u011bd\u011bli.<\/p>\n","protected":false},"author":2,"featured_media":0,"comment_status":"open","ping_status":"open","sticky":false,"template":"","format":"standard","meta":{"_acf_changed":false,"_monsterinsights_skip_tracking":false,"_monsterinsights_sitenote_active":false,"_monsterinsights_sitenote_note":"","_monsterinsights_sitenote_category":0,"_EventAllDay":false,"_EventTimezone":"","_EventStartDate":"","_EventEndDate":"","_EventStartDateUTC":"","_EventEndDateUTC":"","_EventShowMap":false,"_EventShowMapLink":false,"_EventURL":"","_EventCost":"","_EventCostDescription":"","_EventCurrencySymbol":"","_EventCurrencyCode":"","_EventCurrencyPosition":"","_EventDateTimeSeparator":"","_EventTimeRangeSeparator":"","_EventOrganizerID":[],"_EventVenueID":[],"_OrganizerEmail":"","_OrganizerPhone":"","_OrganizerWebsite":"","_VenueAddress":"","_VenueCity":"","_VenueCountry":"","_VenueProvince":"","_VenueState":"","_VenueZip":"","_VenuePhone":"","_VenueURL":"","_VenueStateProvince":"","_VenueLat":"","_VenueLng":"","_VenueShowMap":false,"_VenueShowMapLink":false,"twitterCardType":"","cardImageID":0,"cardImage":"","cardTitle":"","cardDesc":"","cardImageAlt":"","cardPlayer":"","cardPlayerWidth":0,"cardPlayerHeight":0,"cardPlayerStream":"","cardPlayerCodec":"","footnotes":""},"categories":[1],"tags":[],"class_list":["post-2234","post","type-post","status-publish","format-standard","hentry","category-nezarazene"],"acf":{"related_products":null},"_links":{"self":[{"href":"https:\/\/www.luxor.cz\/blog\/wp-json\/wp\/v2\/posts\/2234","targetHints":{"allow":["GET"]}}],"collection":[{"href":"https:\/\/www.luxor.cz\/blog\/wp-json\/wp\/v2\/posts"}],"about":[{"href":"https:\/\/www.luxor.cz\/blog\/wp-json\/wp\/v2\/types\/post"}],"author":[{"embeddable":true,"href":"https:\/\/www.luxor.cz\/blog\/wp-json\/wp\/v2\/users\/2"}],"replies":[{"embeddable":true,"href":"https:\/\/www.luxor.cz\/blog\/wp-json\/wp\/v2\/comments?post=2234"}],"version-history":[{"count":0,"href":"https:\/\/www.luxor.cz\/blog\/wp-json\/wp\/v2\/posts\/2234\/revisions"}],"wp:attachment":[{"href":"https:\/\/www.luxor.cz\/blog\/wp-json\/wp\/v2\/media?parent=2234"}],"wp:term":[{"taxonomy":"category","embeddable":true,"href":"https:\/\/www.luxor.cz\/blog\/wp-json\/wp\/v2\/categories?post=2234"},{"taxonomy":"post_tag","embeddable":true,"href":"https:\/\/www.luxor.cz\/blog\/wp-json\/wp\/v2\/tags?post=2234"}],"curies":[{"name":"wp","href":"https:\/\/api.w.org\/{rel}","templated":true}]}}