{"id":2229,"date":"2013-07-17T14:00:00","date_gmt":"2013-07-17T12:00:00","guid":{"rendered":"https:\/\/www.luxor.cz\/blog\/nezarazene\/revival\/"},"modified":"2023-01-06T16:18:16","modified_gmt":"2023-01-06T15:18:16","slug":"revival-257","status":"publish","type":"post","link":"https:\/\/www.luxor.cz\/blog\/nezarazene\/revival-257\/","title":{"rendered":"Revival + sout\u011b\u017e o podepsan\u00e9 kn\u00ed\u017eky"},"content":{"rendered":"<\/p>\n<h2><span ><\/p>\n<p><\/span><\/h2>\n<h2><span >P\u0159\u00edb\u011bh<\/span><\/h2>\n<p>Kdysi byli slavn\u00ed. \u0158\u00edkalo se jim \u201e\u010de\u0161t\u00ed Rolling Stones\u201c. Jmenovali se Smoke a p\u0159ed \u010dty\u0159iceti lety je znal ka\u017ed\u00fd v \u010ceskoslovensku. V roce 1972 se rozpadli a nikdy se po\u0159\u00e1dn\u011b nev\u011bd\u011blo pro\u010d. Ka\u017ed\u00fd ze \u010dty\u0159 b\u00fdval\u00fdch muzikant\u016f se s \u00fad\u011blem rockera ve v\u00fdslu\u017eb\u011b vyrovnal po sv\u00e9m. Maj\u00ed sv\u00e9 \u017eivoty, p\u0159\u00edb\u011bhy a nakonec i vlastn\u00ed motivy k tomu, aby se Smoke zase dali dohromady. Jejich pohnutky a \u017eivoty se nakonec potkaj\u00ed a oni svou kapelu obnov\u00ed. Je to j\u00edzda, u\u017e\u00edvaj\u00ed si \u017eivota na p\u00f3diu, sv\u00e9 muziky a v\u011bc\u00ed okolo. V\u0161echny \u010dek\u00e1 spousta z\u00e1bavy a spousta komick\u00fdch situac\u00ed. \u010cek\u00e1 je ale tak\u00e9 pozn\u00e1n\u00ed &#8211; odhalen\u00ed tajemstv\u00ed, pro\u010d se vlastn\u011b skupina p\u0159ed lety rozpadla.<\/p>\n<h2>Trailer <\/h2>\n<p><\/p>\n<h2>Alice Nellis<\/h2>\n<p>Na filmy Alice Nellis se poka\u017ed\u00e9 \u010dek\u00e1 s nap\u011bt\u00edm a jej\u00ed filmy maj\u00ed na \u010desk\u00e9 pom\u011bry slu\u0161n\u00fd \u00fasp\u011bch \u2013 jej\u00ed <i>Perfect Days<\/i> vid\u011blo 250 tis\u00edc lid\u00ed. Poprv\u00e9 se p\u0159edstavila filmem <i>Ene Bene<\/i>, ho\u0159kou volebn\u00ed komedi\u00ed, ve kter\u00e9 v\u00edce ne\u017e o politiku \u0161lo o mezilidsk\u00e9 vztahy. Ty jsou ostatn\u011b n\u00e1m\u011btem mnoha jejich film\u016f, t\u0159eba <i>V\u00fdlet <\/i>\u2013 rodinn\u00e1 road movie, kde cesta na Slovensko funguje jak katalyz\u00e1tor rodinn\u00fdch vztah\u016f, nebo film <i>Tajnosti<\/i> o rozpadu jednoho man\u017eelstv\u00ed a o touze po klav\u00edru. Alice Nellis je prvn\u00ed d\u00e1ma \u010desk\u00e9ho filmu a film <i>Revival<\/i> toto jej\u00ed postaven\u00ed potvrdil.<\/p>\n<h2>Sout\u011b\u017e<\/h2>\n<p>Napi\u0161te n\u00e1m, jak\u00fd n\u00e1zev by m\u011bla va\u0161e kapela.\u00a0P\u011bt autor\u016f nejzaj\u00edmav\u011bj\u0161\u00edch n\u00e1zv\u016f od n\u00e1s dostanou podepsanou knihu <a href=\"http:\/\/neoluxor.cz\/popularne-naucna\/revival-kniha-k-filmu-alice-nellis-cd--195975\/\" target=\"_blank\" rel=\"noopener\">Revival<\/a>. Odpov\u011bdi m\u016f\u017eete pos\u00edlat a\u017e do 24. \u010dervence 2013.<\/p>\n","protected":false},"excerpt":{"rendered":"<p>Po letech obnovili kapelu, aby si p\u0159ipomn\u011bli d\u00e1vnou sl\u00e1vu. A nebo je v tom n\u011bco v\u00edc? Nov\u00e1 komedie Alice Nellis m\u00e1 pr\u00e1v\u011b premi\u00e9ru a my pro v\u00e1s m\u00e1me sout\u011b\u017e.<\/p>\n","protected":false},"author":2,"featured_media":0,"comment_status":"open","ping_status":"open","sticky":false,"template":"","format":"standard","meta":{"_acf_changed":false,"_monsterinsights_skip_tracking":false,"_monsterinsights_sitenote_active":false,"_monsterinsights_sitenote_note":"","_monsterinsights_sitenote_category":0,"_EventAllDay":false,"_EventTimezone":"","_EventStartDate":"","_EventEndDate":"","_EventStartDateUTC":"","_EventEndDateUTC":"","_EventShowMap":false,"_EventShowMapLink":false,"_EventURL":"","_EventCost":"","_EventCostDescription":"","_EventCurrencySymbol":"","_EventCurrencyCode":"","_EventCurrencyPosition":"","_EventDateTimeSeparator":"","_EventTimeRangeSeparator":"","_EventOrganizerID":[],"_EventVenueID":[],"_OrganizerEmail":"","_OrganizerPhone":"","_OrganizerWebsite":"","_VenueAddress":"","_VenueCity":"","_VenueCountry":"","_VenueProvince":"","_VenueState":"","_VenueZip":"","_VenuePhone":"","_VenueURL":"","_VenueStateProvince":"","_VenueLat":"","_VenueLng":"","_VenueShowMap":false,"_VenueShowMapLink":false,"twitterCardType":"","cardImageID":0,"cardImage":"","cardTitle":"","cardDesc":"","cardImageAlt":"","cardPlayer":"","cardPlayerWidth":0,"cardPlayerHeight":0,"cardPlayerStream":"","cardPlayerCodec":"","footnotes":""},"categories":[1],"tags":[],"class_list":["post-2229","post","type-post","status-publish","format-standard","hentry","category-nezarazene"],"acf":{"related_products":null},"_links":{"self":[{"href":"https:\/\/www.luxor.cz\/blog\/wp-json\/wp\/v2\/posts\/2229","targetHints":{"allow":["GET"]}}],"collection":[{"href":"https:\/\/www.luxor.cz\/blog\/wp-json\/wp\/v2\/posts"}],"about":[{"href":"https:\/\/www.luxor.cz\/blog\/wp-json\/wp\/v2\/types\/post"}],"author":[{"embeddable":true,"href":"https:\/\/www.luxor.cz\/blog\/wp-json\/wp\/v2\/users\/2"}],"replies":[{"embeddable":true,"href":"https:\/\/www.luxor.cz\/blog\/wp-json\/wp\/v2\/comments?post=2229"}],"version-history":[{"count":0,"href":"https:\/\/www.luxor.cz\/blog\/wp-json\/wp\/v2\/posts\/2229\/revisions"}],"wp:attachment":[{"href":"https:\/\/www.luxor.cz\/blog\/wp-json\/wp\/v2\/media?parent=2229"}],"wp:term":[{"taxonomy":"category","embeddable":true,"href":"https:\/\/www.luxor.cz\/blog\/wp-json\/wp\/v2\/categories?post=2229"},{"taxonomy":"post_tag","embeddable":true,"href":"https:\/\/www.luxor.cz\/blog\/wp-json\/wp\/v2\/tags?post=2229"}],"curies":[{"name":"wp","href":"https:\/\/api.w.org\/{rel}","templated":true}]}}