{"id":2225,"date":"2013-07-15T11:12:00","date_gmt":"2013-07-15T09:12:00","guid":{"rendered":"https:\/\/www.luxor.cz\/blog\/nezarazene\/kdyz-se-do-vseho-zamotaji-andele-lita-vic-nez-jenom-peri\/"},"modified":"2023-01-06T16:18:16","modified_gmt":"2023-01-06T15:18:16","slug":"kdyz-se-do-vseho-zamotaji-andele-lita-vic-nez-jenom-peri-253","status":"publish","type":"post","link":"https:\/\/www.luxor.cz\/blog\/recenze\/kdyz-se-do-vseho-zamotaji-andele-lita-vic-nez-jenom-peri-253\/","title":{"rendered":"Kdy\u017e se do v\u0161eho zamotaj\u00ed and\u011bl\u00e9, l\u00edt\u00e1 v\u00edc ne\u017e jenom pe\u0159\u00ed"},"content":{"rendered":"<\/p>\n<\/p>\n<p>Ebony v\u017edycky v\u011bd\u011bla, \u017ee je jin\u00e1.  V\u017edy\u0165 kdo dal\u0161\u00ed chod\u00ed po sv\u011bt\u011b s\u00a0fialov\u00fdma o\u010dima? I jej\u00ed z\u00e1hadn\u00e1 v\u011bt\u0161\u00ed  s\u00edla byla a\u017e p\u0159esp\u0159\u00edli\u0161 n\u00e1padn\u00fdm vod\u00edtkem. A co po tom to, \u017ee na st\u0159edn\u00ed \u0161kolu  nastoupila teprve p\u0159ed p\u00e1r lety, proto\u017ee se d\u0159\u00edve musela u\u010dit doma? Jako by toho  nebylo m\u00e1lo, v\u00a0posledn\u00ed dob\u011b se za\u010d\u00ednaj\u00ed d\u00edt divn\u00e9 v\u011bci. Tedy, je\u0161t\u011b  divn\u011bj\u0161\u00ed ne\u017e obvykle. A Ebony m\u00e1 u\u017e dost toho, \u017ee j\u00ed jej\u00ed rodi\u010de n\u011bco taj\u00ed. Je  odhodlan\u00e1 na to p\u0159ij\u00edt.<\/p>\n<p>Jordan nem\u011bl v\u00a0\u017eivot\u011b nikdy  po\u0159\u00e1dn\u011b \u0161t\u011bst\u00ed. P\u0159ech\u00e1zel z\u00a0jedn\u00e9 p\u011bstounsk\u00e9 rodiny do druh\u00e9 a  v\u00a0\u017e\u00e1dn\u00e9 se nec\u00edtil b\u00fdt doma. Jednou si myslel, \u017ee na\u0161el miluj\u00edc\u00ed rodinu i  bratry, pak se ale p\u0159ihodilo n\u011bco, co si nedok\u00e1\u017ee odpustit a co ho  nejsp\u00ed\u0161 poznamenalo do konce \u017eivota. Jeho minulost ho znovu dostihne a  rozhodne se mu u\u0161t\u011bd\u0159it posledn\u00ed, smrtelnou, r\u00e1nu. Co na tom, \u017ee sv\u016fj \u017eivot  je\u0161t\u011b ani po\u0159\u00e1dn\u011b neza\u010dal \u017e\u00edt. Ale vypad\u00e1 to, \u017ee dostane druhou \u0161anci, jen mus\u00ed  souhlasit, \u017ee pom\u016f\u017ee and\u011bl\u016fm naj\u00edt jednoho z\u00a0nich.<\/p>\n<p>Ebony a Jordan se tak stanou  sou\u010d\u00e1st\u00ed mnohem slo\u017eit\u011bj\u0161\u00edho p\u0159\u00edb\u011bhu, ne\u017e by si kdy p\u0159edstavovali. N\u00e1\u0161 sv\u011bt  toti\u017e nen\u00ed jedin\u00fdm, kter\u00fd existuje. Vypad\u00e1 to, \u017ee v\u0161echny legendy a pov\u011bsti o  and\u011blsk\u00fdch bytostech nebudou zase tak daleko od pravdy. V\u0161e se to\u010d\u00ed okolo  jednoho d\u016fle\u017eit\u00e9ho proroctv\u00ed, kter\u00e9 by je\u0161t\u011b mohlo zam\u00edchat v\u0161emi sv\u011bty.<\/p>\n<p><\/p>\n<p><a href=\"http:\/\/neoluxor.cz\/vyhledavani\/?query=Curleyov%C3%A1+Marianne\" target=\"_blank\" rel=\"noopener\">Marianne Curley<\/a>  se narodila v\u00a0roce 1959 ve Windsoru, v Austr\u00e1lii. Jako nejmlad\u0161\u00ed ze \u010dty\u0159  d\u011bt\u00ed \u017eila se svou rodinou v\u00a0mal\u00e9m farm\u00e1\u0159sk\u00e9m domku na b\u0159ez\u00edch \u0159eky Hawkesbury,  kter\u00e1 jim p\u0159i obzvl\u00e1\u0161\u0165 o\u0161kliv\u00fdch z\u00e1plav\u00e1ch cel\u00fd d\u016fm vzala. Pozd\u011bji se cel\u00e1  rodina p\u0159est\u011bhovala do Plumpton. <\/p>\n<\/p>\n<p>V\u00a0sedmn\u00e1cti letech absolvovala  administrativn\u00ed \u0161kolu a stala se pr\u00e1vn\u00ed stenografkou v\u00a0pr\u00e1vn\u00edm odd\u011blen\u00ed  st\u00e1tn\u00ed vl\u00e1dn\u00ed agentury. Pr\u00e1ci opustila o p\u011bt let pozd\u011bji, proto\u017ee se vdala a  zalo\u017eila rodinu. Se sv\u00fdm man\u017eelem m\u00e1 t\u0159i d\u011bti. Knihy za\u010dala ps\u00e1t v\u00a0dob\u011b,  kdy jej\u00ed d\u011bti odrostly a jej\u00ed dcera ohl\u00e1sila, \u017ee \u010dek\u00e1 potomka. Marianne cht\u011bla  b\u00fdt tou nejlep\u0161\u00ed babi\u010dkou a m\u00edt na d\u00edt\u011b dostatek \u010dasu. <\/p>\n<p>Jej\u00ed prvn\u00ed kni\u017en\u00ed po\u010din, <a href=\"http:\/\/neoluxor.cz\/detske\/davna-kletba--86507\/\" target=\"_blank\" rel=\"noopener\">D\u00e1vn\u00e1  kletba<\/a>, byla poprv\u00e9 vyd\u00e1na  v\u00a0roce 2000. Hled\u00e1n\u00ed agenta bylo velice t\u011b\u017ek\u00e9, ale autorce se nakonec  po\u0161t\u011bstilo. Nyn\u00ed m\u00e1 na kont\u011b tak\u00e9 obl\u00edbenou trilogii <a href=\"http:\/\/neoluxor.cz\/detske\/strazci-casu-vyvoleny-idil--19615\/\" target=\"_blank\" rel=\"noopener\">Str\u00e1\u017eci \u010dasu<\/a>  a za\u010dala ps\u00e1t dal\u0161\u00ed, tentokr\u00e1t s\u00a0and\u011blskou t\u00e9matikou. Druh\u00fd d\u00edl Aveny by  m\u011bl v\u00a0zahrani\u010d\u00ed vyj\u00edt 4. listopadu 2014.<\/p>\n<p>Curley ve <a href=\"http:\/\/neoluxor.cz\/beletrie\/avena-1-skryta--194835\/\" target=\"_blank\" rel=\"noopener\">Skryt\u00e9<\/a>  p\u0159ich\u00e1z\u00ed se zaj\u00edmavou a netradi\u010dn\u00ed my\u0161lenkou n\u011bkolika paraleln\u00edch sv\u011bt\u016f,  v\u00a0nich\u017e \u017eij\u00ed and\u011bl\u00e9. N\u00e1dhern\u00e9, magick\u00e9 a docela nebezpe\u010dn\u00e9 bytosti. Jej\u00ed  sv\u011bt nen\u00ed tak \u00fapln\u011b typick\u00fd, a to ji mezi ostatn\u00edmi knihami stejn\u00e9ho \u017e\u00e1nru dosti  vy\u010dn\u00edv\u00e1. Pozitivem je tak\u00e9 st\u0159\u00edd\u00e1n\u00ed pohled\u016f vyprav\u011b\u010d\u016f. Pod\u00edv\u00e1me se tak na  jeden p\u0159\u00edb\u011bh ze dvou stran. Mnohem sympati\u010dt\u011bj\u0161\u00edm hrdinou je ov\u0161em Jordan,  jeliko\u017e Ebony m\u00e1 ob\u010das tendence p\u0159\u00edli\u0161 p\u0159eh\u00e1n\u011bt, nebo se chovat naprosto  atypicky \u2013 nap\u0159\u00edklad v\u00a0moment\u011b, kdy j\u00ed zmiz\u00ed rodi\u010de.<\/p>\n<p>Ostatn\u00ed postavy jsou po v\u011bt\u0161inu  \u010dasu velkou nezn\u00e1mou a vy si tak p\u0159i \u010dten\u00ed p\u0159ipad\u00e1te jako Jessica Fletcherov\u00e1, co  se sna\u017e\u00ed p\u0159ij\u00edt na to, co maj\u00ed proboha n\u011bkte\u0159\u00ed za lubem. Probl\u00e9mem m\u016f\u017ee b\u00fdt  dosti pr\u016fhledn\u00e1 z\u00e1pletka, kterou prokoukne ka\u017ed\u00fd byst\u0159ej\u0161\u00ed \u010dten\u00e1\u0159 u\u017e po n\u011bkolika  prvn\u00edch str\u00e1nk\u00e1ch. To ov\u0161em nem\u011bn\u00ed nic na tom, \u017ee je cel\u00fd p\u0159\u00edb\u011bh \u010dtiv\u00fd a sv\u00fdm  zp\u016fsobem tak\u00e9 dosti zvl\u00e1\u0161tn\u00ed. Knihu si nejv\u00edce u\u017eij\u00ed milovn\u00edci and\u011blsk\u00e9  t\u00e9matiky, tajn\u00fdch proroctv\u00ed, nebezpe\u010dn\u00fdch nep\u0159\u00e1tel a milostn\u00fdch troj\u00faheln\u00edk\u016f.<\/p>\n<\/p>\n<h2>Hodnocen\u00ed:  50%<\/h2>\n<\/p>\n<p>Autorka: Petra S\u00fdkorov\u00e1 (Syki)<\/p>\n<p>Zdroj obr\u00e1zk\u016f: Mariannecurley.com, CC Onkel Wart<\/p><\/p>\n","protected":false},"excerpt":{"rendered":"<p>Co kdy\u017e cel\u00fd \u017eivot c\u00edt\u00edte, \u017ee je s v\u00e1mi n\u011bco v nepo\u0159\u00e1dku? \u017de nejste jako ostatn\u00ed? Dok\u00e1zali byste uv\u011b\u0159it \u010dlov\u011bku, kter\u00e9ho jste nikdy d\u0159\u00edve nevid\u011bli, ale kter\u00fd v\u00e1m tvrd\u00ed, \u017ee vlastn\u011b ani nepoch\u00e1z\u00edte z tohoto sv\u011bta?<\/p>\n","protected":false},"author":2,"featured_media":0,"comment_status":"open","ping_status":"open","sticky":false,"template":"","format":"standard","meta":{"_acf_changed":false,"_monsterinsights_skip_tracking":false,"_monsterinsights_sitenote_active":false,"_monsterinsights_sitenote_note":"","_monsterinsights_sitenote_category":0,"_EventAllDay":false,"_EventTimezone":"","_EventStartDate":"","_EventEndDate":"","_EventStartDateUTC":"","_EventEndDateUTC":"","_EventShowMap":false,"_EventShowMapLink":false,"_EventURL":"","_EventCost":"","_EventCostDescription":"","_EventCurrencySymbol":"","_EventCurrencyCode":"","_EventCurrencyPosition":"","_EventDateTimeSeparator":"","_EventTimeRangeSeparator":"","_EventOrganizerID":[],"_EventVenueID":[],"_OrganizerEmail":"","_OrganizerPhone":"","_OrganizerWebsite":"","_VenueAddress":"","_VenueCity":"","_VenueCountry":"","_VenueProvince":"","_VenueState":"","_VenueZip":"","_VenuePhone":"","_VenueURL":"","_VenueStateProvince":"","_VenueLat":"","_VenueLng":"","_VenueShowMap":false,"_VenueShowMapLink":false,"twitterCardType":"","cardImageID":0,"cardImage":"","cardTitle":"","cardDesc":"","cardImageAlt":"","cardPlayer":"","cardPlayerWidth":0,"cardPlayerHeight":0,"cardPlayerStream":"","cardPlayerCodec":"","footnotes":""},"categories":[7],"tags":[],"class_list":["post-2225","post","type-post","status-publish","format-standard","hentry","category-recenze"],"acf":{"related_products":null},"_links":{"self":[{"href":"https:\/\/www.luxor.cz\/blog\/wp-json\/wp\/v2\/posts\/2225","targetHints":{"allow":["GET"]}}],"collection":[{"href":"https:\/\/www.luxor.cz\/blog\/wp-json\/wp\/v2\/posts"}],"about":[{"href":"https:\/\/www.luxor.cz\/blog\/wp-json\/wp\/v2\/types\/post"}],"author":[{"embeddable":true,"href":"https:\/\/www.luxor.cz\/blog\/wp-json\/wp\/v2\/users\/2"}],"replies":[{"embeddable":true,"href":"https:\/\/www.luxor.cz\/blog\/wp-json\/wp\/v2\/comments?post=2225"}],"version-history":[{"count":0,"href":"https:\/\/www.luxor.cz\/blog\/wp-json\/wp\/v2\/posts\/2225\/revisions"}],"wp:attachment":[{"href":"https:\/\/www.luxor.cz\/blog\/wp-json\/wp\/v2\/media?parent=2225"}],"wp:term":[{"taxonomy":"category","embeddable":true,"href":"https:\/\/www.luxor.cz\/blog\/wp-json\/wp\/v2\/categories?post=2225"},{"taxonomy":"post_tag","embeddable":true,"href":"https:\/\/www.luxor.cz\/blog\/wp-json\/wp\/v2\/tags?post=2225"}],"curies":[{"name":"wp","href":"https:\/\/api.w.org\/{rel}","templated":true}]}}