{"id":2224,"date":"2013-07-12T19:30:00","date_gmt":"2013-07-12T17:30:00","guid":{"rendered":"https:\/\/www.luxor.cz\/blog\/nezarazene\/zvlastni-pocity-po-zvlastnim-kolaci\/"},"modified":"2023-01-06T16:18:16","modified_gmt":"2023-01-06T15:18:16","slug":"zvlastni-pocity-po-zvlastnim-kolaci-252","status":"publish","type":"post","link":"https:\/\/www.luxor.cz\/blog\/recenze\/zvlastni-pocity-po-zvlastnim-kolaci-252\/","title":{"rendered":"Zvl\u00e1\u0161tn\u00ed pocity po zvl\u00e1\u0161tn\u00edm kol\u00e1\u010di"},"content":{"rendered":"<\/p>\n<\/p>\n<\/p>\n<p>Do d\u011bje jsme vta\u017eeni v den Rosin\u00fdch  dev\u00e1t\u00fdch narozenin ve chv\u00edli, kdy pom\u00e1h\u00e1 mamince up\u00e9ct sv\u016fj narozeninov\u00fd,  citronov\u00fd kol\u00e1\u010d (hned na za\u010d\u00e1tku je tedy vy\u0159e\u0161ena z\u00e1hada s neobvykl\u00fdm n\u00e1zvem  knihy). Kdy\u017e Rose kol\u00e1\u010d ochutn\u00e1, zjist\u00ed, \u017ee v n\u011bm dok\u00e1\u017ee rozeznat pocity sv\u00e9  matky. Postupem \u010dasu si tuto svou teorii potvrzuje: dok\u00e1\u017ee c\u00edtit emoce lid\u00ed,  kte\u0159\u00ed j\u00eddlo p\u0159ipravovali. Dev\u00e1t\u00fdmi narozeninami tak za\u010d\u00edn\u00e1 pro Rose jin\u00fd \u017eivot,  kter\u00fd j\u00ed nab\u00edz\u00ed zcela nov\u00fd pohled na realitu. Zd\u00e1nliv\u011b ide\u00e1ln\u00ed rodina ukr\u00fdv\u00e1  toti\u017e v\u00edce tajemstv\u00ed a bolesti, ne\u017e se na prvn\u00ed pohled zd\u00e1. D\u00edky tomuto  jedine\u010dn\u00e9mu \u201cdaru\u201d (nebo proklet\u00ed) p\u0159ich\u00e1z\u00ed Rose na mat\u010dinu nev\u011bru, bratrovy nevysv\u011btliteln\u00e9  \u00faniky ze sv\u011bta a otcovo \u00famysln\u00e9 p\u0159ehl\u00ed\u017een\u00ed. Nejhor\u0161\u00ed na tom v\u0161em je, \u017ee nen\u00ed v  jej\u00edch sil\u00e1ch tuto situaci n\u011bjak zm\u011bnit. Jedin\u00fd, kdo v\u011b\u0159\u00ed v jej\u00ed zvl\u00e1\u0161tn\u00ed  schopnosti, je bratr\u016fv kamar\u00e1d George, kter\u00fd j\u00ed dok\u00e1\u017ee poskytnout alespo\u0148  trochu podpory a \u00fat\u011bchy, jinak je ale na v\u0161e sama. <\/p>\n<p>A te\u010f p\u0159ich\u00e1z\u00ed ta chv\u00edle. Chv\u00edle, kdy se  mus\u00edm rozhodnout, jestli m\u00e1m ke knize sp\u00ed\u0161 pozitivn\u00ed, nebo negativn\u00ed postoj. Po  pravd\u011b \u0159e\u010deno to toti\u017e nev\u00edm. Jedin\u00e9, co jsem po p\u0159e\u010dten\u00ed c\u00edtila, bylo  roz\u010darov\u00e1n\u00ed, kter\u00e9 st\u00e1le trv\u00e1. <\/p>\n<p>Nemysl\u00edm si o sob\u011b, \u017ee jsem, co se t\u00fd\u010de  \u010detby, n\u011bjak konzervativn\u00ed, ba pr\u00e1v\u011b naopak. Sna\u017e\u00edm br\u00e1t p\u0159\u00edb\u011bh se v\u0161\u00edm v\u0161udy,  se v\u0161emi podivnostmi a zvraty. S citronov\u00fdm kol\u00e1\u010dem jsem ale \u0161la a\u017e za hranice  m\u00e9 \u010dten\u00e1\u0159sk\u00e9 tolerance. <\/p>\n<p>V\u017edycky, kdy\u017e v\u00e1h\u00e1m mezi n\u011bkolika  mo\u017enostmi, vyu\u017e\u00edv\u00e1m seznamu pro a proti. D\u011bl\u00e1m to tak se v\u0161\u00edm, tak pro\u010d to  nezkusit i tady?<\/p>\n<\/p>\n<h3>Co  se mi l\u00edbilo na citronov\u00e9m kol\u00e1\u010di?<\/h3>\n<\/p>\n<ul>\n<li><b>nep\u0159edv\u00eddatelnost<\/b> \u2013 u\u017e jsem ji zm\u00ednila a  je to prvn\u00ed a velk\u00fd klad cel\u00e9 knihy<\/li>\n<li><b>\u010dtivost <\/b>\u2013 souvis\u00ed s nep\u0159edv\u00eddatelnost\u00ed,  \u010dten\u00e1\u0159 prost\u011b pot\u0159ebuje v\u011bd\u011bt, jak kniha dopadne<\/li>\n<li><b>fantazie<\/b> \u2013 autorce rozhodn\u011b nelze up\u0159\u00edt  notnou d\u00e1vku p\u0159edstavivosti, aby do tak typick\u00e9ho prost\u0159ed\u00ed vm\u00e1\u010dkla  nadp\u0159irozen\u00e9 prvky<\/li>\n<li><b>mystika<\/b> \u2013 \u201ckol\u00e1\u010d\u201d je prodchnut\u00fd  tajemnem, trochu mi to p\u0159ipom\u00edn\u00e1 styl Josteina Gaardera a jeho <i>D\u00edvky s  pomeran\u010di<\/i><\/li>\n<\/ul>\n<\/p>\n<h3>Co  se mi nel\u00edbilo na citronov\u00e9m kol\u00e1\u010di?<\/h3>\n<\/p>\n<ul>\n<li><b>posledn\u00ed str\u00e1nka, respektive<\/b> <b>v\u011bta<\/b> \u2013  \u010detla jsem ji n\u011bkolikr\u00e1t, dokonce i nahlas, ale jednodu\u0161e jsem ji nepochopila,  co\u017e m\u016f\u017ee b\u00fdt d\u00e1no p\u0159ekladem, nebo mou nepozornost\u00ed, ale mysl\u00edm, \u017ee zrovna u  knihy tohoto r\u00e1zu by m\u011blo b\u00fdt jasn\u00e9, co m\u011bla autorka na mysli<\/li>\n<li><b>uvozov\u00e1n\u00ed p\u0159\u00edm\u00e9 \u0159e\u010di<\/b> \u2013 chyb\u011bj\u00edc\u00ed  uvozovac\u00ed znam\u00e9nka u p\u0159\u00edm\u00e9 \u0159e\u010di m\u011bly ur\u010dit\u011b je\u0161t\u011b v\u00edce ozvl\u00e1\u0161tnit cel\u00fd p\u0159\u00edb\u011bh,  ale \u010dten\u00e1\u0159 se pak mnohdy neorientuje v dialoz\u00edch mezi postavami<\/li>\n<li><b>fantazie<\/b> \u2013 je uveden\u00e1 u\u017e v pozitivech,  ale tak, jak pom\u00e1h\u00e1 p\u0159\u00edb\u011bh dotv\u00e1\u0159et, ho chv\u00edlemi i ni\u010d\u00ed (obzvl\u00e1\u0161t\u011b ve  chv\u00edl\u00edch, kdy popisuje mizen\u00ed Rosina bratra)<\/li>\n<li><b>vykreslen\u00ed psychologie hlavn\u00ed postavy<\/b> \u2013  ob\u010das m\u011b zar\u00e1\u017eelo, \u017ee dev\u00edtilet\u00e1 Rose mysl\u00ed stejn\u011b jako Rose ve dvaceti letech,  ale to u\u017e se v tom mo\u017en\u00e1 jen moc vrt\u00e1m<\/li>\n<\/ul>\n<p>Se\u010dteno, podtr\u017eeno, je to nerozhodn\u011b. Tak\u017ee  j\u00e1 jsem v podstat\u011b po\u0159\u00e1d tam, kde jsem byla a ke knize zauj\u00edm\u00e1m neutr\u00e1ln\u00ed  postoj. Na v\u00e1s ostatn\u00edch zb\u00fdv\u00e1, abyste si ud\u011blali sv\u016fj vlastn\u00ed obr\u00e1zek.\u00a0<\/p>\n<\/p>\n<h2>Hodnocen\u00ed: 60 %<\/h2>\n<\/p>\n<p>Autorka: Jana Sklen\u00e1\u0159ov\u00e1<\/p>\n<p>Zdroj obr\u00e1zku: CC\u00a0Ianiv &#038; Arieanna<\/p>\n","protected":false},"excerpt":{"rendered":"<p>Nep\u0159edv\u00eddateln\u00fd. P\u0159esn\u011b toto slovo charakterizuje rom\u00e1n Aimee Benderov\u00e9 s n\u00e1zvem Zvl\u00e1\u0161tn\u00ed smutek citronov\u00e9ho kol\u00e1\u010de. U\u017e se mi u knihy dlouho nestalo, \u017ee bych alespo\u0148 malinko netu\u0161ila, jak\u00fdm sm\u011brem se bude z\u00e1pletka ub\u00edrat. Aimee Benderov\u00e1 m\u011b ale poka\u017ed\u00e9 dok\u00e1zala dokonale p\u0159ekvapit a vyv\u00e9zt z m\u00edry. No, posu\u010fte sami.<\/p>\n","protected":false},"author":2,"featured_media":0,"comment_status":"open","ping_status":"open","sticky":false,"template":"","format":"standard","meta":{"_acf_changed":false,"_monsterinsights_skip_tracking":false,"_monsterinsights_sitenote_active":false,"_monsterinsights_sitenote_note":"","_monsterinsights_sitenote_category":0,"_EventAllDay":false,"_EventTimezone":"","_EventStartDate":"","_EventEndDate":"","_EventStartDateUTC":"","_EventEndDateUTC":"","_EventShowMap":false,"_EventShowMapLink":false,"_EventURL":"","_EventCost":"","_EventCostDescription":"","_EventCurrencySymbol":"","_EventCurrencyCode":"","_EventCurrencyPosition":"","_EventDateTimeSeparator":"","_EventTimeRangeSeparator":"","_EventOrganizerID":[],"_EventVenueID":[],"_OrganizerEmail":"","_OrganizerPhone":"","_OrganizerWebsite":"","_VenueAddress":"","_VenueCity":"","_VenueCountry":"","_VenueProvince":"","_VenueState":"","_VenueZip":"","_VenuePhone":"","_VenueURL":"","_VenueStateProvince":"","_VenueLat":"","_VenueLng":"","_VenueShowMap":false,"_VenueShowMapLink":false,"twitterCardType":"","cardImageID":0,"cardImage":"","cardTitle":"","cardDesc":"","cardImageAlt":"","cardPlayer":"","cardPlayerWidth":0,"cardPlayerHeight":0,"cardPlayerStream":"","cardPlayerCodec":"","footnotes":""},"categories":[7],"tags":[],"class_list":["post-2224","post","type-post","status-publish","format-standard","hentry","category-recenze"],"acf":{"related_products":null},"_links":{"self":[{"href":"https:\/\/www.luxor.cz\/blog\/wp-json\/wp\/v2\/posts\/2224","targetHints":{"allow":["GET"]}}],"collection":[{"href":"https:\/\/www.luxor.cz\/blog\/wp-json\/wp\/v2\/posts"}],"about":[{"href":"https:\/\/www.luxor.cz\/blog\/wp-json\/wp\/v2\/types\/post"}],"author":[{"embeddable":true,"href":"https:\/\/www.luxor.cz\/blog\/wp-json\/wp\/v2\/users\/2"}],"replies":[{"embeddable":true,"href":"https:\/\/www.luxor.cz\/blog\/wp-json\/wp\/v2\/comments?post=2224"}],"version-history":[{"count":0,"href":"https:\/\/www.luxor.cz\/blog\/wp-json\/wp\/v2\/posts\/2224\/revisions"}],"wp:attachment":[{"href":"https:\/\/www.luxor.cz\/blog\/wp-json\/wp\/v2\/media?parent=2224"}],"wp:term":[{"taxonomy":"category","embeddable":true,"href":"https:\/\/www.luxor.cz\/blog\/wp-json\/wp\/v2\/categories?post=2224"},{"taxonomy":"post_tag","embeddable":true,"href":"https:\/\/www.luxor.cz\/blog\/wp-json\/wp\/v2\/tags?post=2224"}],"curies":[{"name":"wp","href":"https:\/\/api.w.org\/{rel}","templated":true}]}}