{"id":2223,"date":"2013-07-10T14:08:00","date_gmt":"2013-07-10T12:08:00","guid":{"rendered":"https:\/\/www.luxor.cz\/blog\/nezarazene\/jiny-pohled-na-narodni-tridu-jaroslava-rudise\/"},"modified":"2023-01-06T16:18:27","modified_gmt":"2023-01-06T15:18:27","slug":"jiny-pohled-na-narodni-tridu-jaroslava-rudise-251","status":"publish","type":"post","link":"https:\/\/www.luxor.cz\/blog\/recenze\/jiny-pohled-na-narodni-tridu-jaroslava-rudise-251\/","title":{"rendered":"Jin\u00fd pohled na N\u00e1rodn\u00ed t\u0159\u00eddu Jaroslava Rudi\u0161e"},"content":{"rendered":"<\/p>\n<\/p>\n<p><a href=\"http:\/\/neoluxor.cz\/beletrie\/narodni-trida--195071\/\" target=\"_blank\" rel=\"noopener\">N\u00e1rodn\u00ed t\u0159\u00edda<\/a> sleduje p\u0159\u00edb\u011bh  Vandama, kluka, kter\u00fd je p\u0159esn\u011b tak hloup\u00fd jako jeho p\u0159ezd\u00edvka. Abych to trochu  zjednodu\u0161il: cel\u00fdch 150 stran pokr\u00fdvaj\u00ed jeho hlubok\u00e9 \u00favahy o jilmu, otc\u00edch  stavitel\u00edch a posilov\u00e1n\u00ed, p\u0159i\u010dem\u017e sem tam dokonce prohod\u00ed i n\u011bjakou tu v\u011btu,  proto\u017ee se o\u010dividn\u011b n\u011bjak\u00fdm z\u00e1zrakem nau\u010dil i mluvit. <\/p>\n<p>  Probl\u00e9m, kter\u00fd s knihou m\u00e1m, za\u010d\u00edn\u00e1 a kon\u010d\u00ed pr\u00e1v\u011b v postav\u011b Vandama. Ten kluk  je vd\u011b\u010dn\u00fdm hrdinou, proto\u017ee to rozhodn\u011b nen\u00ed ten typ, jeho\u017e nejv\u011bt\u0161\u00edm  dobrodru\u017estv\u00edm by byl n\u00e1kup rohl\u00edk\u016f a ml\u00e9ka. Jen\u017ee jeho charakter, by\u0165 nab\u00edz\u00ed  tolik mo\u017enost\u00ed jak exhibovat, je pr\u00e1zdn\u011bj\u0161\u00ed, ne\u017e se na prvn\u00ed pohled zd\u00e1. Je jen  sko\u0159\u00e1pkou, kterou jeho vlastn\u00ed neschopnost a omezenost (natolik \u010dech\u00e1\u010dsk\u00e9ho  p\u016fvodu) vyplnila mongoloidn\u00edmi p\u0159edstavami o sob\u011b sam\u00e9m jako\u017eto Posledn\u00edm \u0158\u00edmanovi.  Je to ale ve fin\u00e1le pouze du\u0161evn\u00ed vata, kter\u00e1 se to\u010d\u00ed kolem jeho existence a  kter\u00e1 j\u00ed dod\u00e1v\u00e1 fale\u0161nou hloubku. Fale\u0161nou, proto\u017ee Vandam je ve skute\u010dnosti  prvot\u0159\u00eddn\u00ed troska, kter\u00e1 si pro svoje mrzk\u00e9 hodnoty mus\u00ed naj\u00edt opodstatn\u011bn\u00ed a  omluvu, co\u017e \u010din\u00ed nejjednodu\u0161\u0161\u00ed mo\u017enou cestou, tolik p\u0159\u00edhodnou karikatur\u00e1m jako  je on. Ano, na sc\u00e9nu p\u0159ich\u00e1z\u00ed nacionalismus, Hitler, \u0158\u00edman\u00e9 a jilmy, kte\u0159\u00ed z  Vandama d\u011blaj\u00ed vlastn\u011b jen citliv\u00e9ho kluka, kter\u00fd br\u00e1n\u00ed ba\u017einu p\u0159ed n\u00e1jezdn\u00edky  z centra.\u00a0<\/p>\n<\/p>\n<\/p>\n<p>Probl\u00e9m je v tom, \u017ee Rudi\u0161 vsadil v\u0161echny svoje karty na postavu a formu, p\u0159i\u010dem\u017e o\u010dek\u00e1val, \u017ee to dod\u00e1 d\u011bji pat\u0159i\u010dnou plasti\u010dnost. Nen\u00ed to n\u011bco, co by se dalo vytknout, on to podle v\u0161eho musel ud\u011blat, proto\u017ee aby byl Vandam p\u0159esn\u00fdm vzorem tradi\u010dn\u00edho \u010desk\u00e9ho pseudo-nacisty\/k\u0159upana, co sed\u00ed cel\u00fd dny v knajp\u011b a sem tam si v ned\u011bli ze srandy zahajluje, mus\u00ed m\u00edt tuto nebo podobnou z\u00e1kladnu. Probl\u00e9m nast\u00e1v\u00e1 p\u0159i ot\u00e1zce: a zaj\u00edm\u00e1 m\u011b tenhle \u010dlov\u011bk v\u016fbec? A je tahle forma je\u0161t\u011b v\u016fbec \u0161okuj\u00edc\u00ed?<\/p>\n<p>Pakli\u017ee si na tyto ot\u00e1zky (zcela logicky) odpov\u00edm ne, pak se Vandamovi kolovr\u00e1tkov\u00e9, posti\u017een\u00e9 ideje, kter\u00e9 neust\u00e1le opakuje, st\u00e1vaj\u00ed otravn\u00fdmi a vysiluj\u00edc\u00edmi, by\u0165 je jazyk knihy v n\u011bkolika momentech svi\u017en\u00fd a poeticky up\u0159\u00edmn\u00fd a neotesan\u00fd, co se t\u00fd\u010de dialog\u016f. Vandamovy odbo\u010dky do minulosti, p\u0159edev\u0161\u00edm k jeho otci a k n\u011bmu, klukovi, co plakal na balkon\u011b, m\u011b vylo\u017een\u011b iritovaly \u2013 iritovaly, proto\u017ee se mi sna\u017eily vnutit pocit, \u017ee ten kluk m\u00e1 n\u011bjak\u00fd to srdce a \u017ee si mo\u017en\u00e1 zaslou\u017e\u00ed i n\u011bjakou tu l\u00edtost, nebo druh\u00fd soud. Nefungovalo to, proto\u017ee Vandam je \u010dernob\u00edl\u00e1 figurka a n\u00e1siln\u00e9 hled\u00e1n\u00ed soucitu skrz flashbacky, p\u016fsobilo ru\u0161iv\u011b &#8211; i tady nakonec zv\u00edt\u011bzila forma nad obsahem.\u00a0<\/p>\n<p>Ztoto\u017enit se potom s takovou postavou je minim\u00e1ln\u011b obt\u00ed\u017en\u00e9. A v p\u0159\u00edpad\u011b a\u017e  n\u00e1siln\u00e9 Ich formy, kterou Rudi\u0161 zvolil, je to velmi na obt\u00ed\u017e. Ano, existuj\u00ed  liter\u00e1rn\u00ed hrdinov\u00e9, kte\u0159\u00ed p\u0159\u00edmo vy\u017eaduj\u00ed, aby je \u010dten\u00e1\u0159 nem\u011bl r\u00e1d, aby c\u00edtil  odpor. Kdybych v pr\u016fb\u011bhu \u010dten\u00ed c\u00edtil zhnusen\u00ed a na konci Vandama bytostn\u011b  nen\u00e1vid\u011bl, pak bych z\u0159ejm\u011b uznal, \u017ee se Rudi\u0161ovi povedlo napsat skv\u011bl\u00e9 d\u00edlo.  Jen\u017ee j\u00e1 nepoc\u00edtil v\u016fbec nic. Pocit vzru\u0161en\u00ed po p\u0159e\u010dten\u00ed jsem m\u011bl asi takov\u00fd,  jako kdybych hodinu kr\u00e1jel brambory. Z\u00e1v\u011bre\u010dn\u00e1 \u201cpointa\u201d, pokud se to tak d\u00e1  nazvat, \u00fast\u0159edn\u00ed postavu nijak ned\u00e9monizovala &#8211; naopak z n\u00ed ud\u011blala je\u0161t\u011b  daleko v\u011bt\u0161\u00edho hlup\u00e1ka a chud\u00e1ka. Nehled\u011b na to, \u017ee drama jedince popisovan\u00e9ho  v knize v tomto stolet\u00ed u\u017e nem\u016f\u017ee nejen \u0161okovat, ale je u\u017e obecn\u011b neschopn\u00e9  vyvolat by\u0165 jen pozdvi\u017een\u00e9 obo\u010d\u00ed. D\u0159\u00edv ne\u017e dojedeme do IKEA na n\u00e1kup,  zapomeneme anarchii i revoltu, kterou n\u00e1m autor do hlavy nacpal.<\/p>\n<p>Jedin\u00e9, co se nakonec d\u00e1 <a href=\"http:\/\/neoluxor.cz\/beletrie\/narodni-trida--195071\/\" target=\"_blank\" rel=\"noopener\">N\u00e1rodn\u00ed t\u0159\u00edd\u011b<\/a> uznat, je obraz, kter\u00fd vrh\u00e1 na \u010deskou spole\u010dnost. Je to obraz dvoj\u00ed.  Jednak ukazuje pok\u0159ivenou realitu, kterou vid\u00ed nacionalisti\u010dt\u00ed pijani a  bezmozci. A pak je tu tak\u00e9 realita otup\u011blosti. Ta se projevuje t\u00edm, \u017ee knihu  do\u010dtu, polo\u017e\u00edm a zapomenu. Proto\u017ee lid\u00ed jako je Vandam je kolem n\u00e1s tolik, \u017ee  u\u017e nestoj\u00ed za \u0159e\u010d. Mo\u017en\u00e1 \u017ee ta fin\u00e1ln\u00ed ot\u00e1zka m\u011bla b\u00fdt: M\u011bl bych t\u00edm b\u00fdt  znepokojen\u00fd? A je to moje chyba, nebo autora, \u017ee je mi to putna?<\/p>\n<\/p>\n<h2>Hodnocen\u00ed: 40 %<\/h2>\n<p>Autor: Luk\u00e1\u0161 (Pal\u00e1c knih Luxor, Praha)<\/p>\n<p>Zdroj obr\u00e1zku: Jaroslavrudis.wordpress.com<\/p>\n","protected":false},"excerpt":{"rendered":"<p>P\u0159edem \u0159\u00edk\u00e1m, \u017ee Jardu Rudi\u0161e jsem nikdy ne\u010detl. V\u011bd\u011bl jsem o n\u011bm jen to, \u017ee m\u00e1 r\u00e1d N\u011bmecko, \u017ee m\u00e1 patku a \u017ee si sv\u00fdm dvoj\u00faderem Alois Nebel\/Nebe pod Berl\u00ednem vyslou\u017eil pov\u011bst a\u017e kultovn\u00edho um\u011blce, mlad\u00e9ho slovotepce, kter\u00e9ho je IN sledovat a \u010d\u00edst a\u0165 u\u017e je V\u00e1m dvacet nebo \u010dty\u0159icet. I p\u0159esto, \u017ee jsem z\u016fstal nepol\u00edben (nebo mo\u017en\u00e1 pr\u00e1v\u011b proto) t\u00edmto hypem, nena\u0161el jsem uvnit\u0159 N\u00e1rodn\u00ed t\u0159\u00eddy nic pozoruhodn\u00e9ho. Ale popo\u0159\u00e1dku.<\/p>\n","protected":false},"author":2,"featured_media":0,"comment_status":"open","ping_status":"open","sticky":false,"template":"","format":"standard","meta":{"_acf_changed":false,"_monsterinsights_skip_tracking":false,"_monsterinsights_sitenote_active":false,"_monsterinsights_sitenote_note":"","_monsterinsights_sitenote_category":0,"_EventAllDay":false,"_EventTimezone":"","_EventStartDate":"","_EventEndDate":"","_EventStartDateUTC":"","_EventEndDateUTC":"","_EventShowMap":false,"_EventShowMapLink":false,"_EventURL":"","_EventCost":"","_EventCostDescription":"","_EventCurrencySymbol":"","_EventCurrencyCode":"","_EventCurrencyPosition":"","_EventDateTimeSeparator":"","_EventTimeRangeSeparator":"","_EventOrganizerID":[],"_EventVenueID":[],"_OrganizerEmail":"","_OrganizerPhone":"","_OrganizerWebsite":"","_VenueAddress":"","_VenueCity":"","_VenueCountry":"","_VenueProvince":"","_VenueState":"","_VenueZip":"","_VenuePhone":"","_VenueURL":"","_VenueStateProvince":"","_VenueLat":"","_VenueLng":"","_VenueShowMap":false,"_VenueShowMapLink":false,"twitterCardType":"","cardImageID":0,"cardImage":"","cardTitle":"","cardDesc":"","cardImageAlt":"","cardPlayer":"","cardPlayerWidth":0,"cardPlayerHeight":0,"cardPlayerStream":"","cardPlayerCodec":"","footnotes":""},"categories":[7],"tags":[],"class_list":["post-2223","post","type-post","status-publish","format-standard","hentry","category-recenze"],"acf":{"related_products":null},"_links":{"self":[{"href":"https:\/\/www.luxor.cz\/blog\/wp-json\/wp\/v2\/posts\/2223","targetHints":{"allow":["GET"]}}],"collection":[{"href":"https:\/\/www.luxor.cz\/blog\/wp-json\/wp\/v2\/posts"}],"about":[{"href":"https:\/\/www.luxor.cz\/blog\/wp-json\/wp\/v2\/types\/post"}],"author":[{"embeddable":true,"href":"https:\/\/www.luxor.cz\/blog\/wp-json\/wp\/v2\/users\/2"}],"replies":[{"embeddable":true,"href":"https:\/\/www.luxor.cz\/blog\/wp-json\/wp\/v2\/comments?post=2223"}],"version-history":[{"count":0,"href":"https:\/\/www.luxor.cz\/blog\/wp-json\/wp\/v2\/posts\/2223\/revisions"}],"wp:attachment":[{"href":"https:\/\/www.luxor.cz\/blog\/wp-json\/wp\/v2\/media?parent=2223"}],"wp:term":[{"taxonomy":"category","embeddable":true,"href":"https:\/\/www.luxor.cz\/blog\/wp-json\/wp\/v2\/categories?post=2223"},{"taxonomy":"post_tag","embeddable":true,"href":"https:\/\/www.luxor.cz\/blog\/wp-json\/wp\/v2\/tags?post=2223"}],"curies":[{"name":"wp","href":"https:\/\/api.w.org\/{rel}","templated":true}]}}