{"id":2218,"date":"2013-07-15T11:47:00","date_gmt":"2013-07-15T09:47:00","guid":{"rendered":"https:\/\/www.luxor.cz\/blog\/nezarazene\/muj-mily-denicku-bud-jako-od-michala\/"},"modified":"2023-01-06T16:18:16","modified_gmt":"2023-01-06T15:18:16","slug":"muj-mily-denicku-bud-jako-od-michala-246","status":"publish","type":"post","link":"https:\/\/www.luxor.cz\/blog\/recenze\/muj-mily-denicku-bud-jako-od-michala-246\/","title":{"rendered":"M\u016fj mil\u00fd den\u00ed\u010dku, bu\u010f jako od Michala"},"content":{"rendered":"<\/p>\n<p>Ne. A pochybuji, \u017ee vlastn\u011b chce b\u00fdt. Berme to tedy jen jako ur\u010dit\u00fd marketingov\u00fd tah, jak nal\u00e1kat, nebo alespo\u0148 jak \u010d\u00e1ste\u010dn\u011b osv\u011btlit, co za knihu v rukou dr\u017e\u00edme. Omlouv\u00e1m se autorovi, ale jeho jm\u00e9no jsem nepotkal. Od poezie mne d\u011bl\u00ed \u0159ada let, teprve se na ni p\u0159ipravuji. A jeho blog jsem si otev\u0159el poprv\u00e9 a\u017e p\u0159ed psan\u00edm recenze. Nejde o posm\u011bch a ani v\u00fdtku v\u016f\u010di n\u011bmu, nejde ani o v\u00fdmluvu \u010di sebemrska\u010dstv\u00ed autora t\u00e9to recenze. Naopak mi p\u0159ijde, \u017ee v\u00fd\u0161e uveden\u00e9 hezky koresponduje s t\u00edm, jak s\u00e1m sebe Petr Kukal vid\u00ed a jak\u00e1 n\u00e1lada z den\u00edku \u010di\u0161\u00ed. Petr Kukal sice sn\u00ed o velk\u00fdch prodej\u00edch a za vzor m\u00e1 Michala Viewegha, nesch\u00e1z\u00ed mu sou\u010dasn\u011b zdrav\u00e1 sebekritika, kter\u00e1 prosakuje z\u00e1pisky a ukazuje, \u017ee je st\u00e1le tak n\u011bjak spojen sp\u00ed\u0161e s regionem a i kdyby psal sebel\u00e9pe, trh si jeho b\u00e1sn\u00ed v\u0161\u00edmat nemus\u00ed. I proto se velk\u00e9 profesn\u00ed ud\u00e1losti poj\u00ed s autorsk\u00fdmi \u010dten\u00edmi po okoln\u00edch m\u011bstech.\u00a0<\/p>\n<p>M\u00e1 tedy smysl \u010d\u00edst den\u00edk n\u011bkoho, kdo nepln\u00ed str\u00e1nky bulv\u00e1ru, ale ani jej neobklopuje hust\u00fd cigaretov\u00fd kou\u0159 intelektu\u00e1ln\u00edch diskuz\u00ed? Ot\u00e1zku si kladu j\u00e1, klade si ji v pr\u016fb\u011bhu zaznamen\u00e1van\u00e9ho roku i s\u00e1m Kukal.\u00a0<\/p>\n<p>Chv\u00edle deziluze v\u011bt\u0161inou vyplynou z porovn\u00e1n\u00ed s den\u00edky Michala Viewegha. Pro Kukala jsou jako Bible, le\u017e\u00ed na stolku, listuje si jimi, \u010das od \u010dasu konfrontuje svoji v\u0161ednost s Vieweghovou neoby\u010dejnost\u00ed. Bere je jako metu, k n\u00ed\u017e se nedok\u00e1\u017ee dostat, p\u0159esto jej (v\u011bt\u0161inou, ne v\u017edy) motivuje a poh\u00e1n\u00ed, aby ve sv\u00e9m d\u00edle pokra\u010doval. A j\u00e1 jsem za to r\u00e1d. Jeho den\u00edk nem\u00e1 sice v sob\u011b tolik v\u00fd\u017eivn\u00e9 ironie a osudovosti jako ty od Adriana Molea, na stranu druhou je Kukal autentick\u00fd a s opravdovost\u00ed i konkr\u00e9tn\u011b bojuje. Co v\u0161echno ps\u00e1t? Co skr\u00fdt, aby se za to nemusel pot\u00e9 styd\u011bt, nebo si proti sob\u011b nepo\u0161tval okol\u00ed? Co naopak doplnit, aby v\u016fbec v\u00fdsledn\u00e1 kniha m\u011bla n\u011bjak\u00e9 ty perly, kter\u00e9 donut\u00ed \u010dten\u00e1\u0159e knihu neodlo\u017eit? Uhr\u00e1t to v\u0161echno na kouzlo v\u0161ednosti m\u016f\u017ee b\u00fdt risk. A skute\u010dn\u011b, Petr Kukal v tomto sm\u011bru riskuje. Jeho den\u00edk toti\u017e balancuje na hran\u011b, kdy to je a nen\u00ed literatura, kdy to je a nen\u00ed dostate\u010dn\u011b pravdiv\u00e9\/odkryt\u00e9. Dok\u00e1\u017ei si p\u0159edstavit, \u017ee tak bude jeho kniha p\u0159ij\u00edm\u00e1na velmi rozporupln\u011b. Jedni ji odlo\u017e\u00ed jako zbyte\u010dnou a nudnou, jin\u00e9 (jako m\u011b) bude tato vnit\u0159n\u00ed rozpolcenost bavit.\u00a0  <\/p>\n<p>Inu, pravda, tipoval bych, \u017ee se u takov\u00e9ho den\u00edku budu v\u00edce bavit. V\u017edy\u0165 lze poznat, \u017ee Kukalovi sebeironie nen\u00ed ciz\u00ed. On j\u00ed ale dost (zbyte\u010dn\u011b?) \u0161et\u0159\u00ed. A vlastn\u011b se nedo\u010dk\u00e1me ani t\u00e9 intelektu\u00e1ln\u00ed v\u0161\u00edmavosti, koment\u00e1\u0159\u016f sv\u011bta, okol\u00ed. V\u0161echno to jsou mal\u00e9 st\u0159\u00edpky, kter\u00e9 tu a tam na n\u00e1s zasv\u00edt\u00ed. P\u0159esto m\u011b n\u011b\u010d\u00edm Petr Kukal bavil, t\u011b\u0161il. \u010cetlo se to snadno, dob\u0159e, p\u0159\u00edjemn\u011b, prost\u011b letn\u011b. A vrylo mi do hlavy n\u00e1pad, \u017ee i j\u00e1 si budu den\u00edk v\u00e9st. Poctiv\u011b ka\u017ed\u00fd den, ale ne tedy s touhou to publikovat. I kdy\u017e\u2026 nikdy ne\u0159\u00edkej nikdy. T\u0159eba si p\u0159e\u010dtu krom\u011b Kukalova den\u00edku i ty dva Vieweghovy a nabydu pocitu, \u017ee sv\u011bt mus\u00ed zn\u00e1t i m\u00e9 dny.\u00a0  <\/p>\n<\/p>\n<h2>Hodnocen\u00ed: 70%\u00a0<\/h2>\n<p>Autor: Luk\u00e1\u0161 Gregor<\/p>\n","protected":false},"excerpt":{"rendered":"<p>P\u0159ebal hl\u00e1s\u00e1, \u017ee Petr Kukal je prototypem \u010desk\u00e9ho Adriana Molea. Intelektu\u00e1la, kter\u00fd vtipn\u011b glosuje sv\u011bt kolem sebe, sn\u00ed a sna\u017e\u00ed se ob\u010das i sny pro\u017e\u00edt, nar\u00e1\u017e\u00ed do st\u011bn nezdar\u016f, oslovuje n\u00e1s svou pr\u016fm\u011brnost\u00ed, t\u00edm, \u017ee je vlastn\u011b jako my. Je tedy takov\u00fd i Kukal?<\/p>\n","protected":false},"author":2,"featured_media":0,"comment_status":"open","ping_status":"open","sticky":false,"template":"","format":"standard","meta":{"_acf_changed":false,"_monsterinsights_skip_tracking":false,"_monsterinsights_sitenote_active":false,"_monsterinsights_sitenote_note":"","_monsterinsights_sitenote_category":0,"_EventAllDay":false,"_EventTimezone":"","_EventStartDate":"","_EventEndDate":"","_EventStartDateUTC":"","_EventEndDateUTC":"","_EventShowMap":false,"_EventShowMapLink":false,"_EventURL":"","_EventCost":"","_EventCostDescription":"","_EventCurrencySymbol":"","_EventCurrencyCode":"","_EventCurrencyPosition":"","_EventDateTimeSeparator":"","_EventTimeRangeSeparator":"","_EventOrganizerID":[],"_EventVenueID":[],"_OrganizerEmail":"","_OrganizerPhone":"","_OrganizerWebsite":"","_VenueAddress":"","_VenueCity":"","_VenueCountry":"","_VenueProvince":"","_VenueState":"","_VenueZip":"","_VenuePhone":"","_VenueURL":"","_VenueStateProvince":"","_VenueLat":"","_VenueLng":"","_VenueShowMap":false,"_VenueShowMapLink":false,"twitterCardType":"","cardImageID":0,"cardImage":"","cardTitle":"","cardDesc":"","cardImageAlt":"","cardPlayer":"","cardPlayerWidth":0,"cardPlayerHeight":0,"cardPlayerStream":"","cardPlayerCodec":"","footnotes":""},"categories":[7],"tags":[],"class_list":["post-2218","post","type-post","status-publish","format-standard","hentry","category-recenze"],"acf":{"related_products":null},"_links":{"self":[{"href":"https:\/\/www.luxor.cz\/blog\/wp-json\/wp\/v2\/posts\/2218","targetHints":{"allow":["GET"]}}],"collection":[{"href":"https:\/\/www.luxor.cz\/blog\/wp-json\/wp\/v2\/posts"}],"about":[{"href":"https:\/\/www.luxor.cz\/blog\/wp-json\/wp\/v2\/types\/post"}],"author":[{"embeddable":true,"href":"https:\/\/www.luxor.cz\/blog\/wp-json\/wp\/v2\/users\/2"}],"replies":[{"embeddable":true,"href":"https:\/\/www.luxor.cz\/blog\/wp-json\/wp\/v2\/comments?post=2218"}],"version-history":[{"count":0,"href":"https:\/\/www.luxor.cz\/blog\/wp-json\/wp\/v2\/posts\/2218\/revisions"}],"wp:attachment":[{"href":"https:\/\/www.luxor.cz\/blog\/wp-json\/wp\/v2\/media?parent=2218"}],"wp:term":[{"taxonomy":"category","embeddable":true,"href":"https:\/\/www.luxor.cz\/blog\/wp-json\/wp\/v2\/categories?post=2218"},{"taxonomy":"post_tag","embeddable":true,"href":"https:\/\/www.luxor.cz\/blog\/wp-json\/wp\/v2\/tags?post=2218"}],"curies":[{"name":"wp","href":"https:\/\/api.w.org\/{rel}","templated":true}]}}