{"id":2215,"date":"2013-07-02T14:42:00","date_gmt":"2013-07-02T12:42:00","guid":{"rendered":"https:\/\/www.luxor.cz\/blog\/nezarazene\/divoka-devadesata-panelaky-a-adolf-hitler\/"},"modified":"2023-01-06T16:18:27","modified_gmt":"2023-01-06T15:18:27","slug":"divoka-devadesata-panelaky-a-adolf-hitler-243","status":"publish","type":"post","link":"https:\/\/www.luxor.cz\/blog\/recenze\/divoka-devadesata-panelaky-a-adolf-hitler-243\/","title":{"rendered":"Divok\u00e1 devades\u00e1t\u00e1, panel\u00e1ky a Adolf Hitler"},"content":{"rendered":"<\/p>\n<\/p>\n<p>Prvn\u00ed, co v\u00e1s na knize zaujme, je jej\u00ed forma. Je to miniatura, se kterou nestr\u00e1v\u00edte p\u0159\u00edli\u0161 \u010dasu. I p\u0159\u00edstup k vypr\u00e1v\u011bn\u00ed je jin\u00fd. Kr\u00e1tk\u00e9 v\u011bty, n\u011bkdy jen slova. V N\u00e1rodn\u00ed t\u0159\u00edd\u011b se na sv\u011bt d\u00edv\u00e1te o\u010dima hlavn\u00edho hrdiny Vandama a jeho pojet\u00ed je velmi \u00fazk\u00e9, co\u017e ov\u0161em p\u0159\u00edb\u011bhu samotn\u00e9mu ne\u0161kod\u00ed, sp\u00ed\u0161 naopak. A vsuvka v podob\u011b \u201eklasick\u00e9ho\u201c vypr\u00e1v\u011bn\u00ed p\u0159ijde vhod pr\u00e1v\u011b v okam\u017eiku, kdy si \u0159\u00edk\u00e1te, zda je mo\u017en\u00e9 udr\u017eet knihu zaj\u00edmavou jen t\u00edmhle zp\u016fsobem.\u00a0<\/p>\n<\/p>\n<\/p>\n<p>Vandam je rv\u00e1\u010d, \u0159ekla bych typick\u00fd produkt devades\u00e1t\u00fdch let, ale t\u011bch \u0161pinav\u00fdch. Kdy se \u201echlastalo, sma\u017eilo, pa\u0159ilo a chodilo na koncerty\u201c. Republika byla pln\u00e1 nad\u0161enc\u016f ze svobody, ale i veksl\u00e1k\u016f a lid\u00ed, co to zkr\u00e1tka nezvl\u00e1dli. Ti dodnes pln\u00ed Severky po cel\u00e9 zemi. Na ka\u017ed\u00e9m s\u00eddli\u0161ti takovou najdete \u2013 bar nebo hospodu mezi panel\u00e1ky, kde blikaj\u00ed hrac\u00ed automaty, smrd\u00ed to pivem a cigaretov\u00fdm kou\u0159em a b\u016fhv\u00ed \u010d\u00edm je\u0161t\u011b. A tam sed\u00ed Vandam. A vykl\u00e1d\u00e1 o \u017eivot\u011b, proto\u017ee, v\u00edte, mus\u00edte se pou\u010dit, jinak do v\u00e1s navalej ty sv\u00fd moudra, a kdo v\u00e1m pom\u016f\u017ee? Vandam v\u00ed, co je spr\u00e1vn\u00e9, jen se r\u00e1d pere. Vandam je hloup\u00fd mal\u00fd \u010dech\u00e1\u010dek, co si mysl\u00ed, \u017ee je posledn\u00ed \u0158\u00edman. Jeho bonmoty jsou pr\u00e1zdn\u00e9 jako odraz jeho zfetovan\u00e9 du\u0161e. Co\u017e je podle m\u011b hlavn\u00ed p\u0159\u00ed\u010dina p\u0159\u00edpadn\u00fdch spor\u016f o tuhle knihu. Vandam n\u00e1m tak trochu \u201enastavuje zrcadlo\u201c. Vid\u00edme se v n\u011bm? Zn\u00e1me takov\u00e9 lidi a rad\u0161i se jim obloukem vyh\u00fdb\u00e1me? Nechceme o nich sly\u0161et. Vyt\u00e1\u010d\u00ed n\u00e1s Vandamova malomyslnost, prostoduchost a jeho sklony k nacismu? Nebo je to vlastn\u011b cel\u00e9 trochu nads\u00e1zka, co m\u00e1 provokovat? Je to n\u011bco o\u0161kliv\u00e9ho, p\u0159ed \u010d\u00edm r\u00e1di zav\u0159eme o\u010di, tak pro\u010d si o tom je\u0161t\u011b \u010d\u00edst? N\u00e1rodn\u00ed t\u0159\u00edda je sv\u00fdm zp\u016fsobem dokument, a pr\u00e1v\u011b to je na n\u00ed nejzaj\u00edmav\u011bj\u0161\u00ed, nejsyrov\u011bj\u0161\u00ed a nejrealisti\u010dt\u011bj\u0161\u00ed, proto\u017ee Rudi\u0161 uhodil h\u0159eb\u00ed\u010dek na hlavi\u010dku, a proto sv\u00fdm hrdinou mnoh\u00fdm pije krev. Proto\u017ee Vandam existuje. A proto\u017ee \u0159\u00edk\u00e1, \u017ee mu Adolf Hitler zachr\u00e1nil \u017eivot. Zaj\u00edm\u00e1 v\u00e1s jak? P\u0159e\u010dt\u011bte si <a href=\"http:\/\/neoluxor.cz\/beletrie\/narodni-trida--195071\/\" target=\"_blank\" rel=\"noopener\">N\u00e1rodn\u00ed t\u0159\u00eddu<\/a>.<\/p>\n<\/p>\n<\/p>\n<p>Vandam je zkr\u00e1tka takov\u00e1 typick\u00e1 Rudi\u0161ovsk\u00e1 postavi\u010dka, a\u010dkoliv autor s\u00e1m v jednom z rozhovor\u016f tvrdil, \u017ee jde o \u00fapln\u011b jin\u00fd typ hrdiny ne\u017e v jeho ostatn\u00edch knih\u00e1ch. Podle m\u011b ale nen\u00ed nepodobn\u00fd t\u0159eba posledn\u00edmu punkerovi z Lipska, jeho\u017e bar Helsinky m\u016f\u017ee b\u00fdt ur\u010ditou paralelou k Severce. Jen je Ole trochu v\u00edc cool, to se mus\u00ed nechat\u2026 <a href=\"http:\/\/neoluxor.cz\/beletrie\/narodni-trida--195071\/\" target=\"_blank\" rel=\"noopener\">N\u00e1rodn\u00ed t\u0159\u00edda<\/a> nadchne v\u0161echny, kdo maj\u00ed r\u00e1di Rudi\u0161ovu mali\u010dko poz\u00e9rskou poetiku. L\u00edbil se mi n\u00e1pad, forma i jej\u00ed napln\u011bn\u00ed. Pokud snesete p\u00e1r kli\u0161\u00e9 slou\u017e\u00edc\u00edch samotn\u00e9mu p\u0159\u00edb\u011bhu a zaujaly v\u00e1s ostatn\u00ed Rudi\u0161ovy knihy, bude v\u00e1s to bavit. V\u011b\u0159te mi. A t\u0159eba za\u010dnete d\u011blat t\u0159i kr\u00e1t t\u0159icet klik\u016f. A\u0165 jste nachystan\u00fd. Cajk.<\/p>\n<\/p>\n<h2>Hodnocen\u00ed: \u00a090 %<\/h2>\n<p><a href=\"http:\/\/www.labyrint.net\/upload\/1313584109.jpeg\" target=\"_blank\" rel=\"noopener\"><\/a><\/p>\n<p>Autorka: Tereza Peckov\u00e1<\/p>\n<p>Zdroj obr\u00e1zku: Labyrint.net<\/p>\n","protected":false},"excerpt":{"rendered":"<p>N\u00e1rodn\u00ed t\u0159\u00edda je m\u00edsto sv\u00e1r\u016f. M\u00edsto, kde studenti k\u0159i\u010deli o svobodu a dostali p\u0159es \u00fasta. Symbol sametov\u00e9 revoluce. A te\u010f taky nov\u00e1 kniha Jaroslava Rudi\u0161e, kter\u00e1 bud\u00ed rozruch. Je to cel\u00e9 jen p\u00f3za, nebo se za t\u00edmhle klubem osam\u011bl\u00fdch rv\u00e1\u010d\u016f v barv\u00e1ch \u010desk\u00e9 vlajky skr\u00fdv\u00e1 n\u011bco v\u00edc?<\/p>\n","protected":false},"author":2,"featured_media":0,"comment_status":"open","ping_status":"open","sticky":false,"template":"","format":"standard","meta":{"_acf_changed":false,"_monsterinsights_skip_tracking":false,"_monsterinsights_sitenote_active":false,"_monsterinsights_sitenote_note":"","_monsterinsights_sitenote_category":0,"_EventAllDay":false,"_EventTimezone":"","_EventStartDate":"","_EventEndDate":"","_EventStartDateUTC":"","_EventEndDateUTC":"","_EventShowMap":false,"_EventShowMapLink":false,"_EventURL":"","_EventCost":"","_EventCostDescription":"","_EventCurrencySymbol":"","_EventCurrencyCode":"","_EventCurrencyPosition":"","_EventDateTimeSeparator":"","_EventTimeRangeSeparator":"","_EventOrganizerID":[],"_EventVenueID":[],"_OrganizerEmail":"","_OrganizerPhone":"","_OrganizerWebsite":"","_VenueAddress":"","_VenueCity":"","_VenueCountry":"","_VenueProvince":"","_VenueState":"","_VenueZip":"","_VenuePhone":"","_VenueURL":"","_VenueStateProvince":"","_VenueLat":"","_VenueLng":"","_VenueShowMap":false,"_VenueShowMapLink":false,"twitterCardType":"","cardImageID":0,"cardImage":"","cardTitle":"","cardDesc":"","cardImageAlt":"","cardPlayer":"","cardPlayerWidth":0,"cardPlayerHeight":0,"cardPlayerStream":"","cardPlayerCodec":"","footnotes":""},"categories":[7],"tags":[],"class_list":["post-2215","post","type-post","status-publish","format-standard","hentry","category-recenze"],"acf":{"related_products":null},"_links":{"self":[{"href":"https:\/\/www.luxor.cz\/blog\/wp-json\/wp\/v2\/posts\/2215","targetHints":{"allow":["GET"]}}],"collection":[{"href":"https:\/\/www.luxor.cz\/blog\/wp-json\/wp\/v2\/posts"}],"about":[{"href":"https:\/\/www.luxor.cz\/blog\/wp-json\/wp\/v2\/types\/post"}],"author":[{"embeddable":true,"href":"https:\/\/www.luxor.cz\/blog\/wp-json\/wp\/v2\/users\/2"}],"replies":[{"embeddable":true,"href":"https:\/\/www.luxor.cz\/blog\/wp-json\/wp\/v2\/comments?post=2215"}],"version-history":[{"count":0,"href":"https:\/\/www.luxor.cz\/blog\/wp-json\/wp\/v2\/posts\/2215\/revisions"}],"wp:attachment":[{"href":"https:\/\/www.luxor.cz\/blog\/wp-json\/wp\/v2\/media?parent=2215"}],"wp:term":[{"taxonomy":"category","embeddable":true,"href":"https:\/\/www.luxor.cz\/blog\/wp-json\/wp\/v2\/categories?post=2215"},{"taxonomy":"post_tag","embeddable":true,"href":"https:\/\/www.luxor.cz\/blog\/wp-json\/wp\/v2\/tags?post=2215"}],"curies":[{"name":"wp","href":"https:\/\/api.w.org\/{rel}","templated":true}]}}