{"id":2211,"date":"2013-06-27T11:40:00","date_gmt":"2013-06-27T09:40:00","guid":{"rendered":"https:\/\/www.luxor.cz\/blog\/nezarazene\/dalsi-kniha-s-temperance-brennan-a-rozhovor-s-autorkou\/"},"modified":"2023-01-06T16:18:27","modified_gmt":"2023-01-06T15:18:27","slug":"dalsi-kniha-s-temperance-brennan-a-rozhovor-s-autorkou-239","status":"publish","type":"post","link":"https:\/\/www.luxor.cz\/blog\/recenze\/dalsi-kniha-s-temperance-brennan-a-rozhovor-s-autorkou-239\/","title":{"rendered":"Dal\u0161\u00ed kniha s Temperance Brennan a rozhovor s autorkou"},"content":{"rendered":"<\/p>\n<p><a href=\"http:\/\/kathyreichs.com\/\" target=\"_blank\" rel=\"noopener\"><\/a><\/p>\n<p><a href=\"http:\/\/kathyreichs.com\/\" target=\"_blank\" rel=\"noopener\"><\/a><\/p>\n<\/p>\n<p><a href=\"http:\/\/kathyreichs.com\/\" target=\"_blank\" rel=\"noopener\"><span><\/span><\/a><a href=\"http:\/\/neoluxor.cz\/vyhledavani\/?query=Reichs+Kathy\" target=\"_blank\" rel=\"noopener\">Kathy Reichs<\/a> ji\u017e popatn\u00e1ct\u00e9 p\u0159iv\u00e1d\u00ed k \u017eivotu p\u0159\u00edb\u011bh soudn\u00ed antropolo\u017eky Temperance Brennan a detektiva kanadsk\u00e9 policie Andrew Ryana. Spole\u010dn\u011b za\u010d\u00ednaj\u00ed pracovat na p\u0159\u00edpadu, kter\u00fd ot\u0159ese i jejich profesion\u00e1ln\u00edm odstupem. Jak u\u017e to tak ale b\u00fdv\u00e1, ne v\u0161e je takov\u00e9, jak se na prvn\u00ed pohled mohlo zd\u00e1t. Do p\u0159\u00edpadu se zapojuje ser\u017eant kanadsk\u00e9 j\u00edzdn\u00ed policie. U\u017e tak napjat\u00e9 vztahy mezi Tempe a Ryanem se p\u0159iost\u0159uj\u00ed, proto\u017ee on\u00edm ser\u017eantem je Oliver Husty, Tempin b\u00fdval\u00fd p\u0159\u00edtel. Ukazuje se, \u017ee hlavn\u00ed podez\u0159elou je \u017eena za\u0159azen\u00e1 do programu KARE, kter\u00fd sdru\u017euje poh\u0159e\u0161ovan\u00e9 prostitutky v Edmontonu. A tak se vy\u0161et\u0159ov\u00e1n\u00ed p\u0159esouv\u00e1 z Quebecku na z\u00e1pad. Podez\u0159el\u00fdch i mrtv\u00fdch najednou p\u0159ib\u00fdv\u00e1 a Temperance se dost\u00e1v\u00e1 na stopu n\u011b\u010demu, co m\u016f\u017ee b\u00fdt prav\u00fdm motivem v\u0161eho.<\/p>\n<p>Autorka navazuje na p\u0159ede\u0161l\u00e9 rom\u00e1ny, kter\u00fdmi nasadila zna\u010dn\u011b vysokou la\u0165ku. Pro v\u011brn\u00e9 \u010dten\u00e1\u0159e mohou b\u00fdt <a href=\"http:\/\/neoluxor.cz\/beletrie\/kosti-jsou-vecne--194838\/\" target=\"_blank\" rel=\"noopener\">Kosti jsou v\u011b\u010dn\u00e9<\/a> trochu zklam\u00e1n\u00edm, nicm\u00e9n\u011b p\u0159\u00edb\u011bh ani zpracov\u00e1n\u00ed nen\u00ed \u0161patn\u00e9. N\u00e1m\u011bt jako takov\u00fd je chytr\u00fd, zaj\u00edmav\u00fd a neot\u0159el\u00fd. Jako pravideln\u00e1 \u010dten\u00e1\u0159ka jej\u00edch knih jsem ale postr\u00e1dala v\u00edce antropologick\u00e9 a laboratorn\u00ed pr\u00e1ce. Poskrovnu bylo i typick\u00e9ho intenzivn\u00edho nap\u011bt\u00ed mezi Tempe a Ryanem. Pro \u010dten\u00e1\u0159e, kte\u0159\u00ed se s prac\u00ed Kathy Reichs teprve seznamuj\u00ed, je tato ale kniha skv\u011bl\u00fdm za\u010d\u00e1tkem, a pokud se jim zal\u00edb\u00ed, ur\u010dit\u011b budou spokojeni i s dal\u0161\u00edmi. Milovn\u00edky p\u0159\u00edb\u011bh\u016f s Tempe ur\u010dit\u011b pot\u011b\u0161\u00ed i fakt, \u017ee autorka v brzk\u00e9 dob\u011b vyd\u00e1 \u0161estn\u00e1ct\u00fd d\u00edl s n\u00e1zvem <i>Bones of The Lost<\/i>.<\/p>\n<\/p>\n<h2>Hodnocen\u00ed: 75%<\/h2>\n<\/p>\n<\/p>\n<p>Prost\u0159ed\u00ed, o kter\u00e9m autorka p\u00ed\u0161e, je ojedin\u011bl\u00e9 a velice autentick\u00e9, proto\u017ee se z velk\u00e9 \u010d\u00e1sti zakl\u00e1d\u00e1 na jej\u00ed vlastn\u00ed pr\u00e1ci antropolo\u017eky. Z toho, jak dok\u00e1\u017ee jednotliv\u00e9 p\u0159\u00edb\u011bhy podat, je jasn\u00e9, \u017ee m\u00e1 nepopirateln\u00fd talent a nem\u016f\u017eeme se divit jej\u00ed celosv\u011btov\u00e9 obl\u00edb\u011b. Proto jsem neskute\u010dn\u011b r\u00e1da, \u017ee jsem m\u011bla tu mo\u017enost ji osobn\u011b vid\u011bt p\u0159i jej\u00ed lo\u0148sk\u00e9 n\u00e1v\u0161t\u011bv\u011b Prahy, a tak\u00e9 s n\u00ed tento t\u00fdden ud\u011blat kr\u00e1tk\u00fd rozhovor.<\/p>\n<p><b>Kathy, nejprve bych V\u00e1m cht\u011bla pod\u011bkovat za Va\u0161i ochotu odpov\u011bd\u011bt na p\u00e1r ot\u00e1zek. Tak\u017ee, kde za\u010d\u00edt. Va\u0161e knihy jsou unik\u00e1tn\u00ed, kde hled\u00e1te inspiraci?<\/b><\/p>\n<p>M\u00e1m tendenci z\u00edsk\u00e1vat v\u011bt\u0161inu inspirace ze sv\u00e9 pr\u00e1ce. V\u00edd\u00e1m zvl\u00e1\u0161tn\u00ed v\u011bci &#8211; a n\u011bkdy hrozn\u00e9 v\u011bci &#8211; ka\u017ed\u00fd den, a n\u011bkter\u00e9 z t\u011bchto ud\u00e1lost\u00ed mi uv\u00edznou v hlav\u011b. Kdy\u017e si pak sednu k psan\u00ed knih s Temperace Brennan, obvykle si u\u017e\u00edv\u00e1m hlavn\u011b v\u011bdeckou \u010d\u00e1st p\u0159\u00edb\u011bhu, kter\u00e1 mi pom\u00e1h\u00e1 b\u00fdt lep\u0161\u00ed spisovatelkou.<\/p>\n<p><b>Vztah mezi Temperance a Ryanem je komplikovan\u00fd. Mohou se \u010dten\u00e1\u0159i t\u011b\u0161it na trochu v\u00edce romantiky v dal\u0161\u00ed knize <i>Bones of the Lost<\/i>?<\/b><\/p>\n<p>Je to velmi slo\u017eit\u00e9. Tempe a Ryan si proch\u00e1zej\u00ed zamotan\u00fdm emocion\u00e1ln\u00edm tancem a zd\u00e1 se to b\u00fdt nekone\u010dn\u00e9. To se nezm\u011bn\u00ed ani v <i>Bones of the Lost<\/i>, co\u017e je v\u0161e, co jsem ochotna prozradit!<\/p>\n<p><b>Jak se V\u00e1m pracuje s Va\u0161\u00edm synem Brendanem na s\u00e9rii <i>Virals<\/i>?<\/b><\/p>\n<p>Pracujeme spolu od za\u010d\u00e1tku, tvo\u0159\u00edme obrysy p\u0159\u00edb\u011bhu a rozhodujeme o tom, co bude hlavn\u00ed z\u00e1pletka. Brendan v\u011bt\u0161inou p\u00ed\u0161e prvn\u00ed n\u00e1vrh, o kter\u00e9m pak zu\u0159iv\u011b diskutujeme &#8211; je to dost v\u00e1\u0161niv\u00e9. Opravdu zaj\u00edmav\u00e1 spolupr\u00e1ce a velmi obohacuj\u00edc\u00ed zku\u0161enost.<\/p>\n<p><b>M\u00e1te p\u0159edstavu, kolik knih s Tempe a Tory (s\u00e9rie <i>Virals<\/i>) je\u0161t\u011b nap\u00ed\u0161ete?<\/b><\/p>\n<p>M\u00e1m smlouvu na nejm\u00e9n\u011b dal\u0161\u00ed t\u0159i knihy s Tempe po <i>Bones of the Lost<\/i> a jednu knihu ze s\u00e9rie <i>Virals<\/i> po <i>Exposure<\/i>. Tak\u017ee toho je\u0161t\u011b p\u0159ijde hodn\u011b!<\/p>\n<p><b>Cht\u011bla byste n\u011bco vzk\u00e1zat \u010desk\u00fdm a slovensk\u00fdm \u010dten\u00e1\u0159\u016fm?<\/b><\/p>\n<p>Ob\u011b zem\u011b jsem nav\u0161t\u00edvila a neum\u00edm si p\u0159edstavit kr\u00e1sn\u011bj\u0161\u00ed a pohostin\u011bj\u0161\u00ed m\u00edsta. D\u011bkuji v\u00e1m za va\u0161i vst\u0159\u00edcnost.<\/p>\n<p>Autorka: Krist\u00fdna Pek\u00e1rkov\u00e1<\/p>\n","protected":false},"excerpt":{"rendered":"<p>Temperance Brennan se pou\u0161t\u00ed do dal\u0161\u00edho p\u00e1tr\u00e1n\u00ed. V patn\u00e1ct\u00e9m rom\u00e1nu Kathy Reichs se pohybuje na tenk\u00e9m ledu nejen v p\u0159\u00edpadu vy\u0161et\u0159ov\u00e1n\u00ed d\u011bsiv\u00fdch \u00famrt\u00ed novorozenc\u016f, ale tak\u00e9 ve vztahu s detektivem Andrew Ryanem. Aby toho nebylo m\u00e1lo, objevuje se na sc\u00e9n\u011b mu\u017e z minulosti. Jak u\u017e je u Tempe zvykem, sv\u00fdm nevyb\u00edrav\u00fdm vypt\u00e1v\u00e1n\u00edm n\u011bkomu \u0161l\u00e1pne na ku\u0159\u00ed oko a rozto\u010d\u00ed se nezadr\u017eiteln\u00fd koloto\u010d, ze kter\u00e9ho n\u011bkte\u0159\u00ed nevyv\u00e1znou \u017eiv\u00ed.<\/p>\n","protected":false},"author":2,"featured_media":0,"comment_status":"open","ping_status":"open","sticky":false,"template":"","format":"standard","meta":{"_acf_changed":false,"_monsterinsights_skip_tracking":false,"_monsterinsights_sitenote_active":false,"_monsterinsights_sitenote_note":"","_monsterinsights_sitenote_category":0,"_EventAllDay":false,"_EventTimezone":"","_EventStartDate":"","_EventEndDate":"","_EventStartDateUTC":"","_EventEndDateUTC":"","_EventShowMap":false,"_EventShowMapLink":false,"_EventURL":"","_EventCost":"","_EventCostDescription":"","_EventCurrencySymbol":"","_EventCurrencyCode":"","_EventCurrencyPosition":"","_EventDateTimeSeparator":"","_EventTimeRangeSeparator":"","_EventOrganizerID":[],"_EventVenueID":[],"_OrganizerEmail":"","_OrganizerPhone":"","_OrganizerWebsite":"","_VenueAddress":"","_VenueCity":"","_VenueCountry":"","_VenueProvince":"","_VenueState":"","_VenueZip":"","_VenuePhone":"","_VenueURL":"","_VenueStateProvince":"","_VenueLat":"","_VenueLng":"","_VenueShowMap":false,"_VenueShowMapLink":false,"twitterCardType":"","cardImageID":0,"cardImage":"","cardTitle":"","cardDesc":"","cardImageAlt":"","cardPlayer":"","cardPlayerWidth":0,"cardPlayerHeight":0,"cardPlayerStream":"","cardPlayerCodec":"","footnotes":""},"categories":[7],"tags":[],"class_list":["post-2211","post","type-post","status-publish","format-standard","hentry","category-recenze"],"acf":{"related_products":null},"_links":{"self":[{"href":"https:\/\/www.luxor.cz\/blog\/wp-json\/wp\/v2\/posts\/2211","targetHints":{"allow":["GET"]}}],"collection":[{"href":"https:\/\/www.luxor.cz\/blog\/wp-json\/wp\/v2\/posts"}],"about":[{"href":"https:\/\/www.luxor.cz\/blog\/wp-json\/wp\/v2\/types\/post"}],"author":[{"embeddable":true,"href":"https:\/\/www.luxor.cz\/blog\/wp-json\/wp\/v2\/users\/2"}],"replies":[{"embeddable":true,"href":"https:\/\/www.luxor.cz\/blog\/wp-json\/wp\/v2\/comments?post=2211"}],"version-history":[{"count":0,"href":"https:\/\/www.luxor.cz\/blog\/wp-json\/wp\/v2\/posts\/2211\/revisions"}],"wp:attachment":[{"href":"https:\/\/www.luxor.cz\/blog\/wp-json\/wp\/v2\/media?parent=2211"}],"wp:term":[{"taxonomy":"category","embeddable":true,"href":"https:\/\/www.luxor.cz\/blog\/wp-json\/wp\/v2\/categories?post=2211"},{"taxonomy":"post_tag","embeddable":true,"href":"https:\/\/www.luxor.cz\/blog\/wp-json\/wp\/v2\/tags?post=2211"}],"curies":[{"name":"wp","href":"https:\/\/api.w.org\/{rel}","templated":true}]}}