{"id":2209,"date":"2013-06-28T11:03:00","date_gmt":"2013-06-28T09:03:00","guid":{"rendered":"https:\/\/www.luxor.cz\/blog\/nezarazene\/kdyz-je-obloha-opravdu-nekonecna-v-tom-spatnem-slova-smyslu\/"},"modified":"2023-01-06T16:18:27","modified_gmt":"2023-01-06T15:18:27","slug":"kdyz-je-obloha-opravdu-nekonecna-v-tom-spatnem-slova-smyslu-237","status":"publish","type":"post","link":"https:\/\/www.luxor.cz\/blog\/recenze\/kdyz-je-obloha-opravdu-nekonecna-v-tom-spatnem-slova-smyslu-237\/","title":{"rendered":"Kdy\u017e je obloha opravdu nekone\u010dn\u00e1"},"content":{"rendered":"<\/p>\n<\/p>\n<p>Aria \u017eije chr\u00e1n\u011bna p\u0159ed venkovn\u00edm prost\u0159ed\u00edm v\u00a0Lusku a  sv\u016fj \u017eivot pro\u017e\u00edv\u00e1 ve virtu\u00e1ln\u00edch \u0158\u00ed\u0161\u00edch, kde v\u00e1s nikdy nic nebol\u00ed a v\u0161e se  d\u011bje jenom jako. Perry je divoch, \u017eije v\u00a0osad\u011b a sna\u017e\u00ed se spole\u010dn\u011b se sv\u00fdm  kmenem p\u0159e\u017e\u00edt st\u00e1le brut\u00e1ln\u011bj\u0161\u00ed \u00e9terov\u00e9 bou\u0159e. Ti dva by se nemohli li\u0161it v\u00edc.  Kdy\u017e je Aria vyk\u00e1z\u00e1na z\u00a0m\u011bsta, je p\u0159esv\u011bd\u010dena, \u017ee zem\u0159e, ale spole\u010dn\u011b s\u00a0Perrym  se j\u00ed poda\u0159\u00ed p\u0159e\u017e\u00edt a mo\u017en\u00e1 spolu najdou i Poklidnou mod\u0159 \u2013 m\u00edsto, kde je nebe  st\u00e1le neporu\u0161en\u00e9. Ostatn\u011b, co jin\u00e9ho jim zb\u00fdv\u00e1. Ariu vyd\u00edr\u00e1 velitel jej\u00edho b\u00fdval\u00e9ho Lusku a Perry u\u017e p\u0159i\u0161el o t\u00e9m\u011b\u0159 v\u0161echnu \u00farodnou p\u016fdu a z\u00e1soby j\u00eddla. Kde ale Poklidn\u00e1 mod\u0159 le\u017e\u00ed, nikdo netu\u0161\u00ed, nebo ano?<\/p>\n<p><\/p>\n<p>Sv\u011bt, kter\u00fd kolem p\u0159\u00edb\u011bhu autorka vytvo\u0159ila, je fascinuj\u00edc\u00ed,  drsn\u00fd, trochu poh\u00e1dkov\u00fd a trochu a\u017e p\u0159\u00edli\u0161 pravd\u011bpodobn\u00fd. Spolu s\u00a0hrdiny knihy  poc\u00edt\u00edte hlad, vy\u010derp\u00e1n\u00ed, bolest, ztr\u00e1tu i smrt a u\u017e po p\u00e1r str\u00e1nk\u00e1ch v\u00a0divo\u010din\u011b  pochop\u00edte, \u017ee v\u00e1s nikdo nebude \u0161et\u0159it. I kdy\u017e je z\u00e1pletka obou knih, kter\u00e9  dosud vy\u0161ly, t\u00e9m\u011b\u0159 kompletn\u011b p\u0159edv\u00eddateln\u00e1, na \u010dten\u00e1\u0159sk\u00e9m z\u00e1\u017eitku to neubere.  U\u017eijete si zejm\u00e9na to, jak\u00fdm zp\u016fsobem je v\u0161e vykonstruov\u00e1no a naps\u00e1no. Styl  vypr\u00e1v\u011bn\u00ed je svi\u017en\u00fd a nestane se, \u017ee by nudil. Zaj\u00edmav\u00e9 jsou v\u0161echny paraleln\u00ed  d\u011bje knihy. Ka\u017ed\u00fd si najde p\u0159\u00edb\u011bh a postavu, kter\u00e1 mu sed\u00ed nejv\u00edce a bude  spokojen\u00fd s\u00a0t\u00edm, \u017ee je v\u0161em v\u011bnov\u00e1na pat\u0159i\u010dn\u00e1 pozornost, i kdy\u017e se  z\u00e1pletka to\u010d\u00ed hlavn\u011b kolem Arie a Perryho. M\u016fj nejobl\u00edben\u011bj\u0161\u00ed je Roar a tajn\u011b  douf\u00e1m, \u017ee v\u00a0z\u00e1v\u011bre\u010dn\u00e9m d\u00edlu trilogie zam\u00edch\u00e1 s\u00a0jasn\u011b stanoven\u00fdmi  dvojicemi v\u00a0p\u0159\u00edb\u011bhu \u2013 i kdy\u017e asi nakonec ne. Ka\u017edop\u00e1dn\u011b \u010dek\u00e1m, \u017ee si 3. knihu n\u00e1le\u017eit\u011b u\u017eiji, proto\u017ee 2. d\u00edl s\u00a0n\u00e1zvem <a href=\"http:\/\/neoluxor.cz\/beletrie\/nebe-2-cesta-vecnou-noci--193984\/\" target=\"_blank\" rel=\"noopener\">Cesta v\u011b\u010dnou noc\u00ed<\/a> byl o dost lep\u0161\u00ed ne\u017e ten prvn\u00ed \u2013 <a href=\"http:\/\/neoluxor.cz\/beletrie\/pod-nekonecnou-oblohou--175075\/\" target=\"_blank\" rel=\"noopener\">Pod nekone\u010dnou oblohou<\/a>. Docela  p\u0159ekvapen\u00ed!<\/p>\n<p>S\u00e9rii <i>Nebe<\/i> by m\u011bli \u010d\u00edst v\u0161ichni, kte\u0159\u00ed jsou unaven\u00ed z\u00a0p\u0159\u00edb\u011bh\u016f,  kter\u00e9 se \u010dasto zasazuj\u00ed do postapokalyptick\u00e9 Ameriky, v\u0161e se odehr\u00e1v\u00e1 ve  m\u011bstech a nejv\u011bt\u0161\u00edm nep\u0159\u00edtelem je st\u00e1tn\u00ed syst\u00e9m. Bojovat pro zm\u011bnu s\u00a0\u017eivly  je pom\u011brn\u011b osv\u011b\u017euj\u00edc\u00ed. Ne\u010dekejte slo\u017eit\u00e9 z\u00e1pletky, kniha v\u00e1s bude prost\u011b bavit.  Po p\u0159e\u010dten\u00ed n\u011bkolika recenz\u00ed na bloz\u00edch jsem m\u011bla dojem, \u017ee mnoho lid\u00ed hodnot\u00ed p\u0159\u00edb\u011bh jako tak trochu \u201ebez chuti\u201c. Nenechte se zm\u00fdlit, je to par\u00e1dn\u00ed  \u010dten\u00ed.<\/p>\n<h2>Hodnocen\u00ed 1. d\u00edlu: 75 %<\/h2>\n<\/p>\n<h2>Hodnocen\u00ed 2. d\u00edlu: 83 %<\/h2>\n<\/p>\n<p>Autorka: Olga Biern\u00e1tov\u00e1<\/p>\n","protected":false},"excerpt":{"rendered":"<p>Po po\u0161kozen\u00ed zemsk\u00e9 atmosf\u00e9ry se lidstvo pot\u00fdk\u00e1 s nov\u00fdm nep\u0159\u00edtelem, kter\u00e9ho nelze porazit. \u00c9terov\u00e9 bou\u0159e ni\u010d\u00ed v\u0161e \u017eiv\u00e9 a zanech\u00e1vaj\u00ed po sob\u011b zk\u00e1zu a popel. Populace se d\u011bl\u00ed na ty, kte\u0159\u00ed jsou chr\u00e1n\u011bni v izolovan\u00fdch a vysoce technicky vysp\u011bl\u00fdch m\u011bstech a ty, kte\u0159\u00ed z\u016fstali venku. Dva sv\u011bty, kter\u00e9 by se nem\u011bly protnout, a p\u0159esto se potkaj\u00ed.<\/p>\n","protected":false},"author":2,"featured_media":0,"comment_status":"open","ping_status":"open","sticky":false,"template":"","format":"standard","meta":{"_acf_changed":false,"_monsterinsights_skip_tracking":false,"_monsterinsights_sitenote_active":false,"_monsterinsights_sitenote_note":"","_monsterinsights_sitenote_category":0,"_EventAllDay":false,"_EventTimezone":"","_EventStartDate":"","_EventEndDate":"","_EventStartDateUTC":"","_EventEndDateUTC":"","_EventShowMap":false,"_EventShowMapLink":false,"_EventURL":"","_EventCost":"","_EventCostDescription":"","_EventCurrencySymbol":"","_EventCurrencyCode":"","_EventCurrencyPosition":"","_EventDateTimeSeparator":"","_EventTimeRangeSeparator":"","_EventOrganizerID":[],"_EventVenueID":[],"_OrganizerEmail":"","_OrganizerPhone":"","_OrganizerWebsite":"","_VenueAddress":"","_VenueCity":"","_VenueCountry":"","_VenueProvince":"","_VenueState":"","_VenueZip":"","_VenuePhone":"","_VenueURL":"","_VenueStateProvince":"","_VenueLat":"","_VenueLng":"","_VenueShowMap":false,"_VenueShowMapLink":false,"twitterCardType":"","cardImageID":0,"cardImage":"","cardTitle":"","cardDesc":"","cardImageAlt":"","cardPlayer":"","cardPlayerWidth":0,"cardPlayerHeight":0,"cardPlayerStream":"","cardPlayerCodec":"","footnotes":""},"categories":[7],"tags":[],"class_list":["post-2209","post","type-post","status-publish","format-standard","hentry","category-recenze"],"acf":{"related_products":null},"_links":{"self":[{"href":"https:\/\/www.luxor.cz\/blog\/wp-json\/wp\/v2\/posts\/2209","targetHints":{"allow":["GET"]}}],"collection":[{"href":"https:\/\/www.luxor.cz\/blog\/wp-json\/wp\/v2\/posts"}],"about":[{"href":"https:\/\/www.luxor.cz\/blog\/wp-json\/wp\/v2\/types\/post"}],"author":[{"embeddable":true,"href":"https:\/\/www.luxor.cz\/blog\/wp-json\/wp\/v2\/users\/2"}],"replies":[{"embeddable":true,"href":"https:\/\/www.luxor.cz\/blog\/wp-json\/wp\/v2\/comments?post=2209"}],"version-history":[{"count":0,"href":"https:\/\/www.luxor.cz\/blog\/wp-json\/wp\/v2\/posts\/2209\/revisions"}],"wp:attachment":[{"href":"https:\/\/www.luxor.cz\/blog\/wp-json\/wp\/v2\/media?parent=2209"}],"wp:term":[{"taxonomy":"category","embeddable":true,"href":"https:\/\/www.luxor.cz\/blog\/wp-json\/wp\/v2\/categories?post=2209"},{"taxonomy":"post_tag","embeddable":true,"href":"https:\/\/www.luxor.cz\/blog\/wp-json\/wp\/v2\/tags?post=2209"}],"curies":[{"name":"wp","href":"https:\/\/api.w.org\/{rel}","templated":true}]}}