{"id":2208,"date":"2013-06-25T11:58:00","date_gmt":"2013-06-25T09:58:00","guid":{"rendered":"https:\/\/www.luxor.cz\/blog\/nezarazene\/bejbypank-is-not-dead-uziji-si-ho-deti-i-dospeli\/"},"modified":"2023-01-06T16:18:27","modified_gmt":"2023-01-06T15:18:27","slug":"bejbypank-is-not-dead-uziji-si-ho-deti-i-dospeli-236","status":"publish","type":"post","link":"https:\/\/www.luxor.cz\/blog\/recenze\/bejbypank-is-not-dead-uziji-si-ho-deti-i-dospeli-236\/","title":{"rendered":"Bejbypank is not dead, u\u017eij\u00ed si ho d\u011bti i dosp\u011bl\u00ed"},"content":{"rendered":"<\/p>\n<\/p>\n<\/p>\n<p>Letos vstoupil <i>Ka\u0161p\u00e1rek v rohl\u00edku<\/i> vyd\u00e1n\u00edm sv\u00e9ho souborn\u00e9ho d\u00edla do kni\u017en\u00edho sv\u011bta. <a href=\"http:\/\/neoluxor.cz\/beletrie\/kasparek-v-rohliku-postrelena-kniha--195068\/\" target=\"_blank\" rel=\"noopener\">Post\u0159elen\u00e1 kniha<\/a> pln\u00e1 p\u0159\u00edb\u011bh\u016f, komiks\u016f i p\u00eds\u0148ov\u00fdch text\u016f, kter\u00e9 se vz\u00e1jemn\u011b prol\u00ednaj\u00ed a dopl\u0148uj\u00ed, je dopln\u011bna o Noty, tedy bejbypankov\u00fd zp\u011bvn\u00edk<i> Ka\u0161p\u00e1rka v rohl\u00edku<\/i>. Rodi\u010de tak mohou texty nejen recitovat, ale i zp\u00edvat a skaln\u00ed bejbypank\u00e1\u010di p\u0159izvukovat s n\u011bkter\u00fdm z vydan\u00fdch CD.<\/p>\n<p><i>Ka\u0161p\u00e1rek v rohl\u00edku<\/i> je z\u00e1bavn\u00fd s\u00e1m o sob\u011b. Jeho divadeln\u00ed p\u0159edstaven\u00ed a koncerty jsou pln\u00e9 srandy a bl\u00e1znivin. Stejn\u011b takov\u00e1 je i kniha. Neboj\u00ed se \u010dten\u00e1\u0159\u016f &#8211; konzervativc\u016f, kritiky nebo nepochopen\u00ed a na pln\u00e9 koule tak na k\u0159iklav\u011b r\u016f\u017eov\u00fdch, \u017elut\u00fdch i \u010dern\u00fdch str\u00e1nk\u00e1ch rozj\u00ed\u017ed\u00ed sv\u016fj pank. \u010ci\u0161\u00ed z toho radost, a to je d\u016fle\u017eit\u00e9. Na knize je vid\u011bt, \u017ee byla tvo\u0159ena s l\u00e1skou. Je kr\u00e1sn\u00e1 nejen obsahov\u011b, ale i po vizu\u00e1ln\u00ed str\u00e1nce. Netradi\u010dn\u00ed form\u00e1t, kvalitn\u00ed pap\u00edr, origin\u00e1ln\u00ed ilustrace Luk\u00e1\u0161e Urb\u00e1nka a Mat\u011bje N\u011bme\u010dka, barvy, neobvykl\u00e1 typografie. Radost pohled\u011bt.<\/p>\n<\/p>\n<p>Je-li <a href=\"http:\/\/neoluxor.cz\/beletrie\/kasparek-v-rohliku-postrelena-kniha--195068\/\" target=\"_blank\" rel=\"noopener\">Post\u0159elen\u00e1 kniha<\/a> pro n\u011bkoho prvn\u00edm setk\u00e1n\u00edm s <i>Ka\u0161p\u00e1rkem v rohl\u00edku<\/i>, m\u016f\u017ee se zaleknout otev\u0159enosti text\u016f, nespisovn\u00e9ho jazyka nebo prost\u011b jen origin\u00e1ln\u00edm a u n\u00e1s neobvykl\u00fdm p\u0159\u00edstupem k tvorb\u011b pro d\u011bti. Ov\u0161em zd\u00e1 se mi, \u017ee pr\u00e1v\u011b takov\u00e9 pojet\u00ed m\u016f\u017ee dne\u0161n\u00ed d\u011bti a rodi\u010de sbl\u00ed\u017eit. Na nespisovnou \u010de\u0161tinu si brzy zvyknete a zjist\u00edte, \u017ee k nim prost\u011b pat\u0159\u00ed, stejn\u011b jako st\u0159apat\u00e9 \u010derven\u00e9 \u010depice. Jde o z\u00e1bavu pro mal\u00e9 i velk\u00e9. Sta\u0159\u00ed bejbypank\u00e1\u010di to moc dob\u0159e v\u011bd\u00ed, a proto Ka\u0161p\u00e1rek na pap\u00ed\u0159e nesm\u00ed chyb\u011bt v jejich knihovn\u011b.<\/p>\n<p>Nekonven\u010dnost, pohoda a hlavn\u011b \u017e\u00e1dn\u00e1 pravidla, to je to, co se d\u011btem l\u00edb\u00ed. \u017d\u00e1dn\u00e9 p\u0159\u00edkazy a z\u00e1kazy, jenom nekone\u010dn\u00e1 fantazie bez hranic. Vzpom\u00edn\u00e1te na sv\u00e9 d\u011btstv\u00ed? \u017de bylo p\u0159esn\u011b takov\u00e9? Tak se vyka\u0161lete na pr\u00e1ci a p\u0159edpisy, kter\u00e9 jsou v\u0161ude kolem v\u00e1s, vezm\u011bte sv\u00e9 d\u011bti a p\u0159e\u010dt\u011bte si spolu <a href=\"http:\/\/neoluxor.cz\/beletrie\/kasparek-v-rohliku-postrelena-kniha--195068\/\" target=\"_blank\" rel=\"noopener\">Ka\u0161p\u00e1rka v rohl\u00edku &#8211; Post\u0159elenou knihu<\/a>. <\/p>\n<p><b>Moje nejobl\u00edben\u011bj\u0161\u00ed:<\/b><\/p>\n<p><\/p>\n<p><i>Ka\u0161p\u00e1rek v rohl\u00edku<\/i> je hudebn\u011b-kabaretn\u00ed projekt pro d\u011bti a dosp\u011bl\u00e9 postaven\u00fd na origin\u00e1ln\u00edm propojen\u00ed divadla a hudby. Projekt je spole\u010dnou prac\u00ed zn\u00e1m\u00fdch hudebn\u00edk\u016f jako M. Caise, M\u00e1rdiho, L. Dusilov\u00e9, B. \u0160r\u016fmov\u00e9, D. Kollera, T. Graves aj. Cel\u00fd projekt vznikl jako reakce na nedostatek kvalitn\u00edch, p\u016fvodn\u00edch p\u00edsni\u010dek pro d\u011bti a tak\u00e9 jako reakce na t\u00e9m\u011b\u0159 neexistuj\u00edc\u00ed mezigenera\u010dn\u00ed z\u00e1bavu ur\u010denou spole\u010dn\u011b pro dosp\u011bl\u00e9 a d\u011bti. Za vyd\u00e1n\u00edm knihy stoj\u00ed David Dvo\u0159\u00e1k, jako ministr hovadin, a jeho kolektiv.<\/p>\n<\/p>\n<h2>Hodnocen\u00ed: 95%<\/h2>\n<\/p>\n<p>Autor: Ane\u017eka Adam\u00edkov\u00e1<\/p>\n<p>Zdroj obr\u00e1zk\u016f: Bejbypank.cz<\/p>\n","protected":false},"excerpt":{"rendered":"<p>Jestli je n\u011bkdo v t\u00e9hle republice (po)st\u0159elen\u00fd, tak je to Ka\u0161p\u00e1rek v rohl\u00edku a jeho nov\u00e1 kniha. Post\u0159elen\u00e1 kniha je doslova a do p\u00edsmene nadupan\u00e1 \u2013 obsahuje 40 p\u00eds\u0148ov\u00fdch text\u016f, 1 text plastick\u00e9 poezie, 3 nezve\u0159ejn\u011bn\u00e9 z\u00e1vadn\u00e9 texty, 9 p\u0159\u00edb\u011bh\u016f z Ka\u0161p\u00e1rkova \u017eivota, 9 komiksov\u00fdch vypr\u00e1v\u011bn\u00ed, 4 str\u00e1nky ilustrac\u00ed Mat\u011bje N\u011bme\u010dka, 1 fotografie Ka\u0161p\u00e1rka, \u221e le\u017eat\u00fdch osmi\u010dek a 2 hovadiny.<\/p>\n","protected":false},"author":2,"featured_media":0,"comment_status":"open","ping_status":"open","sticky":false,"template":"","format":"standard","meta":{"_acf_changed":false,"_monsterinsights_skip_tracking":false,"_monsterinsights_sitenote_active":false,"_monsterinsights_sitenote_note":"","_monsterinsights_sitenote_category":0,"_EventAllDay":false,"_EventTimezone":"","_EventStartDate":"","_EventEndDate":"","_EventStartDateUTC":"","_EventEndDateUTC":"","_EventShowMap":false,"_EventShowMapLink":false,"_EventURL":"","_EventCost":"","_EventCostDescription":"","_EventCurrencySymbol":"","_EventCurrencyCode":"","_EventCurrencyPosition":"","_EventDateTimeSeparator":"","_EventTimeRangeSeparator":"","_EventOrganizerID":[],"_EventVenueID":[],"_OrganizerEmail":"","_OrganizerPhone":"","_OrganizerWebsite":"","_VenueAddress":"","_VenueCity":"","_VenueCountry":"","_VenueProvince":"","_VenueState":"","_VenueZip":"","_VenuePhone":"","_VenueURL":"","_VenueStateProvince":"","_VenueLat":"","_VenueLng":"","_VenueShowMap":false,"_VenueShowMapLink":false,"twitterCardType":"","cardImageID":0,"cardImage":"","cardTitle":"","cardDesc":"","cardImageAlt":"","cardPlayer":"","cardPlayerWidth":0,"cardPlayerHeight":0,"cardPlayerStream":"","cardPlayerCodec":"","footnotes":""},"categories":[7],"tags":[],"class_list":["post-2208","post","type-post","status-publish","format-standard","hentry","category-recenze"],"acf":{"related_products":null},"_links":{"self":[{"href":"https:\/\/www.luxor.cz\/blog\/wp-json\/wp\/v2\/posts\/2208","targetHints":{"allow":["GET"]}}],"collection":[{"href":"https:\/\/www.luxor.cz\/blog\/wp-json\/wp\/v2\/posts"}],"about":[{"href":"https:\/\/www.luxor.cz\/blog\/wp-json\/wp\/v2\/types\/post"}],"author":[{"embeddable":true,"href":"https:\/\/www.luxor.cz\/blog\/wp-json\/wp\/v2\/users\/2"}],"replies":[{"embeddable":true,"href":"https:\/\/www.luxor.cz\/blog\/wp-json\/wp\/v2\/comments?post=2208"}],"version-history":[{"count":0,"href":"https:\/\/www.luxor.cz\/blog\/wp-json\/wp\/v2\/posts\/2208\/revisions"}],"wp:attachment":[{"href":"https:\/\/www.luxor.cz\/blog\/wp-json\/wp\/v2\/media?parent=2208"}],"wp:term":[{"taxonomy":"category","embeddable":true,"href":"https:\/\/www.luxor.cz\/blog\/wp-json\/wp\/v2\/categories?post=2208"},{"taxonomy":"post_tag","embeddable":true,"href":"https:\/\/www.luxor.cz\/blog\/wp-json\/wp\/v2\/tags?post=2208"}],"curies":[{"name":"wp","href":"https:\/\/api.w.org\/{rel}","templated":true}]}}