{"id":2206,"date":"2013-06-24T11:20:00","date_gmt":"2013-06-24T09:20:00","guid":{"rendered":"https:\/\/www.luxor.cz\/blog\/nezarazene\/filmova-pena-dni-borise-viana\/"},"modified":"2023-01-06T16:18:27","modified_gmt":"2023-01-06T15:18:27","slug":"filmova-pena-dni-borise-viana-234","status":"publish","type":"post","link":"https:\/\/www.luxor.cz\/blog\/nezarazene\/filmova-pena-dni-borise-viana-234\/","title":{"rendered":"Filmov\u00e1 P\u011bna dn\u00ed Borise Viana"},"content":{"rendered":"<\/p>\n<h2><\/h2>\n<\/p>\n<h2>Kniha\u00a0<\/h2>\n<\/p>\n<p>Prvn\u00ed vyd\u00e1n\u00ed vy\u0161lo v roce 1947. V t\u00e9 dob\u011b byl Boris Vian zn\u00e1m\u00fd jako pa\u0159\u00ed\u017esk\u00fd jazzov\u00fd hudebn\u00edk a nechyb\u011bl snad na \u017e\u00e1dn\u00e9m z dekadentn\u00edch pa\u0159\u00ed\u017esk\u00fdch ve\u010d\u00edrk\u016f. <a href=\"http:\/\/neoluxor.cz\/beletrie\/pena-dni--60953\/\" target=\"_blank\" rel=\"noopener\">P\u011bna dn\u00ed<\/a> osciluje mezi romanc\u00ed a vypr\u00e1v\u011bn\u00edm o strachu ze smrti. Je pln\u00e1 fantazie a symbol\u016f, kter\u00e9 na prvn\u00ed pohled vypadaj\u00ed podivn\u011b: auta maj\u00ed volant v kufru, lid\u00e9 brusl\u00ed pozp\u00e1tku a klav\u00edr m\u00edch\u00e1 koktejly. Toto je sv\u011bt, kde \u017eij\u00ed dv\u011b partnersk\u00e9 dvojice: Chlo\u00e9 s Colinem a Alise s Chickem. Jejich l\u00e1sce t\u00e9m\u011b\u0159 nic nebr\u00e1n\u00ed. Pomyslnou idylku ale naru\u0161\u00ed zji\u0161t\u011bn\u00ed, \u017ee Chlo\u00e9 trp\u00ed vz\u00e1cnou chorobou. Do t\u00e9 doby poh\u00e1dkov\u011b bohat\u00fd Colin mus\u00ed kv\u016fli n\u00e1kladn\u00e9 l\u00e9\u010db\u011b pracovat, co\u017e m\u00e1 na n\u011bj fat\u00e1ln\u00ed vliv.\u00a0<\/p>\n<p>Tak\u00e9 l\u00e1ska mezi Alise a Chickem utrp\u00ed trhliny. Probl\u00e9mem je Chick\u016fv obdiv k filozofovi Jean-Sol Partovi. Sb\u00edr\u00e1 v\u0161echny jeho knihy, co\u017e jej finan\u010dn\u011b zruinuje. Jeho spole\u010densk\u00fd p\u00e1d ovlivn\u00ed nejen jeho a Alise, ale tak\u00e9 mnoh\u00e9 dal\u0161\u00ed.\u00a0<\/p>\n<p><i>P\u011bna dn\u00ed<\/i> v\u00e1s ohrom\u00ed neobvykl\u00fdm p\u0159\u00edb\u011bhem, fascinuj\u00edc\u00edm prost\u0159ed\u00edm a v\u00fdjevy, kter\u00e9 v literatu\u0159e nejsou zrovna obvykl\u00e9. Je nejen o l\u00e1sce a smrti, ale tak\u00e9 o vrtkavosti lidsk\u00e9ho \u0161t\u011bst\u00ed. Kdy\u017e francouzsk\u00fd den\u00edk Le Monde v roce 1999 vyhl\u00e1sil <a href=\"http:\/\/cs.wikipedia.org\/wiki\/100_nejd%C5%AFle%C5%BEit%C4%9Bj%C5%A1%C3%ADch_knih_20._stolet%C3%AD_podle_Le_Monde\" target=\"_blank\" rel=\"noopener\">stovku nejd\u016fle\u017eit\u011bj\u0161\u00edch knih<\/a>, <i>P\u011bna dn\u00ed<\/i> byla na des\u00e1t\u00e9m m\u00edst\u011b.\u00a0<\/p>\n<\/p>\n<h2>Film\u00a0<\/h2>\n<\/p>\n<p>Nen\u00ed to poprv\u00e9, co se p\u0159\u00edb\u011bh <i>P\u011bny dn\u00ed<\/i> objevil ve filmov\u00e9m zpracov\u00e1n\u00ed. Zn\u00e1m\u00fd je film Charlese Belmonta z roku 1967 \u2013 z doby nejv\u011bt\u0161\u00ed sl\u00e1vy t\u00e9to knihy. Filmov\u00e1 verze, kterou p\u0159ijede na karlovarsk\u00fd festival p\u0159edstavit nejv\u011bt\u0161\u00ed hereck\u00e1 hv\u011bzda <i>P\u011bny dn\u00ed<\/i> Audrey Tautou, poch\u00e1z\u00ed z d\u00edlny zku\u0161en\u00e9ho re\u017eis\u00e9ra Michela Gondryho. Mo\u017en\u00e1 si na toto jm\u00e9no vzpomenete, kdy\u017e zm\u00edn\u00edm dva jeho slavn\u00e9 filmy: <i>V\u011b\u010dn\u00fd svit neposkvrn\u011bn\u00e9 mysli<\/i> a <i>Nauka o snech<\/i>. Gondry je zn\u00e1m\u00fd svou p\u0159edstavivost\u00ed a sv\u00fdm hrav\u00fdm vizu\u00e1ln\u00edm stylem. Je jasn\u00e9, \u017ee pro tak snovou knihu byl t\u00edm prav\u00fdm, co\u017e m\u016f\u017eete sami posoudit z n\u00e1sleduj\u00edc\u00edho traileru:<\/p>\n<p><\/p>\n<\/p>\n<h2>Sout\u011b\u017e\u00a0<\/h2>\n<\/p>\n<p>Jist\u011b jsme v\u00e1s nal\u00e1kali jak na knihu, tak i na film. M\u00e1me pro v\u00e1s skv\u011blou zpr\u00e1vu: Na na\u0161\u00ed <a href=\"http:\/\/bit.ly\/pena_dni_soutez\" target=\"_blank\" rel=\"noopener\">facebookov\u00e9 str\u00e1nce najdete sout\u011b\u017e<\/a>, ve kter\u00e9 m\u016f\u017eete vyhr\u00e1t l\u00edstky na <i>P\u011bnu dn\u00ed<\/i> do kina v jednom ze sedmi \u010desk\u00fdch m\u011bst: Praha (Kino Sv\u011btozor), Plze\u0148 (CineStar, OC Olympia), Hradec Kr\u00e1lov\u00e9 (Bio Central), \u010cesk\u00e9 Bud\u011bjovice (Kino Kotva), Ostrava (Kino Luna), Olomouc (Kino Metropol), Zl\u00edn (Golden Apple Cinema).<\/p>\n<\/p>\n<h2>Boris Vian\u00a0<\/h2>\n<\/p>\n<\/p>\n<p>Boris Vian byl lec\u010d\u00edms: novin\u00e1\u0159em a kritikem, jazzov\u00fdm hudebn\u00edm skladatelem, trumpetistou, dramatikem, p\u00edsni\u010dk\u00e1\u0159em, hercem, mal\u00ed\u0159em, p\u0159ekladatelem, scen\u00e1ristou&#8230; Ale p\u0159edev\u0161\u00edm samoz\u0159ejm\u011b spisovatelem. Narodil se v roce 1920 a jeho budouc\u00ed \u017eivot ovlivnila vrozen\u00e1 srde\u010dn\u00ed vada. Uv\u011bdomoval si, \u017ee tu nemus\u00ed b\u00fdt dlouho, a tak \u017eil opravdu naplno. Chodil na bujar\u00e9 ve\u010d\u00edrky pa\u0159\u00ed\u017esk\u00e9 intelektu\u00e1ln\u00ed smet\u00e1nky, kter\u00e9 mnohdy kon\u010dily z\u00e1sahem policie. Po v\u00e1lce musel hledat pr\u00e1ci, a tak pracoval v kancel\u00e1\u0159i Francouzsk\u00e9ho normaliza\u010dn\u00edho \u00fa\u0159adu nebo v \u017divnostensk\u00e9 komo\u0159e pap\u00edrensk\u00e9ho pr\u016fmyslu. Napsal n\u011bkolik knih, ale \u017e\u00e1dn\u00e1 z nich mu nep\u0159inesla finan\u010dn\u00ed nez\u00e1vislost. A\u017e rom\u00e1n <i>Naplivu na va\u0161e hroby<\/i> z roku 1946, kter\u00fd napsal pod pseudonymem Vernon Sullivan. P\u0159esto, \u017ee tato mystifikace vy\u0161la brzy najevo, napsal pod t\u00edmto jm\u00e9nem dal\u0161\u00ed t\u0159i knihy. Boris Vian zem\u0159el v roce 1959 b\u011bhem slavnostn\u00edho prom\u00edt\u00e1n\u00ed filmu podle jeho do t\u00e9 doby nejslavn\u011bj\u0161\u00ed a ji\u017e zm\u00edn\u011bn\u00e9 knihy <i>Naplivu na va\u0161e hroby<\/i>. Jeho smrt paradoxn\u011b st\u00e1la na po\u010d\u00e1tku fenomen\u00e1ln\u00edho \u00fasp\u011bchu <i>P\u011bny dn\u00ed<\/i> (vznikla v roce 1947), jej\u00ed\u017e sl\u00e1vy se Vian ji\u017e nedo\u010dkal: Slavn\u00e1 se stala a\u017e v \u0161edes\u00e1t\u00fdch letech 20. stolet\u00ed.<\/p>\n<p><\/p>\n<p>Autor: Tom\u00e1\u0161 Fojt\u00edk<\/p>\n<p>Zdroje obr\u00e1zk\u016f: Aerofilms, Wikimedia Commons<\/p>\n","protected":false},"excerpt":{"rendered":"<p>Kdyby Boris Vian, pa\u0159\u00ed\u017esk\u00fd boh\u00e9m, nenapsal nic jin\u00e9ho ne\u017e P\u011bnu dn\u00ed, st\u00e1le by pat\u0159il k nejslavn\u011bj\u0161\u00edm autor\u016fm sv\u00e9 generace. P\u011bna dn\u00ed je rom\u00e1n, kter\u00fd se sl\u00e1vy do\u010dkal a\u017e po jeho smrti, ale ta nebledne ani ve 21. stolet\u00ed. D\u016fkazem je film slavn\u00e9ho re\u017eis\u00e9ra Michela Gondryho, kter\u00fd bude m\u00edt ji\u017e brzy svou \u010deskou premi\u00e9ru.<\/p>\n","protected":false},"author":2,"featured_media":0,"comment_status":"open","ping_status":"open","sticky":false,"template":"","format":"standard","meta":{"_acf_changed":false,"_monsterinsights_skip_tracking":false,"_monsterinsights_sitenote_active":false,"_monsterinsights_sitenote_note":"","_monsterinsights_sitenote_category":0,"_EventAllDay":false,"_EventTimezone":"","_EventStartDate":"","_EventEndDate":"","_EventStartDateUTC":"","_EventEndDateUTC":"","_EventShowMap":false,"_EventShowMapLink":false,"_EventURL":"","_EventCost":"","_EventCostDescription":"","_EventCurrencySymbol":"","_EventCurrencyCode":"","_EventCurrencyPosition":"","_EventDateTimeSeparator":"","_EventTimeRangeSeparator":"","_EventOrganizerID":[],"_EventVenueID":[],"_OrganizerEmail":"","_OrganizerPhone":"","_OrganizerWebsite":"","_VenueAddress":"","_VenueCity":"","_VenueCountry":"","_VenueProvince":"","_VenueState":"","_VenueZip":"","_VenuePhone":"","_VenueURL":"","_VenueStateProvince":"","_VenueLat":"","_VenueLng":"","_VenueShowMap":false,"_VenueShowMapLink":false,"twitterCardType":"","cardImageID":0,"cardImage":"","cardTitle":"","cardDesc":"","cardImageAlt":"","cardPlayer":"","cardPlayerWidth":0,"cardPlayerHeight":0,"cardPlayerStream":"","cardPlayerCodec":"","footnotes":""},"categories":[1],"tags":[],"class_list":["post-2206","post","type-post","status-publish","format-standard","hentry","category-nezarazene"],"acf":{"related_products":null},"_links":{"self":[{"href":"https:\/\/www.luxor.cz\/blog\/wp-json\/wp\/v2\/posts\/2206","targetHints":{"allow":["GET"]}}],"collection":[{"href":"https:\/\/www.luxor.cz\/blog\/wp-json\/wp\/v2\/posts"}],"about":[{"href":"https:\/\/www.luxor.cz\/blog\/wp-json\/wp\/v2\/types\/post"}],"author":[{"embeddable":true,"href":"https:\/\/www.luxor.cz\/blog\/wp-json\/wp\/v2\/users\/2"}],"replies":[{"embeddable":true,"href":"https:\/\/www.luxor.cz\/blog\/wp-json\/wp\/v2\/comments?post=2206"}],"version-history":[{"count":0,"href":"https:\/\/www.luxor.cz\/blog\/wp-json\/wp\/v2\/posts\/2206\/revisions"}],"wp:attachment":[{"href":"https:\/\/www.luxor.cz\/blog\/wp-json\/wp\/v2\/media?parent=2206"}],"wp:term":[{"taxonomy":"category","embeddable":true,"href":"https:\/\/www.luxor.cz\/blog\/wp-json\/wp\/v2\/categories?post=2206"},{"taxonomy":"post_tag","embeddable":true,"href":"https:\/\/www.luxor.cz\/blog\/wp-json\/wp\/v2\/tags?post=2206"}],"curies":[{"name":"wp","href":"https:\/\/api.w.org\/{rel}","templated":true}]}}