{"id":2204,"date":"2013-06-21T15:41:00","date_gmt":"2013-06-21T13:41:00","guid":{"rendered":"https:\/\/www.luxor.cz\/blog\/nezarazene\/s-cim-vsim-se-musi-milovnik-knih-potykat\/"},"modified":"2023-01-06T16:18:27","modified_gmt":"2023-01-06T15:18:27","slug":"s-cim-vsim-se-musi-milovnik-knih-potykat-232","status":"publish","type":"post","link":"https:\/\/www.luxor.cz\/blog\/nezarazene\/s-cim-vsim-se-musi-milovnik-knih-potykat-232\/","title":{"rendered":"S \u010d\u00edm v\u0161\u00edm se mus\u00ed milovn\u00edk knih pot\u00fdkat"},"content":{"rendered":"<p>Kdy\u017e u\u017e jsem \u010detla dlouho o\u010dek\u00e1vanou kn\u00ed\u017eku a ostatn\u00ed je\u0161t\u011b ne.<\/p>\n<\/p>\n<p>Kdy\u017e si uv\u011bdom\u00edm, \u017ee dal\u0161\u00ed d\u00edl m\u00e9 obl\u00edben\u00e9 s\u00e9rie bude a\u017e za rok.<\/p>\n<\/p>\n<p>Kdy\u017e dostanu novou kn\u00ed\u017eku, kterou u\u017e fakt dlouho chci.<\/p>\n<\/p>\n<p>Kdy\u017e necht\u011b vyzrad\u00edm n\u011bkomu, kdo je vrah.<\/p>\n<p><span style=\"line-height: 1.45em:\"><\/span><\/p>\n<\/p>\n<p><span style=\"line-height: 1.45em:\">Kdy\u017e \u010dtu nudnou popisnou pas\u00e1\u017e.<\/span><\/p>\n<\/p>\n<p>Kdy\u017e se sna\u017e\u00edm \u010d\u00edst v\u00edc kn\u00ed\u017eek najednou.<\/p>\n<\/p>\n<\/p>\n<p>Kdy\u017e se sna\u017e\u00edm vzpomenout si, co bylo v minul\u00e9m d\u00edle.<\/p>\n<\/p>\n<p>Kdy\u017e zjist\u00edm, \u017ee m\u00e1 obl\u00edben\u00e1 kni\u017en\u00ed s\u00e9rie skon\u010dila.<\/p>\n<\/p>\n<p>Kdy\u017e jsem do n\u011bjak\u00e9 kn\u00ed\u017eky opravdu hodn\u011b za\u010dten\u00e1.<\/p>\n<\/p>\n<p>Kdy\u017e pot\u0159ebuji z\u016fstat vzh\u016fru, abych mohla dokon\u010dit kn\u00ed\u017eku.<\/p>\n<\/p>\n<p>Kdy\u017e se nem\u016f\u017eu do\u010dkat dne vyd\u00e1n\u00ed.<\/p>\n<\/p>\n<p>Kdy\u017e se z\u00e1pletka za\u010dne ub\u00edrat jin\u00fdm sm\u011brem, ne\u017e bych \u010dekala.<\/p>\n<\/p>\n<p>Jak se b\u011b\u017en\u011b tv\u00e1\u0159\u00edm p\u0159i \u010dten\u00ed.<\/p>\n<\/p>\n<p>Autorka: Olga Biern\u00e1tov\u00e1<\/p>\n<p>Zdroje gif\u016f: Tumblr.com<\/p>\n<p>\u010cl\u00e1nek je inspirov\u00e1n \u00fasp\u011b\u0161n\u00fdm blogem m\u00e9ho kamar\u00e1da Johnnyho &#8211;\u00a0<a href=\"http:\/\/pisudiplomku.tumblr.com\/\" target=\"_blank\" rel=\"noopener\">Pisudiplomku.tumblr.com<\/a><\/p>\n","protected":false},"excerpt":{"rendered":"<p>\u010cten\u00ed nen\u00ed jen relax, jsou to tak\u00e9 nervy, nap\u011bt\u00ed, strach, slzy, sm\u00edch&#8230; Osobn\u011b pat\u0159\u00edm mezi ty, na kter\u00e9 mus\u00ed b\u00fdt docela legrace se p\u0159i \u010dten\u00ed d\u00edvat. Neust\u00e1l\u00e9 obli\u010deje, kous\u00e1n\u00ed rtu, zamra\u010den\u00e9 \u010delo i potuteln\u00e9 \u00fasm\u011bvy.<\/p>\n","protected":false},"author":2,"featured_media":0,"comment_status":"open","ping_status":"open","sticky":false,"template":"","format":"standard","meta":{"_acf_changed":false,"_monsterinsights_skip_tracking":false,"_monsterinsights_sitenote_active":false,"_monsterinsights_sitenote_note":"","_monsterinsights_sitenote_category":0,"_EventAllDay":false,"_EventTimezone":"","_EventStartDate":"","_EventEndDate":"","_EventStartDateUTC":"","_EventEndDateUTC":"","_EventShowMap":false,"_EventShowMapLink":false,"_EventURL":"","_EventCost":"","_EventCostDescription":"","_EventCurrencySymbol":"","_EventCurrencyCode":"","_EventCurrencyPosition":"","_EventDateTimeSeparator":"","_EventTimeRangeSeparator":"","_EventOrganizerID":[],"_EventVenueID":[],"_OrganizerEmail":"","_OrganizerPhone":"","_OrganizerWebsite":"","_VenueAddress":"","_VenueCity":"","_VenueCountry":"","_VenueProvince":"","_VenueState":"","_VenueZip":"","_VenuePhone":"","_VenueURL":"","_VenueStateProvince":"","_VenueLat":"","_VenueLng":"","_VenueShowMap":false,"_VenueShowMapLink":false,"twitterCardType":"","cardImageID":0,"cardImage":"","cardTitle":"","cardDesc":"","cardImageAlt":"","cardPlayer":"","cardPlayerWidth":0,"cardPlayerHeight":0,"cardPlayerStream":"","cardPlayerCodec":"","footnotes":""},"categories":[1],"tags":[],"class_list":["post-2204","post","type-post","status-publish","format-standard","hentry","category-nezarazene"],"acf":{"related_products":null},"_links":{"self":[{"href":"https:\/\/www.luxor.cz\/blog\/wp-json\/wp\/v2\/posts\/2204","targetHints":{"allow":["GET"]}}],"collection":[{"href":"https:\/\/www.luxor.cz\/blog\/wp-json\/wp\/v2\/posts"}],"about":[{"href":"https:\/\/www.luxor.cz\/blog\/wp-json\/wp\/v2\/types\/post"}],"author":[{"embeddable":true,"href":"https:\/\/www.luxor.cz\/blog\/wp-json\/wp\/v2\/users\/2"}],"replies":[{"embeddable":true,"href":"https:\/\/www.luxor.cz\/blog\/wp-json\/wp\/v2\/comments?post=2204"}],"version-history":[{"count":0,"href":"https:\/\/www.luxor.cz\/blog\/wp-json\/wp\/v2\/posts\/2204\/revisions"}],"wp:attachment":[{"href":"https:\/\/www.luxor.cz\/blog\/wp-json\/wp\/v2\/media?parent=2204"}],"wp:term":[{"taxonomy":"category","embeddable":true,"href":"https:\/\/www.luxor.cz\/blog\/wp-json\/wp\/v2\/categories?post=2204"},{"taxonomy":"post_tag","embeddable":true,"href":"https:\/\/www.luxor.cz\/blog\/wp-json\/wp\/v2\/tags?post=2204"}],"curies":[{"name":"wp","href":"https:\/\/api.w.org\/{rel}","templated":true}]}}