{"id":2203,"date":"2013-06-20T12:01:00","date_gmt":"2013-06-20T10:01:00","guid":{"rendered":"https:\/\/www.luxor.cz\/blog\/nezarazene\/pernikova-chaloupka-aneb-na-severu-se-zase-vrazdi\/"},"modified":"2023-01-06T16:18:27","modified_gmt":"2023-01-06T15:18:27","slug":"pernikova-chaloupka-aneb-na-severu-se-zase-vrazdi-231","status":"publish","type":"post","link":"https:\/\/www.luxor.cz\/blog\/recenze\/pernikova-chaloupka-aneb-na-severu-se-zase-vrazdi-231\/","title":{"rendered":"Pern\u00edkov\u00e1 chaloupka, aneb na severu se zase vra\u017ed\u00ed"},"content":{"rendered":"<\/p>\n<p><span><\/p>\n<p><\/span><\/p>\n<p><span>Z\u00e1pletka se d\u00e1 shrnout pom\u011brn\u011b jednodu\u0161e. Ve Stockholmu se vra\u017ed\u00ed. A nejen tam. Za\u010d\u00ednaj\u00ed um\u00edrat lid\u00e9 po cel\u00e9m \u0160v\u00e9dsku. Vypad\u00e1 to na pr\u00e1ci s\u00e9riov\u00e9ho vraha, policie v\u0161ak nedok\u00e1\u017ee naj\u00edt mezi jednotliv\u00fdmi p\u0159\u00edpady \u017e\u00e1dnou v\u00fdznamnou spojitost. Jedin\u00fdm spole\u010dn\u00fdm prvkem je p\u016fvod ob\u011bt\u00ed a \u0161kolka, do kter\u00e9 spole\u010dn\u011b jako d\u011bti chodily. Jedn\u00e1 se o n\u00e1hodu, nebo o ozv\u011bnu temn\u00e9 minulosti?<\/span><\/p>\n<p>Z\u00e1pletka je postaven\u00e1 pom\u011brn\u011b nad\u011bjn\u011b. Vra\u017edy jsou, alespo\u0148 z po\u010d\u00e1tku, obest\u0159eny z\u00e1vojem tajemna a i kdy\u017e po sob\u011b vrah zanech\u00e1v\u00e1 velk\u00e9 mno\u017estv\u00ed stop, policie t\u00e1pe. Bohu\u017eel, kniha trp\u00ed n\u011bkolika neduhy. Velk\u00fdm m\u00ednusem je absence hlavn\u00ed postavy. Respektive, \u017e\u00e1dn\u00e1 z postav v\u00e1m doopravdy nep\u0159iroste k srdci. Na jedn\u00e9 stran\u011b je vy\u0161et\u0159ovatel Sj\u00f6berg, zodpov\u011bdn\u00fd \u0161\u00e9f, t\u00e1ta od rodiny a perfektn\u00ed man\u017eel, kter\u00fd p\u016fsob\u00ed tak trochu strojen\u011b. Na druh\u00e9 stran\u011b je pozorovatel d\u011bje a mo\u017en\u00fd vrah, kter\u00fd je ov\u0161em tak podiv\u00ednsk\u00fd, \u017ee k n\u011bmu m\u016f\u017eete c\u00edtit tak nanejv\u00fd\u0161 l\u00edtost. To v\u0161e dopln\u011bno o velkou v\u00e1rku v\u00edce \u010di m\u00e9n\u011b v\u00fdznamn\u00fdch vedlej\u0161\u00edch postav, jejich\u017e rol\u00ed je v\u011bt\u0161inou jen posunout d\u011bj o kousek d\u00e1l, v hor\u0161\u00edm p\u0159\u00edpad\u011b pak b\u00fdt protagonisty sc\u00e9n poukazuj\u00edc\u00edch na n\u011bkter\u00fd z aktu\u00e1ln\u00edch soci\u00e1ln\u00edch probl\u00e9m\u016f. Dobr\u00fdm p\u0159\u00edkladem je policista D\u017eam\u00e1l, jeho\u017e postava je v knize z\u0159ejm\u011b jen proto, aby na n\u00ed mohla autorka \u0159e\u0161it probl\u00e9m postoje \u0160v\u00e9d\u016f k p\u0159ist\u011bhovalc\u016fm. T\u00e9ma, kter\u00e9 d\u011bj knihy nikterak neposunuje, pr\u00e1v\u011b naopak jej sp\u00ed\u0161 zdr\u017euje.<\/p>\n<p>Obecn\u011b mi tak\u00e9 chyb\u011blo trochu v\u00edc nap\u011bt\u00ed a hlub\u0161\u00ed z\u00e1pletka. To, \u017ee je vrahem zahradn\u00edk, si odvod\u00edte zhruba ve t\u0159etin\u011b knihy a vzhledem k tomu \u017ee po v\u011bt\u0161inu d\u011bje nejsou policist\u00e9 vrahovi v pat\u00e1ch, ne\u010dek\u00e1 v\u00e1s ani p\u0159\u00edli\u0161 vygradovan\u00fdch situac\u00ed.<\/p>\n<p>P\u0159es to v\u0161echno mus\u00edm uznat, \u017ee kniha je naps\u00e1na \u010dtiv\u011b. Dokonce tak \u010dtiv\u011b, \u017ee si k n\u00ed dopoledne sednete a na jeden z\u00e1tah ji m\u00e1te p\u0159e\u010dtenou. Osobn\u011b jsem asi p\u016flku p\u0159e\u010detl ve vlaku a mus\u00edm \u0159\u00edct, \u017ee to byla naprosto ide\u00e1ln\u00ed kratochv\u00edle. Nav\u00edc se od v\u00e1s ne\u010dek\u00e1 \u017e\u00e1dn\u00e9 velk\u00e9 p\u0159em\u00fd\u0161len\u00ed, tak\u017ee u \u010dten\u00ed m\u016f\u017eete vypnout.<\/p>\n<p>Zkr\u00e1tka, <a href=\"http:\/\/neoluxor.cz\/beletrie\/pernikova-chaloupka--194777\/\" target=\"_blank\" rel=\"noopener\">Pern\u00edkovou chaloupku<\/a> m\u016f\u017eu doporu\u010dit komukoliv, kdo hled\u00e1 n\u011bjak\u00e9 nen\u00e1ro\u010dn\u00e9 \u010dten\u00ed na ned\u011bln\u00ed odpoledne, nebo t\u0159eba na dovolenou. A pokud se v\u00e1m kniha zal\u00edb\u00ed, ur\u010dit\u011b v\u00e1s pot\u011b\u0161\u00ed, \u017ee se jedn\u00e1 o prvn\u00ed svazek z p\u011btid\u00edln\u00e9 s\u00e9rie.<\/p>\n<h2>Hodnocen\u00ed: 65%<\/h2>\n<p>Autor: Marek Klos<\/p>\n<p>Foto: Anna-Lena Ahlstr\u00f6m<\/p>\n","protected":false},"excerpt":{"rendered":"<p>Kam se pod\u011bly ty star\u00e9 zlat\u00e9 \u010dasy Ag\u00e1ty Christie, kdy jedna vra\u017eda na knihu byla tak akor\u00e1t? Motivem b\u00fdvala \u017e\u00e1rlivost, nebo majetek, zkr\u00e1tka nebylo pot\u0159eba hledat \u017e\u00e1dn\u00e9 slo\u017eitosti. Nov\u00e1 doba si ov\u0161em \u017e\u00e1d\u00e1 nov\u00fd p\u0159\u00edstup a tak se mi do rukou dostala Pern\u00edkov\u00e1 Chaloupka \u0161v\u00e9dsk\u00e9 autorky Carin Gerhardsenov\u00e9.<\/p>\n","protected":false},"author":2,"featured_media":0,"comment_status":"open","ping_status":"open","sticky":false,"template":"","format":"standard","meta":{"_acf_changed":false,"_monsterinsights_skip_tracking":false,"_monsterinsights_sitenote_active":false,"_monsterinsights_sitenote_note":"","_monsterinsights_sitenote_category":0,"_EventAllDay":false,"_EventTimezone":"","_EventStartDate":"","_EventEndDate":"","_EventStartDateUTC":"","_EventEndDateUTC":"","_EventShowMap":false,"_EventShowMapLink":false,"_EventURL":"","_EventCost":"","_EventCostDescription":"","_EventCurrencySymbol":"","_EventCurrencyCode":"","_EventCurrencyPosition":"","_EventDateTimeSeparator":"","_EventTimeRangeSeparator":"","_EventOrganizerID":[],"_EventVenueID":[],"_OrganizerEmail":"","_OrganizerPhone":"","_OrganizerWebsite":"","_VenueAddress":"","_VenueCity":"","_VenueCountry":"","_VenueProvince":"","_VenueState":"","_VenueZip":"","_VenuePhone":"","_VenueURL":"","_VenueStateProvince":"","_VenueLat":"","_VenueLng":"","_VenueShowMap":false,"_VenueShowMapLink":false,"twitterCardType":"","cardImageID":0,"cardImage":"","cardTitle":"","cardDesc":"","cardImageAlt":"","cardPlayer":"","cardPlayerWidth":0,"cardPlayerHeight":0,"cardPlayerStream":"","cardPlayerCodec":"","footnotes":""},"categories":[7],"tags":[],"class_list":["post-2203","post","type-post","status-publish","format-standard","hentry","category-recenze"],"acf":{"related_products":null},"_links":{"self":[{"href":"https:\/\/www.luxor.cz\/blog\/wp-json\/wp\/v2\/posts\/2203","targetHints":{"allow":["GET"]}}],"collection":[{"href":"https:\/\/www.luxor.cz\/blog\/wp-json\/wp\/v2\/posts"}],"about":[{"href":"https:\/\/www.luxor.cz\/blog\/wp-json\/wp\/v2\/types\/post"}],"author":[{"embeddable":true,"href":"https:\/\/www.luxor.cz\/blog\/wp-json\/wp\/v2\/users\/2"}],"replies":[{"embeddable":true,"href":"https:\/\/www.luxor.cz\/blog\/wp-json\/wp\/v2\/comments?post=2203"}],"version-history":[{"count":0,"href":"https:\/\/www.luxor.cz\/blog\/wp-json\/wp\/v2\/posts\/2203\/revisions"}],"wp:attachment":[{"href":"https:\/\/www.luxor.cz\/blog\/wp-json\/wp\/v2\/media?parent=2203"}],"wp:term":[{"taxonomy":"category","embeddable":true,"href":"https:\/\/www.luxor.cz\/blog\/wp-json\/wp\/v2\/categories?post=2203"},{"taxonomy":"post_tag","embeddable":true,"href":"https:\/\/www.luxor.cz\/blog\/wp-json\/wp\/v2\/tags?post=2203"}],"curies":[{"name":"wp","href":"https:\/\/api.w.org\/{rel}","templated":true}]}}