{"id":2192,"date":"2013-06-09T11:08:00","date_gmt":"2013-06-09T09:08:00","guid":{"rendered":"https:\/\/www.luxor.cz\/blog\/nezarazene\/muj-medved-flora\/"},"modified":"2023-01-06T16:18:38","modified_gmt":"2023-01-06T15:18:38","slug":"muj-medved-flora-220","status":"publish","type":"post","link":"https:\/\/www.luxor.cz\/blog\/recenze\/muj-medved-flora-220\/","title":{"rendered":"M\u016fj medv\u011bd Fl\u00f3ra"},"content":{"rendered":"<\/p>\n<p>Je je\u0161t\u011b opravdu mal\u00e1, tak\u017ee zat\u00edm si z toho \u010dten\u00ed asi moc neodn\u00e1\u0161\u00ed a je tedy nakonec jedno, jestli j\u00ed \u010dtu nahlas poh\u00e1dky nebo Respekt, ale roste jako z vody a za chv\u00edli u\u017e bude t\u0159eba b\u00fdt p\u0159ipraven. Proto jsme na jednom z Fashion market\u016f okukovali produkci nakladatelstv\u00ed Baobab a nakonec koupili kn\u00ed\u017eku Daisy Mr\u00e1zkov\u00e9: <a href=\"http:\/\/neoluxor.cz\/detske\/muj-medved-flora--62864\/\" target=\"_blank\" rel=\"noopener\">M\u016fj medv\u011bd Fl\u00f3ra<\/a>.<\/p>\n<p>Nakladatelstv\u00ed Baobab se specializuje na knihy pro d\u011bti a to zejm\u00e9na zaj\u00edmav\u00e1 ilustrovan\u00e1 d\u00edla, vych\u00e1z\u00ed zde jak p\u0159eklady, tak &#8211; jako v tomto p\u0159\u00edpad\u011b &#8211; nov\u00e1 vyd\u00e1n\u00ed kvalitn\u00edch \u010desk\u00fdch knih. Pan\u00ed Daisy Mr\u00e1zkov\u00e1 je autorkou cel\u00e9 s\u00e9rie velmi zaj\u00edmav\u00fdch knih: <a href=\"http:\/\/neoluxor.cz\/detske\/muj-medved-flora--62864\/\" target=\"_blank\" rel=\"noopener\">M\u016fj medv\u011bd Fl\u00f3ra<\/a> vykl\u00e1d\u00e1 o nalezen\u00e9m ply\u0161ov\u00e9m medv\u00eddkovi, kter\u00fd se stane \u010dlenem rodiny. I kdy\u017e kn\u00ed\u017eka vy\u0161la u\u017e v roce 1973, l\u00edb\u00ed se d\u011btem a dosp\u011bl\u00fdm i po 40 letech. Ilustrace jsou stejn\u011b podstatn\u00e9 jako text, ne-li podstatn\u011bj\u0161\u00ed a p\u0159\u00edb\u011bh ply\u0161\u00e1ka, kter\u00fd najde nov\u00fd domov, je mil\u00fd a nad\u010dasov\u00fd. Petr zahl\u00e9dne pohozen\u00e9ho medv\u00eddka ve sn\u011bhu a vezme jej dom\u016f, umyje a star\u00e1 se o n\u011bj &#8211; dostane kv\u011btovan\u00e9 \u0161aty po panence a tak se z n\u011bj stane Fl\u00f3ra. P\u0159i \u010dten\u00ed jsem vzpom\u00ednal na svoje ply\u0161ov\u00e9 kamar\u00e1dy a t\u011b\u0161il se na to, a\u017e se o ty svoje bude starat moje dcera.\u00a0<\/p>\n<p>Pan\u00ed Mr\u00e1zkov\u00e9 velk\u00fd d\u00edk a hodn\u011b zdrav\u00ed k jej\u00edm devades\u00e1tin\u00e1m. Jsem si jist\u00fd, \u017ee jej\u00ed kn\u00ed\u017eky budou t\u011b\u0161it d\u011bti i rodi\u010de je\u0161t\u011b dlouho!<\/p>\n<\/p>\n<h2>Hodnocen\u00ed: 95 %<\/h2>\n<\/p>\n<p>Autor: Adam Zbiejczuk<\/p>\n<p>Na fotce: Dora Zbiejczuk<\/p>\n","protected":false},"excerpt":{"rendered":"<p>Jedna z m\u00fdch prvn\u00edch vzpom\u00ednek z d\u011btstv\u00ed je ta, \u017ee jsem nem\u011bl r\u00e1d klasick\u00e9 poh\u00e1dky (Erben, N\u011bmcov\u00e1) &#8211; pohrdal jsem jimi, proto\u017ee byly &#8222;pro mr\u0148ata&#8220;. Rad\u011bji jsem listoval atlasy a encyklopediemi, byl jsem prost\u011b p\u0159emoud\u0159el\u00e9 d\u00edt\u011b, kter\u00e9 se je\u0161t\u011b ve \u0161kolce nau\u010dilo v\u0161echny hlavn\u00ed m\u011bsta st\u00e1t\u016f v p\u0159edtu\u0161e budouc\u00ed kari\u00e9ry cestovatele-archeologa. Kdy\u017e se mi te\u010f narodila vlastn\u00ed dcera, musel jsem za\u010d\u00edt znovu \u0159e\u0161it ot\u00e1zku d\u011btsk\u00fdch kn\u00ed\u017eek.<\/p>\n","protected":false},"author":2,"featured_media":0,"comment_status":"open","ping_status":"open","sticky":false,"template":"","format":"standard","meta":{"_acf_changed":false,"_monsterinsights_skip_tracking":false,"_monsterinsights_sitenote_active":false,"_monsterinsights_sitenote_note":"","_monsterinsights_sitenote_category":0,"_EventAllDay":false,"_EventTimezone":"","_EventStartDate":"","_EventEndDate":"","_EventStartDateUTC":"","_EventEndDateUTC":"","_EventShowMap":false,"_EventShowMapLink":false,"_EventURL":"","_EventCost":"","_EventCostDescription":"","_EventCurrencySymbol":"","_EventCurrencyCode":"","_EventCurrencyPosition":"","_EventDateTimeSeparator":"","_EventTimeRangeSeparator":"","_EventOrganizerID":[],"_EventVenueID":[],"_OrganizerEmail":"","_OrganizerPhone":"","_OrganizerWebsite":"","_VenueAddress":"","_VenueCity":"","_VenueCountry":"","_VenueProvince":"","_VenueState":"","_VenueZip":"","_VenuePhone":"","_VenueURL":"","_VenueStateProvince":"","_VenueLat":"","_VenueLng":"","_VenueShowMap":false,"_VenueShowMapLink":false,"twitterCardType":"","cardImageID":0,"cardImage":"","cardTitle":"","cardDesc":"","cardImageAlt":"","cardPlayer":"","cardPlayerWidth":0,"cardPlayerHeight":0,"cardPlayerStream":"","cardPlayerCodec":"","footnotes":""},"categories":[7],"tags":[],"class_list":["post-2192","post","type-post","status-publish","format-standard","hentry","category-recenze"],"acf":{"related_products":null},"_links":{"self":[{"href":"https:\/\/www.luxor.cz\/blog\/wp-json\/wp\/v2\/posts\/2192","targetHints":{"allow":["GET"]}}],"collection":[{"href":"https:\/\/www.luxor.cz\/blog\/wp-json\/wp\/v2\/posts"}],"about":[{"href":"https:\/\/www.luxor.cz\/blog\/wp-json\/wp\/v2\/types\/post"}],"author":[{"embeddable":true,"href":"https:\/\/www.luxor.cz\/blog\/wp-json\/wp\/v2\/users\/2"}],"replies":[{"embeddable":true,"href":"https:\/\/www.luxor.cz\/blog\/wp-json\/wp\/v2\/comments?post=2192"}],"version-history":[{"count":0,"href":"https:\/\/www.luxor.cz\/blog\/wp-json\/wp\/v2\/posts\/2192\/revisions"}],"wp:attachment":[{"href":"https:\/\/www.luxor.cz\/blog\/wp-json\/wp\/v2\/media?parent=2192"}],"wp:term":[{"taxonomy":"category","embeddable":true,"href":"https:\/\/www.luxor.cz\/blog\/wp-json\/wp\/v2\/categories?post=2192"},{"taxonomy":"post_tag","embeddable":true,"href":"https:\/\/www.luxor.cz\/blog\/wp-json\/wp\/v2\/tags?post=2192"}],"curies":[{"name":"wp","href":"https:\/\/api.w.org\/{rel}","templated":true}]}}