{"id":2185,"date":"2013-06-07T12:18:00","date_gmt":"2013-06-07T10:18:00","guid":{"rendered":"https:\/\/www.luxor.cz\/blog\/nezarazene\/sonea-divka-ze-slumu\/"},"modified":"2023-01-06T16:18:38","modified_gmt":"2023-01-06T15:18:38","slug":"sonea-divka-ze-slumu-212","status":"publish","type":"post","link":"https:\/\/www.luxor.cz\/blog\/recenze\/sonea-divka-ze-slumu-212\/","title":{"rendered":"Sonea, d\u00edvka ze slum\u016f"},"content":{"rendered":"<\/p>\n<\/p>\n<p>Sonea je d\u00edvka ze slum\u016f, \u017eije se svou tetou a str\u00fdcem, ob\u010das krade, ob\u010das chod\u00ed, kam nem\u00e1. B\u011bhem ka\u017edoro\u010dn\u00ed O\u010disty (vyh\u00e1n\u011bn\u00ed zlod\u011bj\u016f a zlo\u010dinc\u016f z m\u011bsta) se j\u00ed poda\u0159\u00ed kamenem prohodit ochrannou bari\u00e9ru \u010darod\u011bj\u016f a jednoho z nich zas\u00e1hnout. Sonea i cel\u00e9 spole\u010denstv\u00ed \u010darod\u011bj\u016f je v \u0161oku. Bari\u00e9ru lze prolomit pouze pomoc\u00ed kouzel, tak jak je mo\u017en\u00e9, \u017ee mal\u00e1 oby\u010dejn\u00e1 holka n\u011bco takov\u00e9ho dok\u00e1zala? Sonea se za pomoc\u00ed zlod\u011bj\u016f a p\u0159\u00edtele Ceryho dlouho p\u0159ed Spole\u010denstv\u00edm skr\u00fdv\u00e1 a sna\u017e\u00ed se ovl\u00e1dnout svoji nov\u011b objevenou moc. Neda\u0159\u00ed se. Pot\u00e9, co uvoln\u011bnou energi\u00ed zdemoluje kus m\u011bstsk\u00e9 \u010dtvrti, p\u0159ich\u00e1z\u00ed do Spole\u010denstv\u00ed a je postavena p\u0159ed volbu: U\u010dit se na univerzit\u011b a pozd\u011bji se p\u0159idat k tolik nen\u00e1viden\u00fdm m\u00e1g\u016fm a mo\u017en\u00e1 i zbyte\u010dn\u00e9 O\u010dist\u011b, nebo nechat svou moc sv\u00e1zat a vr\u00e1tit se znovu jako oby\u010dejn\u00e1 d\u00edvka do slum\u016f?\u00a0<\/p>\n<p>Asi tu\u0161\u00edte, jak to dopadne. V dal\u0161\u00edch knih\u00e1ch pak Sonea za\u017e\u00edv\u00e1 jedno tr\u00e1pen\u00ed za druh\u00fdm. Mus\u00ed kv\u016fli bezpe\u010d\u00ed sebe a sv\u00fdch bl\u00edzk\u00fdch odm\u00edtnout ne\u010dekan\u011b nalezenou l\u00e1sku, podporu sv\u00e9ho poru\u010dn\u00edka, ob\u010das se nechat \u0161ikanovat a dr\u017eet jazyk za zuby. Z\u00e1v\u011bre\u010dn\u00fd d\u00edl trilogie je pak opravdov\u00fdm vrcholem a skv\u011ble v\u00e1s nalad\u00ed na dal\u0161\u00ed knihy, kter\u00e9 nakladatelstv\u00ed Zoner Press vyd\u00e1v\u00e1 (Trilogie Zr\u00e1dky\u0148).<\/p>\n<p>Prvn\u00ed dv\u011b knihy byly p\u0159\u00edjemn\u00e9. Pohodov\u00e9 fantasy \u010dten\u00ed, pom\u011brn\u011b pomal\u00fd d\u011bj a p\u0159edv\u00eddateln\u00e1 z\u00e1pletka. Ur\u010dit\u011b ne\u010dekejte \u017e\u00e1dn\u00fd krv\u00e1k, v\u0161e se to\u010d\u00ed kolem intrik, politiky, konvenc\u00ed, pom\u011brn\u011b &#8222;ne\u0161kodn\u00e9&#8220; magie. Zaj\u00edmav\u00e9 je vykreslen\u00ed prost\u0159ed\u00ed &#8211; univerzita, syst\u00e9m zlod\u011bjsk\u00fdch stezek, slumy, plavba po mo\u0159i atd. Naopak t\u0159et\u00ed d\u00edl v\u00e1s nenech\u00e1 sp\u00e1t. Jako by p\u0159edchoz\u00ed dva p\u0159ipravovaly p\u016fdu pro velk\u00e9 fin\u00e1le. Krom\u011b Soney se st\u0159edobodem p\u0159\u00edb\u011bhu st\u00e1v\u00e1 nejvy\u0161\u0161\u00ed lord Akkarin, ve h\u0159e je boj o p\u0159e\u017eit\u00ed cel\u00e9ho Spole\u010denstv\u00ed a konec je&#8230; no, ne\u010dekan\u00fd, tak trochu.\u00a0<\/p>\n<p>Soneu si obl\u00edb\u00edte, velice zaj\u00edmav\u00fdm v\u00fdvojem proch\u00e1z\u00ed Akkarin a je ur\u010dit\u011b nejatraktivn\u011bj\u0161\u00edm hrdinou cel\u00e9ho p\u0159\u00edb\u011bhu. Ostatn\u00ed postavy jsou trochu plytk\u00e9, ale nevad\u00ed to. I p\u0159esto, \u017ee se d\u011bj vyv\u00edj\u00ed pomalu, ur\u010dit\u011b si \u010dten\u00ed u\u017eijete. Jazyk je tak\u00e9 trochu jednodu\u0161\u0161\u00ed a p\u0159izp\u016fsoben\u00fd sp\u00ed\u0161e dosp\u00edvaj\u00edc\u00edm \u010dten\u00e1\u0159k\u00e1m, ale i star\u0161\u00ed ro\u010dn\u00edky ho str\u00e1v\u00ed, mo\u017en\u00e1 se jen ob\u010das nad n\u011b\u010d\u00edm pozastav\u00edte.<\/p>\n<\/p>\n<p>Po do\u010dten\u00ed knih mi bylo l\u00edto, \u017ee se mi nedostaly do rukou d\u0159\u00edv, nejl\u00e9pe chv\u00edli po tom, co jsem dokon\u010dila s\u00e9rii o Harrym Potterovi. D\u00edky mnoh\u00fdm paralel\u00e1m by to byla skv\u011bl\u00e1 pokra\u010duj\u00edc\u00ed \u010detba. Trudi Canavan prost\u011b um\u00ed napsat p\u0159\u00edb\u011bh, kter\u00fd si obl\u00edb\u00edte. Proto si kn\u00ed\u017eky p\u0159e\u010dt\u011bte, nezklamou v\u00e1s! Nakladatelstv\u00ed Zoner Press d\u00e1v\u00e1m plusov\u00e9 body za nov\u00e9 vyd\u00e1n\u00ed se skv\u011bl\u00fdmi ob\u00e1lkami. Mus\u00edm \u0159\u00edct, \u017ee jsem kolem p\u016fvodn\u00edch ob\u00e1lek proch\u00e1zela v knihkupectv\u00ed docela \u010dasto a ani jednou m\u011b nenapadlo prozkoumat je bl\u00ed\u017ee. Te\u010f je nem\u016f\u017eete minout.<\/p>\n<\/p>\n<h2>Hodnocen\u00ed: 85 %<\/h2>\n<\/p>\n<p>Autorka: Olga Biern\u00e1tov\u00e1<\/p>\n<p>Zdroj obr\u00e1zku: Cearafinn.deviantart.com<\/p>\n<\/p>\n<h2>Sout\u011b\u017e o Trilogii o \u010dern\u00e9m m\u00e1govi<\/h2>\n<\/p>\n<p>Odpov\u011bzte do st\u0159edy 12. \u010dervna na sout\u011b\u017en\u00ed ot\u00e1zku a vyhrajte nov\u00e9 vyd\u00e1n\u00ed v\u0161ech knih z Trilogie o \u010dern\u00e9m m\u00e1govi.<\/p>\n","protected":false},"excerpt":{"rendered":"<p>Na Filipojakubskou noc jsme se v\u00e1s na Facebooku ptali, jak\u00e1 je va\u0161e nejobl\u00edben\u011bj\u0161\u00ed kn\u00ed\u017eka s tematikou \u010darod\u011bjnictv\u00ed. Knihy Trudi Canavan jednozna\u010dn\u011b vedly. Nal\u00e1kalo m\u011b to natolik, \u017ee jsem si hned po\u0159\u00eddila Trilogii o \u010dern\u00e9m m\u00e1govi a p\u00e1r ve\u010der\u016f nevylezla z postele p\u0159ikovan\u00e1 ke kn\u00ed\u017ek\u00e1m.<\/p>\n","protected":false},"author":2,"featured_media":0,"comment_status":"open","ping_status":"open","sticky":false,"template":"","format":"standard","meta":{"_acf_changed":false,"_monsterinsights_skip_tracking":false,"_monsterinsights_sitenote_active":false,"_monsterinsights_sitenote_note":"","_monsterinsights_sitenote_category":0,"_EventAllDay":false,"_EventTimezone":"","_EventStartDate":"","_EventEndDate":"","_EventStartDateUTC":"","_EventEndDateUTC":"","_EventShowMap":false,"_EventShowMapLink":false,"_EventURL":"","_EventCost":"","_EventCostDescription":"","_EventCurrencySymbol":"","_EventCurrencyCode":"","_EventCurrencyPosition":"","_EventDateTimeSeparator":"","_EventTimeRangeSeparator":"","_EventOrganizerID":[],"_EventVenueID":[],"_OrganizerEmail":"","_OrganizerPhone":"","_OrganizerWebsite":"","_VenueAddress":"","_VenueCity":"","_VenueCountry":"","_VenueProvince":"","_VenueState":"","_VenueZip":"","_VenuePhone":"","_VenueURL":"","_VenueStateProvince":"","_VenueLat":"","_VenueLng":"","_VenueShowMap":false,"_VenueShowMapLink":false,"twitterCardType":"","cardImageID":0,"cardImage":"","cardTitle":"","cardDesc":"","cardImageAlt":"","cardPlayer":"","cardPlayerWidth":0,"cardPlayerHeight":0,"cardPlayerStream":"","cardPlayerCodec":"","footnotes":""},"categories":[7],"tags":[],"class_list":["post-2185","post","type-post","status-publish","format-standard","hentry","category-recenze"],"acf":{"related_products":null},"_links":{"self":[{"href":"https:\/\/www.luxor.cz\/blog\/wp-json\/wp\/v2\/posts\/2185","targetHints":{"allow":["GET"]}}],"collection":[{"href":"https:\/\/www.luxor.cz\/blog\/wp-json\/wp\/v2\/posts"}],"about":[{"href":"https:\/\/www.luxor.cz\/blog\/wp-json\/wp\/v2\/types\/post"}],"author":[{"embeddable":true,"href":"https:\/\/www.luxor.cz\/blog\/wp-json\/wp\/v2\/users\/2"}],"replies":[{"embeddable":true,"href":"https:\/\/www.luxor.cz\/blog\/wp-json\/wp\/v2\/comments?post=2185"}],"version-history":[{"count":0,"href":"https:\/\/www.luxor.cz\/blog\/wp-json\/wp\/v2\/posts\/2185\/revisions"}],"wp:attachment":[{"href":"https:\/\/www.luxor.cz\/blog\/wp-json\/wp\/v2\/media?parent=2185"}],"wp:term":[{"taxonomy":"category","embeddable":true,"href":"https:\/\/www.luxor.cz\/blog\/wp-json\/wp\/v2\/categories?post=2185"},{"taxonomy":"post_tag","embeddable":true,"href":"https:\/\/www.luxor.cz\/blog\/wp-json\/wp\/v2\/tags?post=2185"}],"curies":[{"name":"wp","href":"https:\/\/api.w.org\/{rel}","templated":true}]}}