{"id":2181,"date":"2013-06-03T18:13:00","date_gmt":"2013-06-03T16:13:00","guid":{"rendered":"https:\/\/www.luxor.cz\/blog\/nezarazene\/kdyz-matcina-laska-zabije-lasku-ditete\/"},"modified":"2023-01-06T16:18:39","modified_gmt":"2023-01-06T15:18:39","slug":"kdyz-matcina-laska-zabije-lasku-ditete-208","status":"publish","type":"post","link":"https:\/\/www.luxor.cz\/blog\/recenze\/kdyz-matcina-laska-zabije-lasku-ditete-208\/","title":{"rendered":"Kdy\u017e mat\u010dina l\u00e1ska zabije l\u00e1sku d\u00edt\u011bte"},"content":{"rendered":"<\/p>\n<\/p>\n<p>Z\u00e1sadn\u00ed zm\u011bnu \u010dten\u00e1\u0159 zaznamen\u00e1 v\u00a0roli vyprav\u011b\u010de,  j\u00edm\u017e je z\u00e1rove\u0148 hlavn\u00ed hrdinka p\u0159\u00edb\u011bhu, Slovenka Zuzana Laukov\u00e1. Ta se na konci  v\u00e1lky i p\u0159es protesty matky sch\u00e1z\u00ed s\u00a0rusk\u00fdm partyz\u00e1nem Alexejem, kter\u00e9ho jednou  p\u0159i odchodu od n\u00ed zast\u0159el\u00ed N\u011bmci. Po v\u00e1lce je Zuzana k\u0159iv\u011b obvin\u011bna  z\u00a0ud\u00e1n\u00ed sv\u00e9ho milence, s\u00a0n\u00edm\u017e \u010dek\u00e1 d\u00edt\u011b a je p\u0159esv\u011bd\u010dena, \u017ee se jedn\u00e1  jen o jedno velk\u00e9 nedorozum\u011bn\u00ed. Kdy\u017e je v\u0161ak odvle\u010dena do sov\u011btsk\u00e9ho gulagu,  spoluv\u011bze\u0148kyn\u011b a p\u0159edev\u0161\u00edm velitelka t\u00e1bora Irina j\u00ed daj\u00ed velice rychle najevo,  \u017ee ona si v\u011bzen\u00ed zaslou\u017e\u00ed v\u00edc ne\u017e kdejak\u00e1 vra\u017eedkyn\u011b. Irininu nen\u00e1vist je\u0161t\u011b  pos\u00edl\u00ed doktorovy p\u0159\u00edkazy, podle nich\u017e se mus\u00ed Zuzana kv\u016fli t\u011bhotenstv\u00ed \u0161et\u0159it. <\/p>\n<p>Ve stra\u0161n\u00fdch podm\u00ednk\u00e1ch porod\u00ed syna, kter\u00e9ho kv\u016fli  neust\u00e1l\u00e9mu pl\u00e1\u010di spoluv\u011bze\u0148kyn\u011b za\u010dnou nen\u00e1vid\u011bt, a Zuzana se smi\u0159uje  s\u00a0my\u0161lenkou, \u017ee d\u00edt\u011b m\u016f\u017ee zem\u0159\u00edt hlady stejn\u011b jako rukou n\u011bkter\u00e9  z\u00a0nich. A pokud p\u0159ece jen p\u0159e\u017eije, brzy j\u00ed ho odeberou. Nab\u00eddka Iriny, \u017ee  se chlapce ujme, pokud se ho Zuzana vzd\u00e1, ji \u0161okuje, av\u0161ak zd\u00e1 se jako jedin\u00e9  mo\u017en\u00e9 v\u00fdchodisko. Co se ale stane, kdy\u017e si chlapec n\u00e1hradn\u00ed matku zamiluje a po  Zuzanin\u011b propu\u0161t\u011bn\u00ed je sov\u011btsk\u00fdm ob\u010danem, kter\u00fd s\u00a0n\u00ed zemi nesm\u00ed a ani  nechce opustit? <\/p>\n<p><\/p>\n<p>Rankov si ve sv\u00e9m rom\u00e1nu ukrojil velk\u00e9 sousto, kter\u00fdm  se v\u0161ak nezadusil, ale spolu se \u010dten\u00e1\u0159em si ho opravdu vychutnal. Vypr\u00e1v\u011bn\u00edm  Zuzanina p\u0159\u00edb\u011bhu uk\u00e1zal svoji schopnost vc\u00edtit se do my\u0161len\u00ed \u017eeny tak, \u017ee se a\u017e  nechce v\u011b\u0159it, \u017ee to opravdu napsal mu\u017e. Vyh\u00fdb\u00e1 se mo\u017en\u00fdm kli\u0161\u00e9, naopak dok\u00e1\u017ee v\u0161e  podat st\u0159\u00eddm\u011b a bez zbyte\u010dn\u00fdch kli\u010dek. <\/p>\n<p>Hlavn\u00ed linii nav\u00edc dopl\u0148uje p\u0159\u00edb\u011bhem ze sou\u010dasnosti,  v\u00a0n\u011bm\u017e se t\u011bhotn\u00e1 studentka Lucia ve sv\u00e9 diplomov\u00e9 pr\u00e1ci zab\u00fdv\u00e1 mate\u0159stv\u00edm  v\u00a0mezn\u00edch situac\u00edch, a zdrojem jej\u00edch informac\u00ed jsou rozhovory se  sta\u0159i\u010dkou Zuzanou. Propojen\u00edm obou postav se autorovi poda\u0159ilo tak\u00e9 zobecnit  vztahy matek a d\u011bt\u00ed. V\u00a0p\u0159\u00edpad\u011b Zuzany p\u0159edev\u0161\u00edm v\u00a0ot\u00e1zce vz\u00e1jemn\u00e9  zrady s\u00a0matkou a odcizen\u00ed se synem, u Lucie v\u00a0jist\u00e9m odboji v\u016f\u010di  matce prost\u0159ednictv\u00edm je\u0161t\u011b nenarozen\u00e9ho d\u00edt\u011bte. <\/p>\n<p>Rom\u00e1n nen\u00ed oddychov\u00fdm ani vesel\u00fdm \u010dten\u00edm, ale je  v\u00fdborn\u00fdm pohledem do du\u0161\u00ed matek, kter\u00e9 n\u011bkdy \u017eivotn\u00ed situace m\u016f\u017ee dohnat a\u017e  k\u00a0nen\u00e1visti, jej\u00ed\u017e n\u00e1sledky se nemus\u00ed u\u017e nikdy poda\u0159it zachr\u00e1nit. Matky  jsou rom\u00e1nem v\u00a0kulis\u00e1ch hr\u016fz pov\u00e1le\u010dn\u00e9 Evropy, v\u00a0nich\u017e v\u0161ak historie  sv\u011bta a zem\u011b nehraje takovou roli, jako historie rodiny a jej\u00edch osud\u016f. <\/p>\n<p>Rom\u00e1n <a href=\"http:\/\/neoluxor.cz\/beletrie\/matky--191752\/\" target=\"_blank\" rel=\"noopener\">Matky<\/a> vydalo nakladatelstv\u00ed Host v\u00a0p\u0159ekladu Jany Faschingbauerov\u00e9. <\/p>\n<\/p>\n<h2>Hodnocen\u00ed: 90 %<\/h2>\n<\/p>\n<p>Autorka:\u00a0Gabriela Manov\u00e1<\/p>\n","protected":false},"excerpt":{"rendered":"<p>Slovensk\u00fd prozaik Pavol Rankov zaujal v \u010desk\u00e9m p\u0159ekladu ji\u017e p\u0159ed t\u0159emi lety p\u0159\u00edb\u011bhem o t\u0159ech kamar\u00e1dech a jedn\u00e9 l\u00e1sce v rom\u00e1nu Stalo se prvn\u00edho z\u00e1\u0159\u00ed. Knihou Matky se sice vrac\u00ed do stejn\u00e9ho obdob\u00ed, av\u0161ak v jin\u00fdch souvislostech a kulis\u00e1ch.<\/p>\n","protected":false},"author":2,"featured_media":0,"comment_status":"open","ping_status":"open","sticky":false,"template":"","format":"standard","meta":{"_acf_changed":false,"_monsterinsights_skip_tracking":false,"_monsterinsights_sitenote_active":false,"_monsterinsights_sitenote_note":"","_monsterinsights_sitenote_category":0,"_EventAllDay":false,"_EventTimezone":"","_EventStartDate":"","_EventEndDate":"","_EventStartDateUTC":"","_EventEndDateUTC":"","_EventShowMap":false,"_EventShowMapLink":false,"_EventURL":"","_EventCost":"","_EventCostDescription":"","_EventCurrencySymbol":"","_EventCurrencyCode":"","_EventCurrencyPosition":"","_EventDateTimeSeparator":"","_EventTimeRangeSeparator":"","_EventOrganizerID":[],"_EventVenueID":[],"_OrganizerEmail":"","_OrganizerPhone":"","_OrganizerWebsite":"","_VenueAddress":"","_VenueCity":"","_VenueCountry":"","_VenueProvince":"","_VenueState":"","_VenueZip":"","_VenuePhone":"","_VenueURL":"","_VenueStateProvince":"","_VenueLat":"","_VenueLng":"","_VenueShowMap":false,"_VenueShowMapLink":false,"twitterCardType":"","cardImageID":0,"cardImage":"","cardTitle":"","cardDesc":"","cardImageAlt":"","cardPlayer":"","cardPlayerWidth":0,"cardPlayerHeight":0,"cardPlayerStream":"","cardPlayerCodec":"","footnotes":""},"categories":[7],"tags":[],"class_list":["post-2181","post","type-post","status-publish","format-standard","hentry","category-recenze"],"acf":{"related_products":null},"_links":{"self":[{"href":"https:\/\/www.luxor.cz\/blog\/wp-json\/wp\/v2\/posts\/2181","targetHints":{"allow":["GET"]}}],"collection":[{"href":"https:\/\/www.luxor.cz\/blog\/wp-json\/wp\/v2\/posts"}],"about":[{"href":"https:\/\/www.luxor.cz\/blog\/wp-json\/wp\/v2\/types\/post"}],"author":[{"embeddable":true,"href":"https:\/\/www.luxor.cz\/blog\/wp-json\/wp\/v2\/users\/2"}],"replies":[{"embeddable":true,"href":"https:\/\/www.luxor.cz\/blog\/wp-json\/wp\/v2\/comments?post=2181"}],"version-history":[{"count":0,"href":"https:\/\/www.luxor.cz\/blog\/wp-json\/wp\/v2\/posts\/2181\/revisions"}],"wp:attachment":[{"href":"https:\/\/www.luxor.cz\/blog\/wp-json\/wp\/v2\/media?parent=2181"}],"wp:term":[{"taxonomy":"category","embeddable":true,"href":"https:\/\/www.luxor.cz\/blog\/wp-json\/wp\/v2\/categories?post=2181"},{"taxonomy":"post_tag","embeddable":true,"href":"https:\/\/www.luxor.cz\/blog\/wp-json\/wp\/v2\/tags?post=2181"}],"curies":[{"name":"wp","href":"https:\/\/api.w.org\/{rel}","templated":true}]}}