{"id":2168,"date":"2013-05-31T11:41:00","date_gmt":"2013-05-31T09:41:00","guid":{"rendered":"https:\/\/www.luxor.cz\/blog\/nezarazene\/oda-na-cikanstvi\/"},"modified":"2023-01-06T16:18:47","modified_gmt":"2023-01-06T15:18:47","slug":"oda-na-cikanstvi-205","status":"publish","type":"post","link":"https:\/\/www.luxor.cz\/blog\/recenze\/oda-na-cikanstvi-205\/","title":{"rendered":"\u00d3da na cik\u00e1nstv\u00ed"},"content":{"rendered":"<\/p>\n<p><span><\/span><\/p>\n<\/p>\n<p><span>Rom\u00e1n vypr\u00e1v\u00ed pom\u011brn\u011b p\u0159\u00edmo\u010dar\u00fd p\u0159\u00edb\u011bh cik\u00e1na Gabriela, kter\u00fd se \u201esv\u00fdmi lidmi\u201c mus\u00ed opustit m\u00edsta, kde se narodil a vyrostl, a hledat ob\u017eivu jinde. Na n\u011bjak\u00fd \u010das se spolu s dal\u0161\u00edmi p\u0159\u00edbuzn\u00fdmi usad\u00ed ve V\u00eddni, kde se zrovna stav\u00ed \u017eeleznice, a vzhledem k tomu, \u017ee cik\u00e1ni maj\u00ed kon\u011b a um\u011bj\u00ed to s nimi, tu snadno najdou pr\u00e1ci. Nakonec tu Gabriel dokonce potk\u00e1 i p\u016fvabnou slu\u017eebnou Apolenu, kter\u00e1 mu jako prvn\u00ed \u017eena \u201ezavon\u00ed\u201c (po meru\u0148k\u00e1ch, jak to m\u00e1 r\u00e1d), a tak se s n\u00ed odst\u011bhuje na jej\u00ed rodnou Moravu. Nejen \u017ee se mus\u00ed postavit vlastn\u00edmu rodu, kter\u00fd s\u0148atek s b\u00edlou d\u00edvkou neschvaluje, ale tak\u0159ka na ka\u017ed\u00e9m kroku se pochopiteln\u011b setk\u00e1v\u00e1 s p\u0159edsudky, ned\u016fv\u011brou a odm\u00edtav\u00fdm postojem.<\/span><\/p>\n<p><span><br \/><\/span><\/p>\n<p>Sta\u010d\u00ed letm\u00fd pohled na prvn\u00ed str\u00e1nky a \u010dten\u00e1\u0159i je jasn\u00e9, o co se autorka sna\u017e\u00ed. Tenhle \u201ekr\u00e1sn\u00fd snov\u00fd p\u0159\u00edb\u011bh\u201c, jak se kniha prezentuje v ofici\u00e1ln\u00edch materi\u00e1lech, je vlastn\u011b pokusem o novodob\u00fd cik\u00e1nsk\u00fd m\u00fdtus prodchnut\u00fd lidovou moudrost\u00ed, m\u00fdtus, v n\u011bm\u017e \u010dist\u00ed, civilizac\u00ed nezka\u017een\u00ed lid\u00e9 \u017eij\u00ed v t\u011bsn\u00e9m sepjet\u00ed s p\u0159\u00edrodou a \u0159\u00edd\u00ed se vesm\u00edrn\u00fdmi z\u00e1kony a t\u00edm, co jim rad\u00ed jejich vlastn\u00ed vnit\u0159nosti.<\/p>\n<p>Ve snaze o poeti\u010dnost a tajemno ale autorka bohu\u017eel \u010dasto klou\u017ee po povrchu a text protkala spoustou v\u011bt\u0161\u00edch \u010di men\u0161\u00edch kli\u0161\u00e9:<i> Svalil jsem se na kavalec slabost\u00ed, kter\u00e1 m\u011b zakryla milosrdnou pe\u0159inou sp\u00e1nku.<\/i> (s. 133) nebo<i> Von\u00ed jako divok\u00e1 zv\u00ed\u0159ata, pi\u017emem, kter\u00e9 bou\u0159\u00ed krev, a jejich copy jsou \u010dern\u00e9 jako k\u0159\u00eddla havran\u016f, jen n\u011bkter\u00e9 maj\u00ed barvu list\u016f spadan\u00fdch na podzim.<\/i> (s. 76) a stylistick\u00fdch neobratnost\u00ed (nap\u0159. p\u0159\u00edli\u0161 \u010dast\u00e1, by\u0165 z\u00e1m\u011brn\u00e1 slovosledn\u00e1 inverze). P\u0159\u00edjemn\u00fdm osv\u011b\u017een\u00edm je v tomto sm\u011bru naopak \u0159e\u010d n\u011bkter\u00fdch postav, je\u017e mluv\u00ed v\u00fdrazn\u00fdm moravsk\u00fdm n\u00e1\u0159e\u010d\u00edm.<\/p>\n<p> Vyprav\u011b\u010d Gabriel, kter\u00e9mu p\u0159\u00edb\u011bh d\u00e1v\u00e1 potenci\u00e1l b\u00fdt docela zaj\u00edmav\u00fdm romantick\u00fdm hrdinou, je z v\u011bt\u0161\u00ed \u010d\u00e1sti pr\u00e1v\u011b jen vyprav\u011b\u010dem, prost\u0159edn\u00edkem vy\u0161\u0161\u00edch z\u00e1kon\u016f a zt\u011blesn\u011bn\u00edm cik\u00e1nsk\u00e9ho zp\u016fsobu \u017eivota \u2013 jakkoli s\u00e1m prohla\u0161uje, \u017ee je jin\u00fd, a dokonce to zd\u00e1nliv\u011b dokazuje sv\u00fdm s\u0148atkem.<\/p>\n<p>Text je obt\u011b\u017ek\u00e1n tlustou vrstvou patosu \u2013 jako by se vyprav\u011b\u010d b\u00e1l, \u017ee se mu jeho m\u00fdtus zhrout\u00ed, \u017ee bude p\u016fsobit p\u0159\u00edli\u0161 oby\u010dejn\u011b. A je to \u0161koda. Autorka se rozhodla nov\u011b pojmout velmi zaj\u00edmav\u00e9 t\u00e9ma a rom\u00e1n, kter\u00fd ukazuje velkou m\u00edru empatie a hlubok\u00fd vhled, z\u0159ejm\u011b podlo\u017eila poctiv\u00fdmi re\u0161er\u0161emi (jak ukazuje mimo jin\u00e9 pou\u010den\u00fd doslov Jany Horv\u00e1thov\u00e9). Na skepti\u010dt\u011bj\u0161\u00edho \u010dten\u00e1\u0159e m\u016f\u017ee text p\u016fsobit zbyte\u010dn\u011b idealizovan\u011b, a\u017e poh\u00e1dkov\u011b. J\u00e1 s\u00e1m bych tedy uv\u00edtal trochu v\u00edc civilnosti, je\u017e se, nutno dodat, zhruba od poloviny, kdy se d\u011bj trochu zrychluje, sama dere na povrch. Pokud ale pat\u0159\u00edte k t\u011bm, kte\u0159\u00ed se r\u00e1di nechaj\u00ed un\u00e9st na vln\u011b l\u00edbiv\u011b poetick\u00e9ho vypr\u00e1v\u011bn\u00ed, nem\u016f\u017eu ne\u017e kn\u00ed\u017eku doporu\u010dit.<\/p>\n<p><a href=\"http:\/\/www.katerinadubska.cz\/clovek-gabriel\" target=\"_blank\" rel=\"noopener\">Koment\u00e1\u0159 autorky ke knize<\/a><\/p>\n<\/p>\n<h2>Hodnocen\u00ed: 60%<\/h2>\n<\/p>\n<p>Autor: Petr Eli\u00e1\u0161<\/p>\n<\/p>\n<p >\u00a0Ozval se n\u00e1m n\u00e1\u0161 \u010dten\u00e1\u0159 pan Ladislav Sk\u00e1cel, kter\u00fd s touto recenz\u00ed nesouhlasil. Rozhodli jsme se d\u00e1t prostor jeho odli\u0161n\u00e9mu n\u00e1zoru.<\/p>\n<p><i>P\u0159ekr\u00e1sn\u011b poetick\u00e1 a\u017e poh\u00e1dkov\u00e1 kniha, kter\u00e1 mi dala v tomto  na\u0161em p\u0159etechnizovan\u00e9m, usp\u011bchan\u00e9m, individualistick\u00e9m a neosobn\u00edm sv\u011bt\u011b op\u011bt  nadechnout, zastavit se a p\u0159ivon\u011bt si z kr\u00e1sy romantick\u00e9ho p\u0159\u00edb\u011bhu osudu  \u010dlov\u011bka Gabriela. Op\u011bt jsem si uv\u011bdomil s\u00edlu jednoduchosti a p\u0159\u00edmo\u010darosti  \u010dist\u00e9ho jedn\u00e1n\u00ed a ocenil pojet\u00ed souboje dobra se zlem. Zvl\u00e1\u0161\u0165 se mi l\u00edbila  autor\u010dina snaha o zapojen\u00ed moravsk\u00e9ho n\u00e1\u0159e\u010d\u00ed z oblasti, kterou velmi dob\u0159e zn\u00e1.<\/i><\/p>\n<p><i>Knihu jsem p\u0159e\u010detl t\u00e9m\u011b\u0159 na jeden z\u00e1tah, nemohl jsem se od  p\u0159\u00edb\u011bhu Gabriela s jeho nadp\u0159irozen\u00fdmi schopnostmi\u00a0 a neskute\u010dn\u00fdm osudem odtrhnout. Kr\u00e1sn\u00fd p\u0159\u00edb\u011bh  lid\u00ed od \u0159eky, protkan\u00fd l\u00e1skou ke kon\u00edm a okoln\u00ed p\u0159\u00edrod\u011b, soudr\u017enost\u00ed a vnit\u0159n\u00edm  propojen\u00edm se svou rodinou i na d\u00e1lku.\u00a0  Naposledy jsem byl p\u0159i \u010dten\u00ed knihy takto dojat p\u0159ed lety u rom\u00e1nu Louise  de Berni\u00e8rese Mandolina kapit\u00e1na Coreliho.V\u0159ele doporu\u010duji.<\/i><\/p>\n<p><b>PhDr. Ladislav Sk\u00e1cal<\/b><\/p>\n<p><\/p>\n","protected":false},"excerpt":{"rendered":"<p>Kate\u0159ina Dubsk\u00e1 se se sv\u00fdm debutem \u010clov\u011bk Gabriel \u0159ad\u00ed do neust\u00e1le se prodlu\u017euj\u00edc\u00edho z\u00e1stupu sou\u010dasn\u00fdch \u010desk\u00fdch autor\u016f, kte\u0159\u00ed hledaj\u00ed t\u00e9mata v relativn\u011b ned\u00e1vn\u00e9 minulosti. Vy\u010dn\u00edv\u00e1 ale mezi nimi n\u011bjak?<\/p>\n","protected":false},"author":2,"featured_media":0,"comment_status":"open","ping_status":"open","sticky":false,"template":"","format":"standard","meta":{"_acf_changed":false,"_monsterinsights_skip_tracking":false,"_monsterinsights_sitenote_active":false,"_monsterinsights_sitenote_note":"","_monsterinsights_sitenote_category":0,"_EventAllDay":false,"_EventTimezone":"","_EventStartDate":"","_EventEndDate":"","_EventStartDateUTC":"","_EventEndDateUTC":"","_EventShowMap":false,"_EventShowMapLink":false,"_EventURL":"","_EventCost":"","_EventCostDescription":"","_EventCurrencySymbol":"","_EventCurrencyCode":"","_EventCurrencyPosition":"","_EventDateTimeSeparator":"","_EventTimeRangeSeparator":"","_EventOrganizerID":[],"_EventVenueID":[],"_OrganizerEmail":"","_OrganizerPhone":"","_OrganizerWebsite":"","_VenueAddress":"","_VenueCity":"","_VenueCountry":"","_VenueProvince":"","_VenueState":"","_VenueZip":"","_VenuePhone":"","_VenueURL":"","_VenueStateProvince":"","_VenueLat":"","_VenueLng":"","_VenueShowMap":false,"_VenueShowMapLink":false,"twitterCardType":"","cardImageID":0,"cardImage":"","cardTitle":"","cardDesc":"","cardImageAlt":"","cardPlayer":"","cardPlayerWidth":0,"cardPlayerHeight":0,"cardPlayerStream":"","cardPlayerCodec":"","footnotes":""},"categories":[7],"tags":[],"class_list":["post-2168","post","type-post","status-publish","format-standard","hentry","category-recenze"],"acf":{"related_products":null},"_links":{"self":[{"href":"https:\/\/www.luxor.cz\/blog\/wp-json\/wp\/v2\/posts\/2168","targetHints":{"allow":["GET"]}}],"collection":[{"href":"https:\/\/www.luxor.cz\/blog\/wp-json\/wp\/v2\/posts"}],"about":[{"href":"https:\/\/www.luxor.cz\/blog\/wp-json\/wp\/v2\/types\/post"}],"author":[{"embeddable":true,"href":"https:\/\/www.luxor.cz\/blog\/wp-json\/wp\/v2\/users\/2"}],"replies":[{"embeddable":true,"href":"https:\/\/www.luxor.cz\/blog\/wp-json\/wp\/v2\/comments?post=2168"}],"version-history":[{"count":0,"href":"https:\/\/www.luxor.cz\/blog\/wp-json\/wp\/v2\/posts\/2168\/revisions"}],"wp:attachment":[{"href":"https:\/\/www.luxor.cz\/blog\/wp-json\/wp\/v2\/media?parent=2168"}],"wp:term":[{"taxonomy":"category","embeddable":true,"href":"https:\/\/www.luxor.cz\/blog\/wp-json\/wp\/v2\/categories?post=2168"},{"taxonomy":"post_tag","embeddable":true,"href":"https:\/\/www.luxor.cz\/blog\/wp-json\/wp\/v2\/tags?post=2168"}],"curies":[{"name":"wp","href":"https:\/\/api.w.org\/{rel}","templated":true}]}}