{"id":2160,"date":"2013-05-22T12:25:00","date_gmt":"2013-05-22T10:25:00","guid":{"rendered":"https:\/\/www.luxor.cz\/blog\/nezarazene\/hypnotizer-kniha-film\/"},"modified":"2023-01-06T16:18:47","modified_gmt":"2023-01-06T15:18:47","slug":"hypnotizer-kniha-film-196","status":"publish","type":"post","link":"https:\/\/www.luxor.cz\/blog\/recenze\/hypnotizer-kniha-film-196\/","title":{"rendered":"Hypnotiz\u00e9r kniha \u00d7 film"},"content":{"rendered":"<\/p>\n<\/p>\n<p>Rom\u00e1n je pomerne obsiahly, m\u00e1 544 str\u00e1n. Na tomto priestore sa odohr\u00e1vaj\u00fa a prel\u00ednaj\u00fa dve hlavn\u00e9 dejov\u00e9 l\u00ednie. Vy\u0161etrovanie be\u0161tialnej vra\u017edy (skoro) celej rodiny Ekov\u00fdch za\u0165at\u00fdm komis\u00e1rom Joona Linnom a \u00fanos Benjam\u00edna, syna terapeuta a hypnotiz\u00e9ra Erika Maria Barka. Pomaly a usilovne je tu budovan\u00e1 hutn\u00e1, melancholick\u00e1 atmosf\u00e9ra. Ka\u017ed\u00fd tu m\u00e1 svoje bolesti a obavy, s ktor\u00fdmi sa sna\u017e\u00ed \u017ei\u0165. Postavy s\u00fa deprimovan\u00e9, znepokojen\u00e9, no i fatalistick\u00e9. Nazrieme do du\u0161\u00ed t\u00fdran\u00fdch i t\u00fdraj\u00facich, ktor\u00fdm sa Bark sna\u017e\u00ed pom\u00f4c\u0165 zbavi\u0165 sa vn\u00fatorn\u00fdch hr\u00f4z. Autori sa usilovali pokry\u0165 ve\u013emi \u0161irok\u00fd z\u00e1ber udalost\u00ed, no s\u00fa tu zjavn\u00e9 ist\u00e9 probl\u00e9my udr\u017ea\u0165 s\u00fadr\u017enos\u0165 diela. Dejov\u00e1 l\u00ednia vy\u0161etrovania vra\u017edy Ekov\u00fdch, ktor\u00e1 dominuje na za\u010diatku knihy, je \u010dasom potla\u010den\u00e1 a je ukon\u010den\u00e1 bez uspokojiv\u00e9ho objasnenia.\u00a0<\/p>\n<p>Film je zo svojej podstaty stru\u010dnej\u0161\u00ed nosi\u010d pr\u00edbehu ne\u017e kniha. Je pochopite\u013en\u00e9, \u017ee dej hallstr\u00f6movho Hypnotiz\u00e9ra je skr\u00e1ten\u00fd a zjednodu\u0161en\u00fd. Je komornej\u0161\u00ed, s men\u0161\u00edm mno\u017estvom post\u00e1v a pozmenen\u00e1 z\u00e1pletka sa jav\u00ed re\u00e1lnej\u0161ie. Prepojenie dejov\u00fdch l\u00edni\u00ed je v\u00fdraznej\u0161ie. No postav\u00e1m sa nedost\u00e1va dostato\u010dn\u00fd priestor na vykreslenie a ich mot\u00edvy s\u00fa akoby povrchn\u00e9. Bark tu je iba ak\u00fdsi hlta\u010d tabletiek a jeho \u017eena iracion\u00e1lna hysterka. O hypnoterapiu, ktorej je v knihe venovan\u00fd sugest\u00edvny stostranov\u00fd flashback do desa\u0165 rokov starej minulosti, sa tu iba obtrieme. No re\u017eis\u00e9rovi sa i tak podarilo prinies\u0165 ponur\u00fa a znepokojiv\u00fa atmosf\u00e9ru knihy. V\u00fdrazne tomu napom\u00e1ha kamera a z\u00e1bery mrazmi zasiahnut\u00e9ho \u0160tokholmu.<\/p>\n<p>V knihe je p\u00f4sobiv\u00e9 zobrazenie psychol\u00f3gie post\u00e1v, \u010do je jedna z jej hlavn\u00fdch dev\u00edz. Vy\u0161etrovanie samotn\u00e9 v nej nem\u00e1 nejak v\u00fdrazn\u00fd prim. A pr\u00e1ve vykreslenie hlavn\u00fdch predstavite\u013eov na obmedzenom filmovom priestore zlyh\u00e1va. Naopak, dej je oproti knihe hutnej\u0161\u00ed, preh\u013eadnej\u0161\u00ed a vyznieva re\u00e1lnej\u0161\u00edm dojmom. Tak\u017ee obe diela si akoby navz\u00e1jom dop\u013a\u0148aj\u00fa svoje slabosti.\u00a0<\/p>\n<\/p>\n<h2>Trailer:<\/h2>\n<\/p>\n<p><\/p>\n<\/p>\n<h2>Akce:<\/h2>\n<\/p>\n<p >Kupte si jakoukoliv knihu Larse Keplera v na\u0161ich knihkupectv\u00edch v Praze nebo ve Zl\u00edn\u011b a z\u00edsk\u00e1te mo\u017enost j\u00edt s n\u011bk\u00fdm na film do Lucerny nebo Golden Apple Cinema za cenu jednoho l\u00edstku. Akce plat\u00ed od 22. kv\u011btna do 3. \u010dervna ve Zl\u00edn\u011b a do 5. \u010dervna v Praze.<\/p>\n<\/p>\n<h2>Ohlasy fanou\u0161k\u016f z p\u0159edpremi\u00e9ry:<\/h2>\n<\/p>\n<p><i>Film Hypnotiz\u00e9r m\u011b naprosto ohromil. Z\u00edsk\u00e1 si V\u00e1s hned od prvn\u00edho z\u00e1b\u011bru a t\u00f3nu hudby a neodtrhnete se od n\u011bj dokud neb\u011b\u017e\u00ed z\u00e1v\u011bre\u010dn\u00e9 titulky. Je stejn\u011b jako kniha naprosto strhuj\u00edc\u00ed a v\u011brn\u011b ji kop\u00edruje. Je to dokonal\u00e9 um\u011bleck\u00e9 d\u00edlo. \u00da\u017easn\u00e9 z\u00e1b\u011bry z pta\u010d\u00ed perspektivy a propracovan\u00e9 detaily to v\u0161e dokresluje seversk\u00e9 prost\u0159ed\u00ed&#8230;. nem\u00e1m slov \ud83d\ude42<\/i><\/p>\n<p>\u2013 Anna K.<\/p>\n<p><i>Mus\u00edm se p\u0159iznat, \u017ee knihu, podle kter\u00e9 byl film nato\u010den, jsem ne\u010detla a p\u0159esto (nebo mo\u017en\u00e1 pr\u00e1v\u011b proto?) se mi film l\u00edbil. Atmosf\u00e9ra filmu byla ji\u017e od za\u010d\u00e1tku tak hust\u00e1, \u017ee by se dala kr\u00e1jet a pod\u00edl na tom jist\u011b m\u00e1 i vhodn\u00fd hudebn\u00ed doprovod. Hereck\u00e9 obsazen\u00ed pro m\u011b t\u00e9m\u011b\u0159 nezn\u00e1m\u00e9, ale p\u0159esv\u011bd\u010div\u00e9. P\u0159edv\u00eddatelnost d\u011bje minim\u00e1ln\u00ed &#8211; tedy alespo\u0148 pro ty, co nejsou sezn\u00e1meni s knihou a na film jdou stejn\u011b jako j\u00e1 nep\u0159ipraveni. Celkov\u00fd dojem z filmu je tedy velmi dobr\u00fd a neboj\u00edm se \u0159\u00edci, \u017ee by ho doporu\u010dilo 9 z 10 hypnotiz\u00e9r\u016f.:)\u00a0<\/i><\/p>\n<p>\u2013 Michaela \u010c.<\/p>\n<p><i>Dobr\u00fd den, p\u0159edem bych V\u00e1m cht\u011bl pod\u011bkovat za mo\u017enost nav\u0161t\u00edvit v\u010derej\u0161\u00ed p\u0159edpremi\u00e9ru Hypnotiz\u00e9ra, moc jsem si prom\u00edt\u00e1n\u00ed u\u017eil. K m\u00e9mu n\u00e1zoru na film: Celkov\u011b m\u00e1m severskou literaturu a seversk\u00e9 filmy r\u00e1d, tak\u017ee jsem se t\u011b\u0161il. V\u010dera odpoledne mi v\u0161ak p\u0159\u00edtel \u0159ekl, \u017ee podle traileru to bude nuda a \u017ee na \u010cSFD m\u00e1 film hodnocen\u00ed asi 56%. Tro\u0161ku mne to zarazilo, ale \u0159\u00edkal jsem si, \u017ee m\u011b se l\u00edb\u00ed v\u011bt\u0161inou divn\u00e9 filmy, co nikdo nemus\u00ed, a \u017ee i p\u0159\u00edtel je v hodnocen\u00ed filmu v\u017edy kritick\u00fd a jen tak n\u011bco ho nenadchne. Nav\u00edc nemus\u00ed drama a psychologick\u00e9 filmy, kter\u00e9 j\u00e1 m\u00e1m rad\u0161i, ne\u017e ak\u010d\u0148\u00e1ky a horory. Pln nedo\u010dkavosti jsme tedy vyrazili do kina. P\u0159ekvapil mne velmi rychl\u00fd za\u010d\u00e1tek, prakticky bez \u00favodu se hned v prvn\u00edch p\u00e1r minut\u00e1ch n\u011bco stalo. Za\u010dlo vy\u0161et\u0159ov\u00e1n\u00ed, a jeliko\u017e \u010dtu r\u00e1d detektivky (hlavn\u011b ty od Deavera), byl jsem tak trochu ve sv\u00e9m \u017eivlu, i kdy\u017e p\u0159i pohledu na \u00fatoky a bod\u00e1n\u00ed jsem m\u011bl co d\u011blat, abych neodvr\u00e1til zrak \ud83d\ude42 L\u00edbilo se mi postupn\u00e9 d\u00e1vkov\u00e1n\u00ed informac\u00ed a nap\u011bt\u00ed, zahalen\u00e1 postava dostala tv\u00e1\u0159 a\u017e ke konci filmu, a a\u017e po n\u011bjak\u00e9 dob\u011b se uk\u00e1zalo, \u017ee jsme ji vlastn\u011b u\u017e vid\u011bli na za\u010d\u00e1tku, \u010deho\u017e si asi nikdo nev\u0161iml. Ve filmu byl vid\u011bt skv\u011bl\u00fd v\u00fdvoj postav, jejich odvaha, rozhodov\u00e1n\u00ed. Nejp\u0159esv\u011bd\u010div\u011bj\u0161\u00ed pro m\u011b byla Simone, jej\u00ed postavu jsem si obl\u00edbil. Celkov\u011b se mi film l\u00edbil, i kdy\u017e je \u0161koda, \u017ee tam n\u011bkter\u00e9 v\u011bci nebyly dovysv\u011btleny (nap\u0159. jestli n\u00e1pisy v ateli\u00e9ru byly krv\u00ed, nebo barvou &#8211; odeb\u00edrali vzorek. D\u00e1le t\u0159eba co se na konci stalo s vrahem, atd atd \ud83d\ude42 Ocenil jsem, co\u017e je snad u seversk\u00fdch film\u016f zvykem, \u017ee prokl\u00e1daj\u00ed nap\u011bt\u00ed sc\u00e9nkami, kdy se \u010dlov\u011bk prost\u011b mus\u00ed sm\u00e1t \ud83d\ude42 Pravda, nebylo to jako u Lovce hlav, kdy se \u010dlov\u011bk musel sm\u00e1t i nechutn\u00fdm v\u011bcem, proto\u017ee byly podan\u00e9 skv\u011ble (lovec v kadiboud\u011b, nabodnut\u00fd pes na buldozeru&#8230;), ale i tak toto odleh\u010den\u00ed fungovalo skv\u011ble. Nejv\u00edc mi uchv\u00e1tila sc\u00e9na, kdy je Simone v hypn\u00f3ze a probouz\u00ed se na poli p\u0159ed domem, ty z\u00e1b\u011bry byl nezapomenuteln\u00e9. Celkov\u011b se mi i p\u0159\u00edteli film l\u00edbil a nelitujeme, \u017ee jsme na n\u011bj za\u0161li. Rozhodl jsem se p\u0159e\u010d\u00edst i kn\u00ed\u017eku, abych zjistil, zda je tam vysv\u011btleno a pops\u00e1no v\u00edce v\u011bc\u00ed. Je\u0161t\u011b jednou velk\u00e9 d\u00edky za n\u00e1s za oba \ud83d\ude42<\/i><\/p>\n<p>\u2013 Ji\u0159\u00ed L.\u00a0<\/p>\n<p><i>Dobr\u00fd den, p\u00e1r v\u011bt k v\u010derej\u0161\u00edmu filmu v kin\u011b Lucerna. Zaj\u00edm\u00e1m se o sever jako takov\u00fd, z jak\u00fdchsi studijn\u00edch d\u016fvod\u016f, mus\u00edm se tedy zaj\u00edmat i o detektivky, kter\u00e9 tam p\u00ed\u0161ou snad v\u0161ichni a jako na b\u011b\u017e\u00edc\u00edm p\u00e1se.Co\u017e tedy nen\u00ed divu, kdy\u017e maj\u00ed ve Stockholmu akademii detektivek. Pochopiteln\u011b sv\u00e9 d\u011bl\u00e1 prost\u0159ed\u00ed, dlouh\u00e1 zima, temn\u00e9 noci, v\u0161ude sam\u00e9 lesy&#8230; Celkov\u011b se mi film l\u00edbil, i kdy\u017e tolik zase na detektivky nejsem, na to sta\u010d\u00ed \u010d\u00edst noviny. Ale d\u00edky herc\u016fm, v \u010dele s re\u017eis\u00e9rovou man\u017eelkou Lenou Olin a sympatick\u00fdmi p\u0159edstavitele dvou hlavn\u00edch mu\u017esk\u00fdch hereck\u00fdch hrdin\u016f, spolu s prost\u0159ed\u00edm, kde se d\u011bj odehr\u00e1v\u00e1, je film dost zaj\u00edmav\u00fd. I to t\u00e9ma vy\u0161inut\u00e9 \u017eeny je nakonec v\u011bc se kterou se \u010dlov\u011bk m\u016f\u017ee setkat kdekoli, jeliko\u017e t\u0159eba i v \u010cR do\u0161lo k trag\u00e9di\u00edm, kdy\u017e schizofrenik n\u011bkoho napadl \u010di rovnou zabil. Mysl\u00edm, \u017ee tento nov\u00fd film Lasse Hallstr\u00f6ma by se mohl za\u0159adit jako jeho dal\u0161\u00ed \u00fasp\u011b\u0161n\u00fd.<\/i><\/p>\n<p>\u2013 Martina V.\u00a0<\/p>\n<p><i>Film byl velice dob\u0159e zpracovan\u00fd, strhuj\u00edc\u00ed p\u0159\u00edb\u011bh a d\u011bj byl pln\u00fd z\u00e1had od za\u010d\u00e1tku dokonce. S p\u0159\u00edtelkyn\u00ed n\u00e1s velice pobavila n\u011bkter\u00e1 slova, kter\u00e1 ve \u0161v\u011bdstin\u011b zn\u011bj\u00ed z\u00e1bavn\u011b i jm\u00e9no hlavn\u00edho vy\u0161et\u0159uj\u00edc\u00edho policisty Joony (toto jm\u00e9no se sp\u00ed\u0161e hod\u00ed pro \u017eensk\u00e9 pohlav\u00ed). Jinak jsme velice spokojeni a v\u011b\u0159\u00edme, \u017ee i kn\u00ed\u017eka bude velmi dobr\u00e1.<\/i><\/p>\n<p>\u2013 Adam T.<\/p>\n<\/p>\n<h2>Hodnocen\u00ed knihy: 75 %<\/h2>\n<\/p>\n<h2>Hodnocen\u00ed filmu: 65 %<\/h2>\n<\/p>\n<p>Autor: Juraj Hladk\u00fd<\/p>\n<p>Zdroj obr\u00e1zku:\u00a0<a href=\"http:\/\/www.impawards.com\" target=\"_blank\" rel=\"noopener\">http:\/\/www.impawards.com<\/a><\/p>\n","protected":false},"excerpt":{"rendered":"<p>Kniha Hypnotiz\u00e9r od Larsa Keplera (\u010do je pseudonym autorskej a man\u017eelskej dvojice Ahndorilov\u00fdch) patr\u00ed medzi najv\u00fdraznej\u0161ie tituly s\u00fa\u010dasnej severskej krimi. A ako sa to u\u017e komer\u010dne \u00faspe\u0161n\u00fdm knih\u00e1m st\u00e1va, aj t\u00e1to bola sfilmovan\u00e1. Film, ktor\u00e9ho sa ujal re\u0161pektovan\u00fd re\u017eis\u00e9r Lasse Hallstr\u00f6m, m\u00e1 tento \u0161tvrtok, 23. 5., \u010desk\u00fa a slovensk\u00fa kinopremi\u00e9ru.<\/p>\n","protected":false},"author":2,"featured_media":0,"comment_status":"open","ping_status":"open","sticky":false,"template":"","format":"standard","meta":{"_acf_changed":false,"_monsterinsights_skip_tracking":false,"_monsterinsights_sitenote_active":false,"_monsterinsights_sitenote_note":"","_monsterinsights_sitenote_category":0,"_EventAllDay":false,"_EventTimezone":"","_EventStartDate":"","_EventEndDate":"","_EventStartDateUTC":"","_EventEndDateUTC":"","_EventShowMap":false,"_EventShowMapLink":false,"_EventURL":"","_EventCost":"","_EventCostDescription":"","_EventCurrencySymbol":"","_EventCurrencyCode":"","_EventCurrencyPosition":"","_EventDateTimeSeparator":"","_EventTimeRangeSeparator":"","_EventOrganizerID":[],"_EventVenueID":[],"_OrganizerEmail":"","_OrganizerPhone":"","_OrganizerWebsite":"","_VenueAddress":"","_VenueCity":"","_VenueCountry":"","_VenueProvince":"","_VenueState":"","_VenueZip":"","_VenuePhone":"","_VenueURL":"","_VenueStateProvince":"","_VenueLat":"","_VenueLng":"","_VenueShowMap":false,"_VenueShowMapLink":false,"twitterCardType":"","cardImageID":0,"cardImage":"","cardTitle":"","cardDesc":"","cardImageAlt":"","cardPlayer":"","cardPlayerWidth":0,"cardPlayerHeight":0,"cardPlayerStream":"","cardPlayerCodec":"","footnotes":""},"categories":[7],"tags":[],"class_list":["post-2160","post","type-post","status-publish","format-standard","hentry","category-recenze"],"acf":{"related_products":null},"_links":{"self":[{"href":"https:\/\/www.luxor.cz\/blog\/wp-json\/wp\/v2\/posts\/2160","targetHints":{"allow":["GET"]}}],"collection":[{"href":"https:\/\/www.luxor.cz\/blog\/wp-json\/wp\/v2\/posts"}],"about":[{"href":"https:\/\/www.luxor.cz\/blog\/wp-json\/wp\/v2\/types\/post"}],"author":[{"embeddable":true,"href":"https:\/\/www.luxor.cz\/blog\/wp-json\/wp\/v2\/users\/2"}],"replies":[{"embeddable":true,"href":"https:\/\/www.luxor.cz\/blog\/wp-json\/wp\/v2\/comments?post=2160"}],"version-history":[{"count":0,"href":"https:\/\/www.luxor.cz\/blog\/wp-json\/wp\/v2\/posts\/2160\/revisions"}],"wp:attachment":[{"href":"https:\/\/www.luxor.cz\/blog\/wp-json\/wp\/v2\/media?parent=2160"}],"wp:term":[{"taxonomy":"category","embeddable":true,"href":"https:\/\/www.luxor.cz\/blog\/wp-json\/wp\/v2\/categories?post=2160"},{"taxonomy":"post_tag","embeddable":true,"href":"https:\/\/www.luxor.cz\/blog\/wp-json\/wp\/v2\/tags?post=2160"}],"curies":[{"name":"wp","href":"https:\/\/api.w.org\/{rel}","templated":true}]}}