{"id":2159,"date":"2013-05-21T16:16:00","date_gmt":"2013-05-21T14:16:00","guid":{"rendered":"https:\/\/www.luxor.cz\/blog\/nezarazene\/nebezpecne-odhalenie-temnych-tajomstiev\/"},"modified":"2023-01-06T16:18:47","modified_gmt":"2023-01-06T15:18:47","slug":"nebezpecne-odhalenie-temnych-tajomstiev-195","status":"publish","type":"post","link":"https:\/\/www.luxor.cz\/blog\/recenze\/nebezpecne-odhalenie-temnych-tajomstiev-195\/","title":{"rendered":"Nebezpe\u010dn\u00e9 odhalenie  temn\u00fdch tajomstiev"},"content":{"rendered":"<\/p>\n<p>\u201eCht\u011bla bych nahl\u00e1sit, \u017ee mi zmizel syn,\u201c hl\u00e1si na pol\u00edcii Lena Erikssonov\u00e1 straten\u00e9ho syna Rogera. Chlapcove telo medzit\u00fdm odpratal do mo\u010diara mu\u017e, ktor\u00fd nie je vrah a u\u017e onedlho ho objav\u00ed prieskumn\u00e1 skupina Thomasa Haraldssona &#8211; ambici\u00f3zneho, ale podce\u0148ovan\u00e9ho policajn\u00e9ho komis\u00e1ra. Chud\u00e1k Haraldsson, d\u00f4le\u017eit\u00fdm pr\u00edpadom je napokon aj tak poveren\u00e1 \u0161t\u00e1tna krimin\u00e1lka na \u010dele s Torkelom H\u00f6glundom. U\u017e \u010doskoro zist\u00ed, \u017ee v\u0161etky stopy ved\u00fa na snobsk\u00e9 gymn\u00e1zium, kam Roger utiekol pred \u0161ikanou.<\/p>\n<p>Vo vzdialenom meste sa ved\u013ea nezn\u00e1mej \u017eeny zob\u00fadza Sebastian Bergman. Odkedy tragicky zomrela jeho \u017eena a die\u0165a, je tento kedysi \u00faspe\u0161n\u00fd psychol\u00f3g len znuden\u00fdm dobyvate\u013eom \u017eensk\u00fdch s\u0155dc i postel\u00ed. Dnes ho \u010dak\u00e1 nepr\u00edjemn\u00e1 povinnos\u0165, mus\u00ed sa postara\u0165 o pozostalos\u0165 svojej zosnulej matky. V ich vz\u0165ahu len \u0165a\u017eko h\u013eada\u0165 re\u0161pekt, nieto e\u0161te rodinn\u00e9 hodnoty. Ke\u010f sa Sebastian dozvie, \u017ee po svete chod\u00ed jeho die\u0165a, ktor\u00e9 mu matka zatajila, rozhodne sa za\u010da\u0165 po \u0148om p\u00e1tra\u0165 na vlastn\u00fa p\u00e4s\u0165. Ve\u010f b\u00fdval\u00e9ho kolegu z celo\u0161t\u00e1tnej krimin\u00e1lky zrovna stretol pri vy\u0161etrovan\u00ed vra\u017edy mlad\u00e9ho chlapca\u2026<\/p>\n<p>Prel\u00ednanie pr\u00e1ce celo\u0161t\u00e1tnej krimin\u00e1lky s osobn\u00fdm \u017eivotom najv\u00fdraznej\u0161ej postavy, Sebastiana Bergmana, nie je nezvy\u010dajn\u00e9 a tak\u00fdto postup pozn\u00e1me z viacer\u00fdch \u0161kandin\u00e1vskych detekt\u00edvok. Pozoruhodnej\u0161ie je sledova\u0165 Sebastianove my\u0161lienky pri vy\u0161etrovan\u00ed a tie\u017e schopnos\u0165 psychologicky analyzova\u0165 aj svoje osobn\u00e9 probl\u00e9my. Temn\u00e1 tajemstv\u00ed preto odpor\u00fa\u010dam ka\u017ed\u00e9mu milovn\u00edkovi detekt\u00edvnych pr\u00edbehov a zvl\u00e1\u0161\u0165 t\u00fdm, ktor\u00ed okrem nap\u00e4tia radi sleduj\u00fa aj osud hlavnej postavy.<\/p>\n<p>Samotn\u00e9mu pr\u00edbehu nemo\u017eno ni\u010d vy\u010d\u00edta\u0165 &#8211; v\u00fdborne nap\u00edsan\u00e9 dial\u00f3gy, nap\u00e4tie pri rie\u0161en\u00ed vra\u017edy i s detekt\u00edvkou neodmyslite\u013ene spojen\u00e9 vz\u0165ahy vn\u00fatri vy\u0161etrovacieho t\u00edmu. Autorsk\u00e9 duo Hjorth a Rosenfeldt v\u00e1s udr\u017e\u00ed v nap\u00e4t\u00ed a\u017e do konca a ako \u010dere\u0161ni\u010dku na torte v\u00e1m na poslednej strane naserv\u00edruje prekvapenie v podobe rozohratia pr\u00edbehu do \u010fal\u0161ieho pokra\u010dovania.<\/p>\n<p><a href=\"http:\/\/neoluxor.cz\/beletrie\/temna-tajemstvi--192969\/\" target=\"_blank\" rel=\"noopener\">Temn\u00e1 tajemstv\u00ed<\/a> s\u00fa prvou spolo\u010dnou knihou dvojice Hjorth &#038; Rosenfeldt. Osem mesiacov po vydan\u00ed sa dr\u017eala v rebr\u00ed\u010dku bestsellerov. Podobne sa dar\u00ed aj \u010fal\u0161\u00edm dvom knih\u00e1m v s\u00e9rii. Pod\u013ea jej n\u00e1metu bol nato\u010den\u00fd aj trojdielny telev\u00edzny seri\u00e1l.<\/p>\n<\/p>\n<h3>Uk\u00e1\u017eka z 1. \u010dasti seri\u00e1lu:<\/h3>\n<p><\/p>\n<p><i>V\u011bt\u0161ina lid\u00ed m\u00e1 fantazie. Sexu\u00e1ln\u00ed, temn\u00e9, brut\u00e1ln\u00ed. Neut\u00e1le posiluj\u00ed na\u0161e ego, neust\u00e1le odstra\u0148uj\u00ed z cesty v\u011bci \u010di osoby, kter\u00e9 n\u00e1m p\u0159ek\u00e1\u017eej\u00ed. Ve sv\u00fdch p\u0159edstav\u00e1ch m\u00e1 \u010dlov\u011bk moc. Velmi m\u00e1lo lid\u00ed sv\u00e9 fantazie uskute\u010dn\u00ed. Ti, kte\u0159\u00ed to d\u011blaj\u00ed, na\u0161li kl\u00ed\u010d.<span><br \/><\/span>Nebezpe\u010d\u00ed.<span><br \/><\/span>Nebezpe\u010d\u00ed, \u017ee budou odhaleni.<span><br \/><\/span>Nebezpe\u010d\u00ed, kter\u00e9 plyne z toho, \u017ee se odv\u00e1\u017eili sp\u00e1chat nevysloviteln\u00e9.<span><br \/><\/span>Proto ti, kte\u0159\u00ed hledaj\u00ed vzru\u0161en\u00ed, p\u00e1traj\u00ed po nov\u00fdch podn\u011btech, a s\u00e9riov\u00ed vrazi se st\u00e1vaj\u00ed s\u00e9riov\u00fdmi vrahy. Je t\u011b\u017ek\u00e9 znovu p\u0159e\u0159adit na neutr\u00e1l, kdy\u017e u\u017e jste motor jednou rozjeli. Poznali jeho s\u00edlu. Objevili, co \u010dlov\u011bku d\u00e1v\u00e1 pocit, \u017ee \u017eije. Nebezpe\u010d\u00ed.<\/i><\/p>\n<\/p>\n<h2>Hodnotenie: 95 %<\/h2>\n<\/p>\n<p>Autorka: Monika Zb\u00ednov\u00e1<\/p>\n<p>Zdroj obr\u00e1zku: <a href=\"http:\/\/itpworld.wordpress.com\/\" target=\"_blank\" rel=\"noopener\">http:\/\/itpworld.wordpress.com\/<\/a><\/p>\n","protected":false},"excerpt":{"rendered":"<p>Detekt\u00edvky sa \u010dasto prirovn\u00e1vaj\u00fa k sklada\u010dk\u00e1m, bludisk\u00e1m \u010di pavu\u010din\u00e1m. T\u00e1to kniha je ako Rubikova kocka. Neposkladan\u00e1 poz\u00fdva k objavovaniu a sp\u00e1janiu post\u00e1v a ich \u010dinov. Ke\u010f ju napokon zlo\u017e\u00edte, uvid\u00edte v\u0161etky jej farby vo svojej kr\u00e1se.<\/p>\n","protected":false},"author":2,"featured_media":0,"comment_status":"open","ping_status":"open","sticky":false,"template":"","format":"standard","meta":{"_acf_changed":false,"_monsterinsights_skip_tracking":false,"_monsterinsights_sitenote_active":false,"_monsterinsights_sitenote_note":"","_monsterinsights_sitenote_category":0,"_EventAllDay":false,"_EventTimezone":"","_EventStartDate":"","_EventEndDate":"","_EventStartDateUTC":"","_EventEndDateUTC":"","_EventShowMap":false,"_EventShowMapLink":false,"_EventURL":"","_EventCost":"","_EventCostDescription":"","_EventCurrencySymbol":"","_EventCurrencyCode":"","_EventCurrencyPosition":"","_EventDateTimeSeparator":"","_EventTimeRangeSeparator":"","_EventOrganizerID":[],"_EventVenueID":[],"_OrganizerEmail":"","_OrganizerPhone":"","_OrganizerWebsite":"","_VenueAddress":"","_VenueCity":"","_VenueCountry":"","_VenueProvince":"","_VenueState":"","_VenueZip":"","_VenuePhone":"","_VenueURL":"","_VenueStateProvince":"","_VenueLat":"","_VenueLng":"","_VenueShowMap":false,"_VenueShowMapLink":false,"twitterCardType":"","cardImageID":0,"cardImage":"","cardTitle":"","cardDesc":"","cardImageAlt":"","cardPlayer":"","cardPlayerWidth":0,"cardPlayerHeight":0,"cardPlayerStream":"","cardPlayerCodec":"","footnotes":""},"categories":[7],"tags":[],"class_list":["post-2159","post","type-post","status-publish","format-standard","hentry","category-recenze"],"acf":{"related_products":null},"_links":{"self":[{"href":"https:\/\/www.luxor.cz\/blog\/wp-json\/wp\/v2\/posts\/2159","targetHints":{"allow":["GET"]}}],"collection":[{"href":"https:\/\/www.luxor.cz\/blog\/wp-json\/wp\/v2\/posts"}],"about":[{"href":"https:\/\/www.luxor.cz\/blog\/wp-json\/wp\/v2\/types\/post"}],"author":[{"embeddable":true,"href":"https:\/\/www.luxor.cz\/blog\/wp-json\/wp\/v2\/users\/2"}],"replies":[{"embeddable":true,"href":"https:\/\/www.luxor.cz\/blog\/wp-json\/wp\/v2\/comments?post=2159"}],"version-history":[{"count":0,"href":"https:\/\/www.luxor.cz\/blog\/wp-json\/wp\/v2\/posts\/2159\/revisions"}],"wp:attachment":[{"href":"https:\/\/www.luxor.cz\/blog\/wp-json\/wp\/v2\/media?parent=2159"}],"wp:term":[{"taxonomy":"category","embeddable":true,"href":"https:\/\/www.luxor.cz\/blog\/wp-json\/wp\/v2\/categories?post=2159"},{"taxonomy":"post_tag","embeddable":true,"href":"https:\/\/www.luxor.cz\/blog\/wp-json\/wp\/v2\/tags?post=2159"}],"curies":[{"name":"wp","href":"https:\/\/api.w.org\/{rel}","templated":true}]}}