{"id":2158,"date":"2013-05-20T12:41:00","date_gmt":"2013-05-20T10:41:00","guid":{"rendered":"https:\/\/www.luxor.cz\/blog\/nezarazene\/ze-zivota-obcanske-spolecnosti\/"},"modified":"2023-01-06T16:18:47","modified_gmt":"2023-01-06T15:18:47","slug":"ze-zivota-obcanske-spolecnosti-194","status":"publish","type":"post","link":"https:\/\/www.luxor.cz\/blog\/recenze\/ze-zivota-obcanske-spolecnosti-194\/","title":{"rendered":"Humoristick\u00fd rom\u00e1n Ze \u017eivota ob\u010dansk\u00e9 spole\u010dnosti"},"content":{"rendered":"<p>Autor popisuje ne\u0161\u0165astn\u00e9 osudy dvou idealist\u016f v pragmatick\u00e9 spole\u010dnosti, kter\u00e1 u\u017e se sice zbavila okov\u016f komunismu, st\u00e1le v\u0161ak dok\u00e1\u017ee sv\u011btu uk\u00e1zat, za\u010d je toho po\u0159\u00e1dn\u00e1 byrokracie.<\/p>\n<p>Prvn\u00ed z dvojice hlavn\u00edch hrdin\u016f, mlad\u00fd knihovn\u00edk PhDr. Roman Libovec, za\u017e\u00edv\u00e1 po vystudov\u00e1n\u00ed nelehk\u00fd kontakt s ka\u017edodenn\u00ed realitou. Ukazuje se, \u017ee intelekt, up\u0159\u00edmnost a po\u010destnost nejsou ide\u00e1ly, je\u017e se v dne\u0161n\u00ed dob\u011b p\u0159\u00edli\u0161 cen\u00ed, a tak netrv\u00e1 dlouho a mlad\u00fd pan doktor filozofie p\u0159ich\u00e1z\u00ed o byt a vyhl\u00eddky na slu\u0161n\u00e9 zam\u011bstn\u00e1n\u00ed. Jako dar z \u010dist\u00e9ho nebe se v takov\u00e9 chv\u00edli jev\u00ed mo\u017enost pracovat na pozici tajemn\u00edka pro ob\u010dansk\u00e9 sdru\u017een\u00ed Spolek p\u0159\u00e1tel kvalitn\u00ed kultury. Bohu\u017eel, nic nen\u00ed tak jednoduch\u00e9, jak se na prvn\u00ed pohled zd\u00e1. Roman brzy zji\u0161\u0165uje, \u017ee smyslem organizace, pro kterou pracuje, je m\u00edsto kultury sp\u00ed\u0161 politika a boj o kor\u00fdtka.<\/p>\n<p>Druh\u00fd hlavn\u00ed hrdina, za\u010d\u00ednaj\u00edc\u00ed vy\u0161et\u0159ovatel Jind\u0159ich Dubsk\u00fd, pln ide\u00e1l\u016f z policejn\u00ed akademie, se mezit\u00edm pou\u0161t\u00ed do vy\u0161et\u0159ov\u00e1n\u00ed p\u0159\u00edpadu tajemn\u00e9ho potomka prvn\u00edch lid\u00ed, zvan\u00e9ho \u00dasvit. Jak se v\u0161ak ukazuje, n\u00e1pln\u00ed policejn\u00ed pr\u00e1ce nemus\u00ed b\u00fdt v\u017edy jen vym\u00e1h\u00e1n\u00ed spravedlnosti. A pokud u\u017e o n\u011bjakou spravedlnost jde, je hlavn\u011b d\u016fle\u017eit\u00e9, koho se dan\u00fd probl\u00e9m t\u00fdk\u00e1. Nejv\u011bt\u0161\u00edm nep\u0159\u00edtelem policisty tak nen\u00ed zlo\u010din, ale sp\u00ed\u0161e byrokracie prov\u00e1zej\u00edc\u00ed jeho pot\u00edr\u00e1n\u00ed.<\/p>\n<\/p>\n<p>Rom\u00e1n na\u0161t\u011bst\u00ed nen\u00ed \u017e\u00e1dn\u00e1 seversk\u00e1 detektivka. Trpk\u00e9 a mnohdy absurdn\u00ed osudy hlavn\u00edch hrdin\u016f tak zp\u0159\u00edstup\u0148uje autor\u016fv satirick\u00fd nadhled, kter\u00fd dok\u00e1\u017ee vyvolat v\u00fdbuch sm\u00edchu i v t\u011bch nejt\u011b\u017e\u0161\u00edch situac\u00edch.<\/p>\n<p>Z knihy jde poznat, \u017ee Vlado \u0160tancel se v popisovan\u00e9m prost\u0159ed\u00ed dlouhou dobu pohybuje. A\u0165 u\u017e jde o popis spolupr\u00e1ce ob\u010dansk\u00fdch sdru\u017een\u00ed a \u201ckreativn\u00edho\u201d \u00fa\u010detnictv\u00ed, je\u017e spolu udr\u017euj\u00ed, nebo sc\u00e9na z plesu, kdy se sch\u016fze smet\u00e1nky \u010desk\u00e9 kultury postupn\u011b zvrh\u00e1v\u00e1 v pr\u016fm\u011brnou vesnickou z\u00e1bavu. Pokud m\u00e1te n\u011bjak\u00e9 zku\u0161enosti s fungov\u00e1n\u00edm st\u00e1tn\u00edho sektoru, najdete v knize mnoho situac\u00ed, kter\u00e9 v\u00e1m budou a\u017e podez\u0159ele pov\u011bdom\u00e9.<\/p>\n<p>Styl psan\u00ed nen\u00ed \u00fapln\u011b standardn\u00ed, v\u011btn\u00e1 skladba a zp\u016fsob vypr\u00e1v\u011bn\u00ed p\u016fsob\u00ed lehce archaicky, co\u017e m\u016f\u017ee b\u00fdt pro n\u011bkter\u00e9 \u010dten\u00e1\u0159e matouc\u00ed. Tak\u00e9 se v rom\u00e1nu nach\u00e1z\u00ed mno\u017estv\u00ed vedlej\u0161\u00edch postav, kter\u00e9 se n\u00e1m na pom\u011brn\u011b kr\u00e1tk\u00e9m prostoru knihy nestihnou po\u0159\u00e1dn\u011b p\u0159edstavit a t\u00edm p\u00e1dem je mezi nimi ob\u010das probl\u00e9m rozli\u0161it, o kter\u00e9ho radu, n\u00e1m\u011bstka, nebo p\u0159edsedu se zrovna jedn\u00e1. Pokud v\u0161ak m\u00e1te r\u00e1di \u010deskou humoristickou literaturu, nebo se jen chcete chv\u00edli koukat na ka\u017edodenn\u00ed probl\u00e9my trochu s nadhledem, mysl\u00edm, \u017ee se jedn\u00e1 o vhodnou knihu pr\u00e1v\u011b pro v\u00e1s.<\/p>\n<\/p>\n<h2>Hodnocen\u00ed: 70%<\/h2>\n<p>Autor: Marek Klos<\/p>\n<p>Zroj obr\u00e1zku:\u00a0http:\/\/asociaceoctopus.cz<\/p>\n","protected":false},"excerpt":{"rendered":"<p>Vlado \u0160tancel je zn\u00e1m p\u0159edev\u0161\u00edm d\u00edky sv\u00e9 pr\u00e1ci v po\u0159adu \u010cern\u00e9 Ovce, ale krom\u011b publicistick\u00e9 \u010dinnosti se v\u011bnuje i kni\u017en\u00ed a filmov\u00e9 tvorb\u011b. Rom\u00e1n Ze \u017eivota ob\u010dansk\u00e9 spole\u010dnosti je satirickou knihou, zam\u00fd\u0161lej\u00edc\u00ed se nad stavem na\u0161eho st\u00e1tu, kter\u00fd dov\u00e1d\u00ed n\u011bkter\u00e9 z jeho ne\u0161var\u016f<br \/>\na\u017e do extr\u00e9m\u016f.<\/p>\n","protected":false},"author":2,"featured_media":0,"comment_status":"open","ping_status":"open","sticky":false,"template":"","format":"standard","meta":{"_acf_changed":false,"_monsterinsights_skip_tracking":false,"_monsterinsights_sitenote_active":false,"_monsterinsights_sitenote_note":"","_monsterinsights_sitenote_category":0,"_EventAllDay":false,"_EventTimezone":"","_EventStartDate":"","_EventEndDate":"","_EventStartDateUTC":"","_EventEndDateUTC":"","_EventShowMap":false,"_EventShowMapLink":false,"_EventURL":"","_EventCost":"","_EventCostDescription":"","_EventCurrencySymbol":"","_EventCurrencyCode":"","_EventCurrencyPosition":"","_EventDateTimeSeparator":"","_EventTimeRangeSeparator":"","_EventOrganizerID":[],"_EventVenueID":[],"_OrganizerEmail":"","_OrganizerPhone":"","_OrganizerWebsite":"","_VenueAddress":"","_VenueCity":"","_VenueCountry":"","_VenueProvince":"","_VenueState":"","_VenueZip":"","_VenuePhone":"","_VenueURL":"","_VenueStateProvince":"","_VenueLat":"","_VenueLng":"","_VenueShowMap":false,"_VenueShowMapLink":false,"twitterCardType":"","cardImageID":0,"cardImage":"","cardTitle":"","cardDesc":"","cardImageAlt":"","cardPlayer":"","cardPlayerWidth":0,"cardPlayerHeight":0,"cardPlayerStream":"","cardPlayerCodec":"","footnotes":""},"categories":[7],"tags":[],"class_list":["post-2158","post","type-post","status-publish","format-standard","hentry","category-recenze"],"acf":{"related_products":null},"_links":{"self":[{"href":"https:\/\/www.luxor.cz\/blog\/wp-json\/wp\/v2\/posts\/2158","targetHints":{"allow":["GET"]}}],"collection":[{"href":"https:\/\/www.luxor.cz\/blog\/wp-json\/wp\/v2\/posts"}],"about":[{"href":"https:\/\/www.luxor.cz\/blog\/wp-json\/wp\/v2\/types\/post"}],"author":[{"embeddable":true,"href":"https:\/\/www.luxor.cz\/blog\/wp-json\/wp\/v2\/users\/2"}],"replies":[{"embeddable":true,"href":"https:\/\/www.luxor.cz\/blog\/wp-json\/wp\/v2\/comments?post=2158"}],"version-history":[{"count":0,"href":"https:\/\/www.luxor.cz\/blog\/wp-json\/wp\/v2\/posts\/2158\/revisions"}],"wp:attachment":[{"href":"https:\/\/www.luxor.cz\/blog\/wp-json\/wp\/v2\/media?parent=2158"}],"wp:term":[{"taxonomy":"category","embeddable":true,"href":"https:\/\/www.luxor.cz\/blog\/wp-json\/wp\/v2\/categories?post=2158"},{"taxonomy":"post_tag","embeddable":true,"href":"https:\/\/www.luxor.cz\/blog\/wp-json\/wp\/v2\/tags?post=2158"}],"curies":[{"name":"wp","href":"https:\/\/api.w.org\/{rel}","templated":true}]}}