{"id":2130,"date":"2013-05-01T08:00:00","date_gmt":"2013-05-01T06:00:00","guid":{"rendered":"https:\/\/www.luxor.cz\/blog\/nezarazene\/tom-rachman-imperfekcioniste\/"},"modified":"2023-01-06T16:18:59","modified_gmt":"2023-01-06T15:18:59","slug":"tom-rachman-imperfekcioniste-180","status":"publish","type":"post","link":"https:\/\/www.luxor.cz\/blog\/recenze\/tom-rachman-imperfekcioniste-180\/","title":{"rendered":"Tom Rachman: Imperfekcionist\u00e9"},"content":{"rendered":"<p >Novin\u00e1\u0159i spolu tr\u00e1v\u00ed hodiny denn\u011b,  p\u0159esto \u010dasto netu\u0161\u00ed, zda jejich kolegov\u00e9 doma r\u00e1di va\u0159\u00ed, jezd\u00ed na dovolenou do  hor nebo ve voln\u00e9m \u010dase maluj\u00ed. Zku\u0161en\u00fd novin\u00e1\u0159 <a href=\"http:\/\/neoluxor.cz\/vyhledavani\/?query=Rachman+Tom\" target=\"_blank\" rel=\"noopener\">Tom Rachman<\/a> si toho v\u0161iml a rozhodl se, \u017ee p\u0159edstav\u00ed \u017eivoty  redaktor\u016f jednoho anglick\u00e9ho den\u00edku s\u00eddl\u00edc\u00edho v \u0158\u00edm\u011b, kter\u00e9 by v\u0161ak mohly b\u00fdt  stejn\u011b tak \u017eivoty jin\u00fdch redaktor\u016f kdekoliv jinde na sv\u011bt\u011b. A vlastn\u011b nejenom  redaktor\u016f. Autor pro vypr\u00e1v\u011bn\u00ed zvolil relativn\u011b samostatn\u00e9 kapitoly, je\u017e by  mohly fungovat i samy o sob\u011b, nicm\u00e9n\u011b ve v\u00fdsledku by jim chyb\u011blo to \u00fa\u017easn\u00e9  prol\u00edn\u00e1n\u00ed postav i celkov\u00fd obraz redakce. Rachmanovi se v\u00a0zobrazen\u00ed hrdin\u016f  poda\u0159ilo vykreslit typy lid\u00ed, jejich\u017e \u017eivoty jsou ur\u010dov\u00e1ny stereotypem,  nespokojenost\u00ed, nudou.<\/p>\n<p >St\u00e1rnouc\u00ed pa\u0159\u00ed\u017esk\u00fd korespondent trp\u00ed  pocitem nadbyte\u010dnosti, kdy\u017e o jeho nezaj\u00edmav\u00e9 \u010dl\u00e1nky v\u00a0redakci nestoj\u00ed,  man\u017eelka ho opou\u0161t\u00ed a vlastn\u00ed d\u011bti u\u017e nezaj\u00edm\u00e1. Autor nekrolog\u016f v\u00a0pr\u00e1ci  cel\u00fd den p\u0159e\u017e\u00edv\u00e1, aby mohl odpoledne tr\u00e1vit s\u00a0dcerou, kter\u00e1 je pro n\u011bj  v\u0161\u00edm. Ekonomick\u00e1 report\u00e9rka je tak sama, \u017ee bere zavd\u011bk nevd\u011b\u010dn\u00fdm povale\u010dem,  kter\u00fd j\u00ed d\u00e1v\u00e1 fale\u0161n\u00fd pocit l\u00e1sky. V\u0161echny p\u0159\u00edb\u011bhy maj\u00ed spole\u010dn\u00e9 rysy \u2013 a\u017e  p\u0159\u00edli\u0161nou beznad\u011bj lidsk\u00e9ho sna\u017een\u00ed, sm\u00ed\u0159en\u00ed se s\u00a0vlastn\u00edm \u017eivotem a jeho  kopanci, bolav\u00e9 ne\u00fasp\u011bchy. Mlad\u00fd korespondent marn\u011b hled\u00e1 t\u00e9ma a naivn\u011b v\u011b\u0159\u00ed  zku\u0161en\u00e9mu kolegovi, editor den\u00edku se t\u011b\u0161\u00ed na rukopis knihy sv\u00e9ho nejlep\u0161\u00edho  p\u0159\u00edtele, kter\u00e9ho se nikdy nedo\u010dk\u00e1, vydavatel je uzav\u0159en ve sv\u00e9m vlastn\u00edm sv\u011bt\u011b  s milovan\u00fdm psem, bez n\u011bho\u017e jeho \u017eivot ztr\u00e1c\u00ed smysl. Snad nejsiln\u011bj\u0161\u00edm p\u0159\u00edb\u011bhem  je \u017eivot \u010dten\u00e1\u0159ky, kter\u00e1 sv\u016fj \u017eivot uzav\u0159ela do smy\u010dky minulosti, z\u00a0n\u00ed\u017e  bude muset jednoho dne vystoupit, aby pochopila, \u017ee sv\u011bt u\u017e je \u00fapln\u011b jinde ne\u017e  na str\u00e1nk\u00e1ch star\u00fdch novin.<\/p>\n<p >Kniha je neuv\u011b\u0159iteln\u011b \u017eivou, \u010dtivou a  up\u0159\u00edmnou sondou do lidsk\u00fdch du\u0161\u00ed zlomen\u00fdch t\u011b\u017ekostmi, kter\u00e9 \u017eivot protagonist\u016fm  rom\u00e1nu p\u0159ipravil a st\u00e1le p\u0159ipravuje. Bude pro n\u011b z\u00e1nik den\u00edku dal\u0161\u00ed \u017eivotn\u00ed  ranou, nebo se d\u00edky uzav\u0159en\u00e9 kapitole dok\u00e1\u017e\u00ed ode dna odrazit? \u010cten\u00e1\u0159 se  s\u00a0postavami snadno s\u017eije, fand\u00ed jim a pro\u017e\u00edv\u00e1 s\u00a0nimi jejich zklam\u00e1n\u00ed.  Rachmanovi se v\u00a0p\u0159\u00edb\u011bhu poda\u0159ilo sv\u00e9 hrdiny popsat tak, jako by je znal  odjak\u017eiva. Ka\u017ed\u00fd z\u00a0nich by se mohl st\u00e1t hrdinou samostatn\u00e9ho rom\u00e1nu a  neztratil by nic ze sv\u00e9 opravdovosti a melancholie.<\/p>\n<p >Rom\u00e1n je vystav\u011bn na perfektn\u00ed znalosti  prost\u0159ed\u00ed redakce, ta v\u0161ak nen\u00ed dominantou, je sp\u00ed\u0161e jen r\u00e1mcem p\u0159\u00edb\u011bhu a  jak\u00fdmsi spojovac\u00edm prvkem. Novin\u00e1\u0159i a lid\u00e9 z\u00a0prost\u0159ed\u00ed m\u00e9di\u00ed v\u00a0n\u011bm  naleznou jako p\u0159idanou hodnotu dokument o mnohdy nevd\u011b\u010dn\u00e9 a n\u00e1ro\u010dn\u00e9 pr\u00e1ci i o  t\u011b\u017ekostech sv\u00e9ho zam\u011bstn\u00e1n\u00ed. V\u00a0j\u00e1dru jsou v\u0161ak <a href=\"http:\/\/neoluxor.cz\/beletrie\/imperfekcioniste--191575\/\" target=\"_blank\" rel=\"noopener\">Imperfekcionist\u00e9 <\/a>obrazem n\u00e1s v\u0161ech, na\u0161\u00ed pesimistick\u00e9 doby a mnohdy  nelehk\u00fdch situac\u00ed, kter\u00fdmi se m\u016f\u017eeme nechat pohltit, nebo s\u00a0nimi za\u010d\u00edt  bojovat.<\/p>\n<p >Rom\u00e1n vydalo  nakladatelstv\u00ed Host v\u00a0p\u0159ekladu Ivany Kuglerov\u00e9.<\/p>\n<h3>P\u0159e\u010dtete si kr\u00e1tkou uk\u00e1zku<\/h3>\n<\/p><\/p>\n","protected":false},"excerpt":{"rendered":"<p>Jeden\u00e1ct postav, jeden\u00e1ct \u017eivotn\u00edch p\u0159\u00edb\u011bh\u016f, jedin\u00fd osud. Osud den\u00edku, jeho\u017e \u017eivot se pomalu, ale jist\u011b \u017eene do z\u00e1huby. Stejn\u011b jako \u017eivoty lid\u00ed, kte\u0159\u00ed v jeho redakci pracuj\u00ed.<\/p>\n","protected":false},"author":2,"featured_media":0,"comment_status":"open","ping_status":"open","sticky":false,"template":"","format":"standard","meta":{"_acf_changed":false,"_monsterinsights_skip_tracking":false,"_monsterinsights_sitenote_active":false,"_monsterinsights_sitenote_note":"","_monsterinsights_sitenote_category":0,"_EventAllDay":false,"_EventTimezone":"","_EventStartDate":"","_EventEndDate":"","_EventStartDateUTC":"","_EventEndDateUTC":"","_EventShowMap":false,"_EventShowMapLink":false,"_EventURL":"","_EventCost":"","_EventCostDescription":"","_EventCurrencySymbol":"","_EventCurrencyCode":"","_EventCurrencyPosition":"","_EventDateTimeSeparator":"","_EventTimeRangeSeparator":"","_EventOrganizerID":[],"_EventVenueID":[],"_OrganizerEmail":"","_OrganizerPhone":"","_OrganizerWebsite":"","_VenueAddress":"","_VenueCity":"","_VenueCountry":"","_VenueProvince":"","_VenueState":"","_VenueZip":"","_VenuePhone":"","_VenueURL":"","_VenueStateProvince":"","_VenueLat":"","_VenueLng":"","_VenueShowMap":false,"_VenueShowMapLink":false,"twitterCardType":"","cardImageID":0,"cardImage":"","cardTitle":"","cardDesc":"","cardImageAlt":"","cardPlayer":"","cardPlayerWidth":0,"cardPlayerHeight":0,"cardPlayerStream":"","cardPlayerCodec":"","footnotes":""},"categories":[7],"tags":[],"class_list":["post-2130","post","type-post","status-publish","format-standard","hentry","category-recenze"],"acf":{"related_products":null},"_links":{"self":[{"href":"https:\/\/www.luxor.cz\/blog\/wp-json\/wp\/v2\/posts\/2130","targetHints":{"allow":["GET"]}}],"collection":[{"href":"https:\/\/www.luxor.cz\/blog\/wp-json\/wp\/v2\/posts"}],"about":[{"href":"https:\/\/www.luxor.cz\/blog\/wp-json\/wp\/v2\/types\/post"}],"author":[{"embeddable":true,"href":"https:\/\/www.luxor.cz\/blog\/wp-json\/wp\/v2\/users\/2"}],"replies":[{"embeddable":true,"href":"https:\/\/www.luxor.cz\/blog\/wp-json\/wp\/v2\/comments?post=2130"}],"version-history":[{"count":0,"href":"https:\/\/www.luxor.cz\/blog\/wp-json\/wp\/v2\/posts\/2130\/revisions"}],"wp:attachment":[{"href":"https:\/\/www.luxor.cz\/blog\/wp-json\/wp\/v2\/media?parent=2130"}],"wp:term":[{"taxonomy":"category","embeddable":true,"href":"https:\/\/www.luxor.cz\/blog\/wp-json\/wp\/v2\/categories?post=2130"},{"taxonomy":"post_tag","embeddable":true,"href":"https:\/\/www.luxor.cz\/blog\/wp-json\/wp\/v2\/tags?post=2130"}],"curies":[{"name":"wp","href":"https:\/\/api.w.org\/{rel}","templated":true}]}}